{"id":186788,"date":"2025-10-19T08:59:07","date_gmt":"2025-10-19T08:59:07","guid":{"rendered":"https:\/\/www.europesays.com\/es\/186788\/"},"modified":"2025-10-19T08:59:07","modified_gmt":"2025-10-19T08:59:07","slug":"expulsan-de-china-a-un-ciclista-espanol-y-le-prohiben-la-entrada-de-por-vida-por-poner-un-cerdo-junto-a-la-bandera-del-pais","status":"publish","type":"post","link":"https:\/\/www.europesays.com\/es\/186788\/","title":{"rendered":"Expulsan de China a un ciclista espa\u00f1ol y le proh\u00edben la entrada de por vida por poner un cerdo junto a la bandera del pa\u00eds"},"content":{"rendered":"<p style=\"\">Esta semana, la atenci\u00f3n deportiva en Pek\u00edn se centraba en el Tour de Mentougou, una <strong>prueba <\/strong><a href=\"https:\/\/www.abc.es\/deportes\/ciclismo\/aleix-espargaro-abandona-estreno-ciclista-profesional-tras-20250711155033-nt.html\" target=\"_self\" data-voc-vtm-id=\"in-text-traffic\" title=\"ciclista\" data-mrf-link=\"www.abc.es\" rel=\"nofollow noopener\">ciclista<\/a> que recorre los paisajes monta\u00f1osos situados al sur de la capital china. La competici\u00f3n  hab\u00eda comenzado el domingo con un excelente resultado para el conjunto espa\u00f1ol Burgos  &#8230; Burpellet BH, cuyos tres primeros clasificados coparon el podio. Sin embargo, la jornada qued\u00f3 eclipsada por un episodio extradeportivo que acab\u00f3 provocando un aut\u00e9ntico terremoto medi\u00e1tico.<\/p>\n<p class=\"voc-p\" style=\"\">Seg\u00fan publica <a href=\"https:\/\/www.elcorreo.com\/deportes\/ciclismo\/expulsan-ciclista-espanol-carrera-poner-icono-cerdo-20251015100833-nt.html\" target=\"_self\" data-voc-vtm-id=\"in-text-traffic\" title=\"El Correo\" data-mrf-link=\"www.elcorreo.com\" rel=\"nofollow noopener\">El Correo<\/a>, el ciclista espa\u00f1ol <strong>Mario Aparicio<\/strong>, de 25 a\u00f1os y natural de Aranda de Duero, fue <strong>expulsado del pa\u00eds asi\u00e1tico y sancionado con la prohibici\u00f3n de entrada de por vida<\/strong> por un comentario en redes sociales que fue interpretado como una ofensa hacia China. El deportista comparti\u00f3 en su perfil de Strava una imagen con el recorrido de la etapa <strong>acompa\u00f1ada por la bandera nacional china y un emoji con la cabeza de un cerdo<\/strong>. Un gesto que en pocos minutos se viraliz\u00f3 y fue percibido por numerosos usuarios chinos como una burla hacia su pa\u00eds.<\/p>\n<p class=\"voc-p\" style=\"\">El diario estatal The Paper, dependiente del Partido Comunista Chino, fue uno de los primeros en hacerse eco de la noticia. En su publicaci\u00f3n se\u00f1alaba que \u00abun ciclista de ruta espa\u00f1ol public\u00f3 contenido inapropiado en redes sociales, yuxtaponiendo la bandera nacional china con un emoji de una cabeza de cerdo, lo que desat\u00f3 una gran pol\u00e9mica\u00bb. La noticia se multiplic\u00f3 r\u00e1pidamente por diferentes medios locales y portales deportivos, provocando una <strong>avalancha de cr\u00edticas y comentarios<\/strong>.<\/p>\n<p class=\"voc-p\" style=\"\">En cuesti\u00f3n de horas, lo que parec\u00eda un simple malentendido se convirti\u00f3 en un asunto de alcance internacional. La organizaci\u00f3n del Tour de Mentougou decidi\u00f3 actuar con rapidez y, en un comunicado oficial, el comit\u00e9 organizador explic\u00f3 que \u00abla publicaci\u00f3n en sus redes sociales personales constituye un comentario inapropiado que atenta contra el esp\u00edritu deportivo, da\u00f1a la imagen del evento y tiene un impacto social negativo\u00bb. Tras revisar el contenido, que <strong>el propio ciclista elimin\u00f3 posteriormente<\/strong>, los responsables determinaron que \u00absus acciones violaron el reglamento del torneo y el c\u00f3digo de \u00e9tica deportiva\u00bb.<\/p>\n<p class=\"voc-p\" style=\"\">Esa resoluci\u00f3n implic\u00f3 la <strong>expulsi\u00f3n inmediata del deportista<\/strong>, adem\u00e1s de la notificaci\u00f3n de que <strong>no podr\u00e1 volver a competir ni entrar en territorio chino<\/strong>. En redes sociales como Weibo, el equivalente asi\u00e1tico de X, se acumularon miles de comentarios exigiendo una disculpa formal: \u00abPedimos una disculpa p\u00fablica por sus insultos hacia China\u00bb, dec\u00eda uno de los mensajes m\u00e1s compartidos por los internautas.<\/p>\n<p>\n\u00abUna coincidencia desafortunada\u00bb\n<\/p>\n<p class=\"voc-p\" style=\"\">Por otro lado, el Burgos Burpellet BH, ofreci\u00f3 una versi\u00f3n de los hechos muy distinta. En declaraciones recogidas por El Mundo, <strong>el equipo defendi\u00f3 al corredor y sostuvo que todo se trat\u00f3 de una broma interna<\/strong> que fue malinterpretada. \u00abMario public\u00f3 el emoji del cerdo como una broma hacia el compa\u00f1ero que hab\u00eda ganado la etapa, sin ninguna connotaci\u00f3n negativa ni relaci\u00f3n con el pueblo chino. Solo una coincidencia desafortunada\u00bb, explicaron desde la formaci\u00f3n.<\/p>\n<p class=\"voc-p\" style=\"\">Seg\u00fan relataron, tras la publicaci\u00f3n comenzaron a aparecer cientos de mensajes en su perfil de Strava y en plataformas chinas, muchos de ellos con<strong> insultos y amenazas<\/strong>. \u00abDespu\u00e9s de eso, los organizadores de la carrera y el jurado decidieron descalificar al ciclista. Hemos hablado con ellos para explicarles lo que pas\u00f3 y aclarar que no hab\u00eda ninguna intenci\u00f3n ofensiva hacia China en el mensaje y que solo fue una desafortunada coincidencia\u00bb, a\u00f1adieron fuentes del equipo.<\/p>\n<p class=\"voc-p\" style=\"\">El <a href=\"https:\/\/www.abc.es\/deportes\/ciclismo\/ciclista-israel-podio-vuelta-20250915201130-nt.html\" target=\"_self\" data-voc-vtm-id=\"in-text-traffic\" title=\"ciclista\" data-mrf-link=\"www.abc.es\" rel=\"nofollow noopener\">ciclista<\/a>, que hab\u00eda finalizado en s\u00e9ptima posici\u00f3n en la primera etapa, <strong>abandon\u00f3 China de inmediato tras conocerse la sanci\u00f3n<\/strong>. Por su parte, el Burgos Burpellet comunic\u00f3 que el incidente \u00abse ha resuelto\u00bb y que<strong> el resto de sus corredores ha podido continuar la competici\u00f3n sin incidentes<\/strong>. <\/p>\n","protected":false},"excerpt":{"rendered":"Esta semana, la atenci\u00f3n deportiva en Pek\u00edn se centraba en el Tour de Mentougou, una prueba ciclista que&hellip;\n","protected":false},"author":2,"featured_media":186789,"comment_status":"","ping_status":"","sticky":false,"template":"","format":"standard","meta":{"footnotes":""},"categories":[273],"tags":[13281,31837,1615,313,1757,312,168,5089,25,24,1489,32444,2326,698,1352,16217,23,167,2606],"class_list":{"0":"post-186788","1":"post","2":"type-post","3":"status-publish","4":"format-standard","5":"has-post-thumbnail","7":"category-ciclismo","8":"tag-bandera","9":"tag-cerdo","10":"tag-china","11":"tag-ciclismo","12":"tag-ciclista","13":"tag-cycling","14":"tag-deportes","15":"tag-entrada","16":"tag-es","17":"tag-espana","18":"tag-espanol","19":"tag-expulsan","20":"tag-junto","21":"tag-pais","22":"tag-poner","23":"tag-prohiben","24":"tag-spain","25":"tag-sports","26":"tag-vida"},"share_on_mastodon":{"url":"","error":""},"_links":{"self":[{"href":"https:\/\/www.europesays.com\/es\/wp-json\/wp\/v2\/posts\/186788","targetHints":{"allow":["GET"]}}],"collection":[{"href":"https:\/\/www.europesays.com\/es\/wp-json\/wp\/v2\/posts"}],"about":[{"href":"https:\/\/www.europesays.com\/es\/wp-json\/wp\/v2\/types\/post"}],"author":[{"embeddable":true,"href":"https:\/\/www.europesays.com\/es\/wp-json\/wp\/v2\/users\/2"}],"replies":[{"embeddable":true,"href":"https:\/\/www.europesays.com\/es\/wp-json\/wp\/v2\/comments?post=186788"}],"version-history":[{"count":0,"href":"https:\/\/www.europesays.com\/es\/wp-json\/wp\/v2\/posts\/186788\/revisions"}],"wp:featuredmedia":[{"embeddable":true,"href":"https:\/\/www.europesays.com\/es\/wp-json\/wp\/v2\/media\/186789"}],"wp:attachment":[{"href":"https:\/\/www.europesays.com\/es\/wp-json\/wp\/v2\/media?parent=186788"}],"wp:term":[{"taxonomy":"category","embeddable":true,"href":"https:\/\/www.europesays.com\/es\/wp-json\/wp\/v2\/categories?post=186788"},{"taxonomy":"post_tag","embeddable":true,"href":"https:\/\/www.europesays.com\/es\/wp-json\/wp\/v2\/tags?post=186788"}],"curies":[{"name":"wp","href":"https:\/\/api.w.org\/{rel}","templated":true}]}}