{"id":186790,"date":"2025-10-19T09:01:11","date_gmt":"2025-10-19T09:01:11","guid":{"rendered":"https:\/\/www.europesays.com\/es\/186790\/"},"modified":"2025-10-19T09:01:11","modified_gmt":"2025-10-19T09:01:11","slug":"jonathan-garcia-un-corazon-salvado-por-el-baloncesto","status":"publish","type":"post","link":"https:\/\/www.europesays.com\/es\/186790\/","title":{"rendered":"Jonathan Garc\u00eda: un coraz\u00f3n salvado por el baloncesto"},"content":{"rendered":"<p><a class=\"v-mdl-ath__fig-a\" href=\"https:\/\/www.diariosur.es\/autor\/juan-calderon-596.html\" title=\"Juan Calder\u00f3n\" rel=\"nofollow noopener\" target=\"_blank\"><br \/>\n<img decoding=\"async\" class=\"v-mdl-ath__img\" src=\"https:\/\/www.europesays.com\/es\/wp-content\/uploads\/2025\/07\/autor-596-foto-1.jpeg\" alt=\"Juan Calder\u00f3n\"\/><br \/>\n<\/a><\/p>\n<p class=\"v-mdl-ath__p v-mdl-ath__p--6\">\nDomingo, 19 de octubre 2025, 00:35<\/p>\n<p class=\"v-p\">La vida le dio una segunda oportunidad a Jonathan Garc\u00eda el d\u00eda que se someti\u00f3 a un control m\u00e9dico antes de comenzar una nueva temporada como \u00e1rbitro. Exjugador, gran deportista y muy malaguista, pensaba que ser\u00eda algo rutinario, pero las cosas no fueron como esperaba. En ese momento saltaron todas las alarmas y posiblemente aquellas pruebas le salvaron de la muerte. Dos a\u00f1os despu\u00e9s y tras dos operaciones de coraz\u00f3n, este fuengirole\u00f1o de 30 a\u00f1os volvi\u00f3 la semana pasada a dirigir un partido de Tercera FEB. Atr\u00e1s quedaba la etapa m\u00e1s compleja de su vida, una dif\u00edcil recuperaci\u00f3n en la que tuvo que aprender a respirar y en la que incluso lleg\u00f3 a despedirse de sus seres queridos. Ese impacto f\u00edsico y emocional que vivi\u00f3 le cambi\u00f3 perspectiva de la vida. \u00abUno de mis retos era volver a arbitrar. He visto la muerte muy cerca. Me siento afortunado de estar rodeado de la gente que tengo al lado. Tengo una visi\u00f3n diferente de la vida, trato de re\u00edr m\u00e1s y trato de querer m\u00e1s\u00bb, explicaba emocionado durante el encuentro de SUR. <\/p>\n<p class=\"v-p\">La patolog\u00eda que ten\u00eda Jonathan Garc\u00eda era muy particular. Una de las v\u00e1lvulas de su coraz\u00f3n era bic\u00faspide, con dos salidas, por lo que le faltaba una. Es algo frecuente y muchas personas pueden tenerla sin darse cuenta, pero en determinados casos de riesgo elevado se aconseja la operaci\u00f3n, que en su caso fueron dos. Aquel diagn\u00f3stico fue en 2022, pero tras un seguimiento, los m\u00e9dicos que lo trataban optaron por la intervenci\u00f3n. <\/p>\n<p class=\"v-p\">\u00abEl a\u00f1o pasado me confirmaron que la insuficiencia hab\u00eda crecido. La v\u00e1lvula, al funcionar mal lo que hac\u00eda es que segregaba sangre hacia el interior del ventr\u00edculo y este se me inflamaba. Llega un momento en el que la operaci\u00f3n es la \u00fanica salida, porque no puedes hacer una vida normal. El baloncesto, por medio de la Federaci\u00f3n Andaluza te abre unas puertas gigantes. Sab\u00eda que me tendr\u00eda que operar, pero nunca se sabe que el futuro va a ser tan cercano\u00bb, explica sobre el proceso que ha seguido.<\/p>\n<p><img decoding=\"async\" loading=\"lazy\" src=\"https:\/\/www.europesays.com\/es\/wp-content\/uploads\/2025\/10\/arbitro-baloncesto-2-U55700064077JOa-748x524@Diario Sur.jpeg\" class=\"v-a-img\" width=\"748\" height=\"524\" alt=\"Jonathan Garc\u00eda, durante su partido de regreso a las pistas.\" data-voc-vtm-id=\"in-text-traffic\"\/><\/p>\n<p>Jonathan Garc\u00eda, durante su partido de regreso a las pistas.<\/p>\n<p>SUR<\/p>\n<p><img loading=\"lazy\" decoding=\"async\" src=\"https:\/\/www.europesays.com\/es\/wp-content\/uploads\/2025\/10\/arbitro-baloncesto-2-U55700064077JOa-748x524@Diario Sur.jpeg\" class=\"v-mdl__img-z\" width=\"748\" height=\"524\" alt=\"\"\/><\/p>\n<p class=\"v-p\">El momento m\u00e1s complejo es cuando ese futuro del que hablaba se convirti\u00f3 en presente. Aquella conversaci\u00f3n con el cirujano y los l\u00f3gicos miedos de entrar en un quir\u00f3fano para una intervenci\u00f3n compleja se le han quedado gravados. Y es que l protocolo que se sigue es duro, pues hay que romper el estern\u00f3n, un hueso que protege \u00f3rganos vitales, pero que tambi\u00e9n es el punto de anclaje para los m\u00fasculos respiratorios y del movimiento de los brazos. Todo lleg\u00f3 de golpe. \u00abVes la posibilidad de la muerte. La suerte es que entr\u00e9 en lista de espera y en noviembre del a\u00f1o pasado me operaron. El 7 fue la primera intervenci\u00f3n y el 14, la segunda. Te rompen el estern\u00f3n y la recuperaci\u00f3n es b\u00e1sicamente de eso m\u00e1s que de la intervenci\u00f3n del coraz\u00f3n. La v\u00e1lvula cuando se cambia, funciona perfecta. El problema es el hueso. La recuperaci\u00f3n del estern\u00f3n es dura, porque no sabes respirar. Tus pulmones tienen que aprender a hacerlo otra vez. Andaba diez metros y me cansaba. Iba a la farmacia y me ten\u00eda que sentar en un banco. Me pas\u00e9 varios meses como una persona de setenta a\u00f1os. Los m\u00e9dicos te lo dicen, pero otra cosa es vivirlo\u00bb, cuenta durante la charla que tuvo lugar en la sede de SUR. A Jonathan lo operaron dos veces porque uno de los puntos que sujetaba la v\u00e1lvula que le colocaron se hab\u00eda soltado. Dos operaciones en menos de una semana. Esto estaba totalmente fuera de gui\u00f3n previsto, pero esto no fren\u00f3 sus ganas de volver al deporte y, especialmente a arbitrar partidos de baloncesto. \u00abSiempre he sido un friki del deporte. He jugado toda mi vida al baloncesto y lo dej\u00e9 con 18 a\u00f1os por una tendinitis en la rodilla, f\u00edjate, nada con lo que he tenido ahora. Me met\u00ed en el arbitraje por casualidad. Ahora con 30 a\u00f1os me encanta el deporte. Me encanta el M\u00e1laga, el crossfit\u2026 En lo \u00fanico que pensaba era en volver a hacer deporte y el baloncesto es una parte de m\u00ed. No quer\u00eda dejar el baloncesto por nada del mundo\u00bb. Y el ansiado momento del regreso lleg\u00f3 el pasado 6 de octubre, 541 d\u00edas despu\u00e9s de haber tenido que parar. Jonathan dirigi\u00f3 el partido de Tercera FEB entre el Salliver Fuengirola y el Novaschool. Hab\u00eda pedido ese partido para poder volver en su pueblo y delante de su familia. La Federaci\u00f3n Andaluza y el Ayuntamiento de Fuengirola reconocieron su af\u00e1n de superaci\u00f3n con un bonito homenaje. Fue la prueba de fuego emocional.<\/p>\n<p>\n\u00abHe visto la muerte muy cerca. Ahora tengo una visi\u00f3n diferente de la vida, trato de re\u00edr m\u00e1s y trato de querer m\u00e1s\u00bb\n<\/p>\n<p class=\"v-p\">\u00abMe aguant\u00f3 el coraz\u00f3n, pero no pude aguantar las l\u00e1grimas. Volver a arbitrar ha sido una experiencia muy bonita. A veces es ingrato porque hay momentos dif\u00edciles. Tienes que saber mantener la compostura y saber que est\u00e1s en un partido, que tienes que aceptar las cr\u00edticas. Intentamos ense\u00f1ar a los novatos que la gente es libre de opinar lo que quiera, tenga o no tenga raz\u00f3n. Es satisfactorio si te gusta el baloncesto. El arbitraje hace que veas el baloncesto desde el mejor punto de vista, como es estar ah\u00ed con los jugadores en la pista. Es algo que s\u00f3lo nosotros tenemos la oportunidad de disfrutar\u00bb, explica con ilusiones renovadas este malague\u00f1o al que el baloncesto se puede decir que le ha salvado la vida.<\/p>\n<p>Reporta un error<\/p>\n<p class=\"v-crt__t\"> L\u00edmite de sesiones alcanzadas<\/p>\n<p class=\"v-crt__p\">El acceso al contenido Premium est\u00e1 abierto por cortes\u00eda del establecimiento donde te encuentras, pero ahora mismo hay demasiados usuarios conectados a las vez.<\/p>\n<p class=\"v-crt__p\">Por favor, int\u00e9ntalo pasados unos minutos.<\/p>\n<p>\nVolver a intentar\n<\/p>\n<p class=\"v-crt__t\">Sesi\u00f3n cerrada<\/p>\n<p class=\"v-crt__p\">Al iniciar sesi\u00f3n desde un dispositivo distinto, por seguridad, se cerr\u00f3 la \u00faltima sesi\u00f3n en este.<\/p>\n<p class=\"v-crt__p\">Para continuar disfrutando de su suscripci\u00f3n digital, inicie sesi\u00f3n en este dispositivo.<\/p>\n<p>\nEste contenido es exclusivo para suscriptores\n<\/p>\n<p class=\"text\">\u00bfTienes una suscripci\u00f3n? <a href=\"https:\/\/secure.diariosur.es\/identidad\/inicio#vca=suscribete&amp;vso=diariosur&amp;vmc=on&amp;vli=cdn-ce-link-login\" class=\"login\" data-voc-vtm-id=\"comienzoSuscripcionON\" data-voc-vtm-info=\"cdn-ce-link-login\" rel=\"nofollow noopener\" target=\"_blank\">Inicia sesi\u00f3n<\/a><\/p>\n","protected":false},"excerpt":{"rendered":"Domingo, 19 de octubre 2025, 00:35 La vida le dio una segunda oportunidad a Jonathan Garc\u00eda el d\u00eda&hellip;\n","protected":false},"author":2,"featured_media":186791,"comment_status":"","ping_status":"","sticky":false,"template":"","format":"standard","meta":{"footnotes":""},"categories":[269],"tags":[299,298,4835,168,25,24,3142,13573,52526,23,167],"class_list":{"0":"post-186790","1":"post","2":"type-post","3":"status-publish","4":"format-standard","5":"has-post-thumbnail","7":"category-baloncesto","8":"tag-baloncesto","9":"tag-basketball","10":"tag-corazon","11":"tag-deportes","12":"tag-es","13":"tag-espana","14":"tag-garcia","15":"tag-jonathan","16":"tag-salvado","17":"tag-spain","18":"tag-sports"},"share_on_mastodon":{"url":"","error":""},"_links":{"self":[{"href":"https:\/\/www.europesays.com\/es\/wp-json\/wp\/v2\/posts\/186790","targetHints":{"allow":["GET"]}}],"collection":[{"href":"https:\/\/www.europesays.com\/es\/wp-json\/wp\/v2\/posts"}],"about":[{"href":"https:\/\/www.europesays.com\/es\/wp-json\/wp\/v2\/types\/post"}],"author":[{"embeddable":true,"href":"https:\/\/www.europesays.com\/es\/wp-json\/wp\/v2\/users\/2"}],"replies":[{"embeddable":true,"href":"https:\/\/www.europesays.com\/es\/wp-json\/wp\/v2\/comments?post=186790"}],"version-history":[{"count":0,"href":"https:\/\/www.europesays.com\/es\/wp-json\/wp\/v2\/posts\/186790\/revisions"}],"wp:featuredmedia":[{"embeddable":true,"href":"https:\/\/www.europesays.com\/es\/wp-json\/wp\/v2\/media\/186791"}],"wp:attachment":[{"href":"https:\/\/www.europesays.com\/es\/wp-json\/wp\/v2\/media?parent=186790"}],"wp:term":[{"taxonomy":"category","embeddable":true,"href":"https:\/\/www.europesays.com\/es\/wp-json\/wp\/v2\/categories?post=186790"},{"taxonomy":"post_tag","embeddable":true,"href":"https:\/\/www.europesays.com\/es\/wp-json\/wp\/v2\/tags?post=186790"}],"curies":[{"name":"wp","href":"https:\/\/api.w.org\/{rel}","templated":true}]}}