{"id":186821,"date":"2025-10-19T09:19:07","date_gmt":"2025-10-19T09:19:07","guid":{"rendered":"https:\/\/www.europesays.com\/es\/186821\/"},"modified":"2025-10-19T09:19:07","modified_gmt":"2025-10-19T09:19:07","slug":"quienquiera-que-sea-el-proximo-lo-saludaremos-con-carino","status":"publish","type":"post","link":"https:\/\/www.europesays.com\/es\/186821\/","title":{"rendered":"\u00abQuienquiera que sea el pr\u00f3ximo, lo saludaremos con cari\u00f1o\u00bb"},"content":{"rendered":"<p class=\"voc-p\" style=\"\">La recta final del calendario de la UFC en 2025 ya est\u00e1 trazada. Por delante <strong>habr\u00e1 seis combates por el t\u00edtulo mundial<\/strong>, en los que en ninguno de ellos estar\u00e1 implicado el campe\u00f3n de peso ligero de la UFC,<strong> Ilia Topuria<\/strong>. Esto  &#8230; sigue una l\u00f3gica y es que la promotora estadounidense ha firmado un contrato milmillonario de televisi\u00f3n con Paramount, un acuerdo que comenzar\u00e1 en enero de 2026. Y para estrenarlo, <a href=\"https:\/\/www.abc.es\/deportes\/mma\/dana-white-activa-plan-topuria-estrenar-contrato-20251015134143-nt.html\" target=\"_self\" data-voc-vtm-id=\"in-text-traffic\" title=\"en sus primeros eventos numerados\" rel=\"nofollow noopener\">en sus primeros eventos numerados<\/a>, la plataforma pedir\u00e1 que la UFC ponga a algunas de sus mayores estrellas.<\/p>\n<p class=\"voc-p\" style=\"\">Es ah\u00ed donde entra en la conversaciones Ilia Topuria, quien lleva desde el pasado mes de junio sin pelear. No es algo extra\u00f1o, pues el hispanogeorgiano mantiene una estrategia de hacer a estas alturas pocos combates pero que <a href=\"https:\/\/www.abc.es\/deportes\/mma\/posible-camino-ilia-topuria-pelear-casa-blanca-20251017030606-nt.html\" target=\"_self\" data-voc-vtm-id=\"in-text-traffic\" title=\"sean del mayor impacto y r\u00e9dito econ\u00f3mico posible\" rel=\"nofollow noopener\">sean del mayor impacto y r\u00e9dito econ\u00f3mico posible<\/a>. Es sabido tambi\u00e9n que la UFC planea establecer la primera defensa del cintur\u00f3n de Topuria en el citado mes de enero, para lo que todav\u00eda faltan varias negociaciones por realizar.<\/p>\n<p class=\"voc-p\" style=\"\">As\u00ed, durante su estancia en Georgia, El Matador ha sido preguntado acerca de su pr\u00f3ximo rumbo dentro de la mayor liga de artes marciales mixtas del mundo. Y se ha mostrado tajante al respecto. <strong>\u00abA\u00fan no tenemos nada planeado oficialmente, pero a quienquiera que sea [el pr\u00f3ximo oponente], lo saludaremos con cari\u00f1o\u00bb<\/strong>, ha dicho, en declaraciones que recoge &#8216;Tavisupleba&#8217;. <\/p>\n<p class=\"voc-p\" style=\"\">Lo cierto es que todav\u00eda no hay un pleito en firme para el hispanogeorgiano, aunque la organizaci\u00f3n va a tratar de cerrar su participaci\u00f3n en el primer evento numerado del a\u00f1o,<a href=\"https:\/\/www.abc.es\/deportes\/mma\/dana-white-activa-plan-topuria-estrenar-contrato-20251015134143-nt.html\" target=\"_self\" data-voc-vtm-id=\"in-text-traffic\" title=\" que se celebrar\u00e1 en Los \u00c1ngeles\" rel=\"nofollow noopener\"> que se celebrar\u00e1 en Los \u00c1ngeles<\/a>, lugar donde Paramount tiene establecida su sede. En lo que respecta al posible rival al que Topuria \u00absaludar\u00eda con cari\u00f1o\u00bb, todo apunta a que el ingl\u00e9s Paddy Pimblett habr\u00eda ganado la carrera en la disputa por el t\u00edtulo frente al estadounidense Justin Gaethje. Las pr\u00f3ximas semanas ser\u00e1n determinantes. <\/p>\n<p>\nArt\u00edculo solo para suscriptores\n<\/p>\n<p>Reportar un error<\/p>\n","protected":false},"excerpt":{"rendered":"La recta final del calendario de la UFC en 2025 ya est\u00e1 trazada. Por delante habr\u00e1 seis combates&hellip;\n","protected":false},"author":2,"featured_media":186822,"comment_status":"","ping_status":"","sticky":false,"template":"","format":"standard","meta":{"footnotes":""},"categories":[276],"tags":[3967,18841,168,25,24,347,14395,3444,52528,52529,23,167,348,343],"class_list":{"0":"post-186821","1":"post","2":"type-post","3":"status-publish","4":"format-standard","5":"has-post-thumbnail","7":"category-ufc","8":"tag-calienta","9":"tag-carino","10":"tag-deportes","11":"tag-es","12":"tag-espana","13":"tag-ilia","14":"tag-motores","15":"tag-proximo","16":"tag-quienquiera","17":"tag-saludaremos","18":"tag-spain","19":"tag-sports","20":"tag-topuria","21":"tag-ufc"},"share_on_mastodon":{"url":"","error":""},"_links":{"self":[{"href":"https:\/\/www.europesays.com\/es\/wp-json\/wp\/v2\/posts\/186821","targetHints":{"allow":["GET"]}}],"collection":[{"href":"https:\/\/www.europesays.com\/es\/wp-json\/wp\/v2\/posts"}],"about":[{"href":"https:\/\/www.europesays.com\/es\/wp-json\/wp\/v2\/types\/post"}],"author":[{"embeddable":true,"href":"https:\/\/www.europesays.com\/es\/wp-json\/wp\/v2\/users\/2"}],"replies":[{"embeddable":true,"href":"https:\/\/www.europesays.com\/es\/wp-json\/wp\/v2\/comments?post=186821"}],"version-history":[{"count":0,"href":"https:\/\/www.europesays.com\/es\/wp-json\/wp\/v2\/posts\/186821\/revisions"}],"wp:featuredmedia":[{"embeddable":true,"href":"https:\/\/www.europesays.com\/es\/wp-json\/wp\/v2\/media\/186822"}],"wp:attachment":[{"href":"https:\/\/www.europesays.com\/es\/wp-json\/wp\/v2\/media?parent=186821"}],"wp:term":[{"taxonomy":"category","embeddable":true,"href":"https:\/\/www.europesays.com\/es\/wp-json\/wp\/v2\/categories?post=186821"},{"taxonomy":"post_tag","embeddable":true,"href":"https:\/\/www.europesays.com\/es\/wp-json\/wp\/v2\/tags?post=186821"}],"curies":[{"name":"wp","href":"https:\/\/api.w.org\/{rel}","templated":true}]}}