{"id":186827,"date":"2025-10-19T09:23:09","date_gmt":"2025-10-19T09:23:09","guid":{"rendered":"https:\/\/www.europesays.com\/es\/186827\/"},"modified":"2025-10-19T09:23:09","modified_gmt":"2025-10-19T09:23:09","slug":"oficial-los-williams-de-sainz-y-albon-descalificados","status":"publish","type":"post","link":"https:\/\/www.europesays.com\/es\/186827\/","title":{"rendered":"Oficial: Los Williams de Sainz y Albon, descalificados"},"content":{"rendered":"<p class=\"ft-text\"><strong>Williams ha sufrido una doble descalificaci\u00f3n tras la &#8216;qualy&#8217; del Gran Premio de Singapur.<\/strong> El delegado t\u00e9cnico de la FIA ha detectado infracciones t\u00e9cnicas en los monoplazas de Alex Albon y Carlos Sainz y as\u00ed lo ha reportado en su informe, por lo que ambos pilotos han sido sancionados y partir\u00e1n al fondo de la parrilla.<\/p>\n<p class=\"ft-text\"><strong>Albon , que ha ca\u00eddo eliminado em Q2 al igual que Carlos Sainz, <\/strong>se hab\u00eda situado 12\u00ba en parrilla, justo por delante del espa\u00f1ol, antes de que sus FW47 tuviesen problemas en las verificaciones t\u00e9cnicas posteriores a la sesi\u00f3n.<\/p>\n<p class=\"ft-text\">En el informe de la FIA se ha se\u00f1alado que los monoplazas superaban el l\u00edmite m\u00e1ximo permitido, de 85 mm, a ambos lados de la zona exterior del aler\u00f3n trasero.La infracci\u00f3n del DRS deja a Williams fuera del reglamento t\u00e9cnico, lo que conlleva una descalificaci\u00f3n, y ambos pilotos <strong>saldr\u00e1n ahora 19.\u00ba y 20.\u00ba respectivamente, como se ha hecho ya oficial.<\/strong><\/p>\n<p class=\"ft-text\"><strong>El informe firmado por Jo Bauer dice que<\/strong> \u00abel ajuste de las posiciones del elemento superior del aler\u00f3n trasero fue verificado en los coches n\u00famero 23 y 55. Ambos coches excedieron el l\u00edmite m\u00e1ximo de 85 mm en ambos lados del \u00e1rea exterior del aler\u00f3n trasero. Como esto no cumple con el Art\u00edculo 3.10.10 g. del Reglamento T\u00e9cnico, remito este asunto a los comisarios para su confirmaci\u00f3n\u00bb.<\/p>\n<p class=\"ft-text\">Hace unos minutos, la FIA ha hecho oficial la descalificaci\u00f3n:<\/p>\n<p class=\"ft-text\">El equipo Williams ha lamentado lo ocurrido en un comunicado difundido tras conocer la decisi\u00f3n de la FIA. El jefe de la es escuder\u00eda James Vowles ha explicado que \u00abdurante la inspecci\u00f3n de la FIA tras la clasificaci\u00f3n, los alerones traseros de ambos coches no superaron las comprobaciones del DRS. Como resultado, Alex y Carlos han sido descalificados de la clasificaci\u00f3n para el GP de Singapur.\u00a0<strong>Esto es muy decepcionante para el equipo y estamos investigando urgentemente c\u00f3mo ha sucedido. En ning\u00fan momento busc\u00e1bamos obtener ventaja en rendimiento y los alerones hab\u00edan pasado nuestras propias verificaciones antes de la sesi\u00f3n<\/strong>, pero solo hay una medici\u00f3n que importa y aceptamos plenamente la decisi\u00f3n de la FIA. Tenemos un coche capaz de puntuar este fin de semana y haremos todo lo posible para luchar desde el fondo de la parrilla ma\u00f1ana, y revisaremos inmediatamente nuestros procesos para que esto no vuelva a ocurrir\u00bb.<\/p>\n","protected":false},"excerpt":{"rendered":"Williams ha sufrido una doble descalificaci\u00f3n tras la &#8216;qualy&#8217; del Gran Premio de Singapur. El delegado t\u00e9cnico de&hellip;\n","protected":false},"author":2,"featured_media":186828,"comment_status":"","ping_status":"","sticky":false,"template":"","format":"standard","meta":{"footnotes":""},"categories":[270],"tags":[52530,4162,4616,168,52531,52532,25,24,306,271,272,3731,1748,23,167,308],"class_list":{"0":"post-186827","1":"post","2":"type-post","3":"status-publish","4":"format-standard","5":"has-post-thumbnail","7":"category-formula-1","8":"tag-albon","9":"tag-apertura","10":"tag-clasificacion","11":"tag-deportes","12":"tag-descalificados","13":"tag-drs","14":"tag-es","15":"tag-espana","16":"tag-f1","17":"tag-formula-1","18":"tag-formula1","19":"tag-sainz","20":"tag-singapur","21":"tag-spain","22":"tag-sports","23":"tag-williams"},"share_on_mastodon":{"url":"","error":""},"_links":{"self":[{"href":"https:\/\/www.europesays.com\/es\/wp-json\/wp\/v2\/posts\/186827","targetHints":{"allow":["GET"]}}],"collection":[{"href":"https:\/\/www.europesays.com\/es\/wp-json\/wp\/v2\/posts"}],"about":[{"href":"https:\/\/www.europesays.com\/es\/wp-json\/wp\/v2\/types\/post"}],"author":[{"embeddable":true,"href":"https:\/\/www.europesays.com\/es\/wp-json\/wp\/v2\/users\/2"}],"replies":[{"embeddable":true,"href":"https:\/\/www.europesays.com\/es\/wp-json\/wp\/v2\/comments?post=186827"}],"version-history":[{"count":0,"href":"https:\/\/www.europesays.com\/es\/wp-json\/wp\/v2\/posts\/186827\/revisions"}],"wp:featuredmedia":[{"embeddable":true,"href":"https:\/\/www.europesays.com\/es\/wp-json\/wp\/v2\/media\/186828"}],"wp:attachment":[{"href":"https:\/\/www.europesays.com\/es\/wp-json\/wp\/v2\/media?parent=186827"}],"wp:term":[{"taxonomy":"category","embeddable":true,"href":"https:\/\/www.europesays.com\/es\/wp-json\/wp\/v2\/categories?post=186827"},{"taxonomy":"post_tag","embeddable":true,"href":"https:\/\/www.europesays.com\/es\/wp-json\/wp\/v2\/tags?post=186827"}],"curies":[{"name":"wp","href":"https:\/\/api.w.org\/{rel}","templated":true}]}}