{"id":186836,"date":"2025-10-19T09:28:11","date_gmt":"2025-10-19T09:28:11","guid":{"rendered":"https:\/\/www.europesays.com\/es\/186836\/"},"modified":"2025-10-19T09:28:11","modified_gmt":"2025-10-19T09:28:11","slug":"isabel-allende-saca-su-segundo-libro-infantil-inspirado-en-su-hijo-en-un-dia-de-halloween","status":"publish","type":"post","link":"https:\/\/www.europesays.com\/es\/186836\/","title":{"rendered":"Isabel Allende saca su segundo libro infantil inspirado en su hijo en un d\u00eda de Halloween"},"content":{"rendered":"<p data-gtm-element-container=\"modulo-texto-link\" class=\"paragraph\">Madrid, 19 oct (EFE).- El segundo libro infantil de Isabel Allende, &#8216;Perla y la pirata&#8217;, ilustrado por Sandy Rodr\u00edguez y en las librer\u00edas desde este oto\u00f1o, se le ocurri\u00f3 un d\u00eda de Halloween y est\u00e1 inspirado en su hijo Nico, que \u201cun d\u00eda se perdi\u00f3 cuando era chico y nos dio un susto tremendo\u201d, pero la protagonista indiscutible y quien narra la historia es la perrita Perla.<\/p>\n<p data-gtm-element-container=\"modulo-texto-link\" class=\"paragraph\">En una entrevista con EFE, Allende explica que la idea del vecino de enfrente de Nico y Perla, el adolescente que llega un d\u00eda con el s\u00edmbolo pirata marcado en la camiseta, la vespa y el estuche de su guitarra, le sobrevino un 31 de octubre, festividad de Halloween, cuando tres ni\u00f1os de su calle se disfrazaron de corsarios.<\/p>\n<p data-gtm-element-container=\"modulo-texto-link\" class=\"paragraph\">Una de las originalidades de libro, editado por Penguin Kid, es que se cuenta desde el punto de vista de la perrita, enfadada porque los humanos, dice, \u201cdeber\u00edan aprender &#8216;guau&#8217; el idioma de los perros, y &#8216;miau&#8217;, el de los gatos\u201d.<\/p>\n<p data-gtm-element-container=\"modulo-texto-link\" class=\"paragraph\">Allende \u201ctraduce\u201d un cuento escrito en &#8216;guau&#8217;<\/p>\n<p data-gtm-element-container=\"modulo-texto-link\" class=\"paragraph\">Y por ese desconocimiento de la lengua de la perrita, Allende escribe una breve introducci\u00f3n al inicio del libro, donde revela que como ella habla &#8216;guau&#8217; puede traducir al espa\u00f1ol la nueva aventura de Perla y escribirla, ya que las patas de la perrita \u201cno est\u00e1n hechas para el teclado\u201d.<\/p>\n<p data-gtm-element-container=\"modulo-texto-link\" class=\"paragraph\">Allende explica que conoci\u00f3 el universo de Perla cuando la perrita, un d\u00eda en el parque, la convid\u00f3 a tomar t\u00e9 en su casa, donde conoci\u00f3 a Nico, a Lucy, a la gata, al pirata y al mago que estaba de visita.<\/p>\n<p data-gtm-element-container=\"modulo-texto-link\" class=\"paragraph\">\u201cEsta aventura les pas\u00f3 a Nico y a Perla de verdad\u201d afirma Allende, que quiere que sus peque\u00f1os lectores \u201ccomprendan que jam\u00e1s ser\u00e1n abandonados, y que no se les ocurra aventurarse solos\u201d.<\/p>\n<p data-gtm-element-container=\"modulo-texto-link\" class=\"paragraph\">Como explica la autora, con este cuento revive un suceso similar ocurrido en la infancia de su hijo.<\/p>\n<p data-gtm-element-container=\"modulo-texto-link\" class=\"paragraph\">El tercer libro, &#8216;Perla y la princesa&#8217;, para 2026<\/p>\n<p data-gtm-element-container=\"modulo-texto-link\" class=\"paragraph\">El texto sigue la historia de la perrita y Nico, personajes principales ya del primer \u00e1lbum infantil de Allende (&#8216;Perla, la s\u00faper perrita&#8217;) que promete seguir creciendo con un tercer libro de la serie para 2026: &#8216;Perla y la Princesa&#8217;.<\/p>\n<p data-gtm-element-container=\"modulo-texto-link\" class=\"paragraph\">Allende comenta que su perrita Perla es \u201cexacta\u201d a las del libro: \u201cUn terrier adoptado de un refugio, chica, negra, alegre y atrevida\u201d.<\/p>\n<p data-gtm-element-container=\"modulo-texto-link\" class=\"paragraph\">\u201cHe tenido muchas mascotas en mi larga vida, pero ninguna tan divertida como Perla\u201d.<\/p>\n<p data-gtm-element-container=\"modulo-texto-link\" class=\"paragraph\">En este \u00e1lbum infantil, Allende relata las aventuras de Nico, un d\u00eda que cansado de esperar a su madre, que se retrasa al ir a buscarle al colegio, toma la \u201cmala idea\u201d de volver andando a casa solo.<\/p>\n<p data-gtm-element-container=\"modulo-texto-link\" class=\"paragraph\">Y ah\u00ed entra el juego la perrita, el pirata y su vespa, y un calcet\u00edn de Nico que sirve para rastrear su olor.<\/p>\n<p data-gtm-element-container=\"modulo-texto-link\" class=\"paragraph\">El empuje para escribir infantil vino de una ni\u00f1a, Camila<\/p>\n<p data-gtm-element-container=\"modulo-texto-link\" class=\"paragraph\">Allende comenta que su incursi\u00f3n en la literatura infantil viene de su agente Johanna Castillo, que le sugiri\u00f3 que escribiera para ni\u00f1os peque\u00f1os cuando le coment\u00f3 que Camila, la nieta de una amiga, iba a verla todas las semanas para rebuscar entre su pila de libros infantiles.<\/p>\n<p data-gtm-element-container=\"modulo-texto-link\" class=\"paragraph\">\u201cCamila viene a verme dos veces por semana desde que cumpli\u00f3 un a\u00f1o, ahora tiene cinco. Entra en mi casa y va directamente a la pila de libros infantiles, sabe varios de memoria y tambi\u00e9n me pide que le invente cuentos\u201d.<\/p>\n<p data-gtm-element-container=\"modulo-texto-link\" class=\"paragraph\">Allende reconoce que se divirti\u00f3 tanto con el primero que pens\u00f3 en hacer una serie, as\u00ed que el tercer libro infantil llegar\u00e1 en 2026 \u201cy habr\u00e1 otros m\u00e1s en el futuro, pero Perla ser\u00e1 siempre la protagonista\u201d.<\/p>\n<p data-gtm-element-container=\"modulo-texto-link\" class=\"paragraph\">Despertar el inter\u00e9s del ni\u00f1o y seducir al adulto<\/p>\n<p data-gtm-element-container=\"modulo-texto-link\" class=\"paragraph\">\u201cEn la serie &#8216;Perla&#8217; quiero referirme a ciertos temas que afectan a los ni\u00f1os y no siempre se atreven a hablar, como el &#8216;bullying&#8217; en la escuela, el miedo al abandono o enamorarse porque s\u00ed los peque\u00f1itos tambi\u00e9n se enamoran\u201d, afirma.<\/p>\n<p data-gtm-element-container=\"modulo-texto-link\" class=\"paragraph\">La escritora admite que el p\u00fablico de estos libros es muy joven y, a veces, son los padres quienes tienen que leerles el libro: \u201cEso significa que hay que tocar temas que a los ni\u00f1os les importen, pero al tiempo hay que seducir a los adultos. No es tarea f\u00e1cil\u201d.<\/p>\n<p data-gtm-element-container=\"modulo-texto-link\" class=\"paragraph\">Recuerda que en los libros infantiles ella pone la historia, pero es la ilustradora Sandra Rodr\u00edguez la que \u201caporta todo lo dem\u00e1s\u201d.<\/p>\n<p data-gtm-element-container=\"modulo-texto-link\" class=\"paragraph\">Allende se siente c\u00f3moda escribiendo para ni\u00f1os, pero la literatura para adultos a la que se ha dedicado durante cuarenta a\u00f1os: \u201cEse es mi fuerte\u201d. EFE<\/p>\n<p data-gtm-element-container=\"modulo-texto-link\" class=\"paragraph\">bf\/srm<\/p>\n<p data-gtm-element-container=\"modulo-texto-link\" class=\"paragraph\">(foto)<\/p>\n","protected":false},"excerpt":{"rendered":"Madrid, 19 oct (EFE).- El segundo libro infantil de Isabel Allende, &#8216;Perla y la pirata&#8217;, ilustrado por Sandy&hellip;\n","protected":false},"author":2,"featured_media":148726,"comment_status":"","ping_status":"","sticky":false,"template":"","format":"standard","meta":{"footnotes":""},"categories":[172],"tags":[224,146,147,25,24,225,23],"class_list":{"0":"post-186836","1":"post","2":"type-post","3":"status-publish","4":"format-standard","5":"has-post-thumbnail","7":"category-libros","8":"tag-books","9":"tag-entertainment","10":"tag-entretenimiento","11":"tag-es","12":"tag-espana","13":"tag-libros","14":"tag-spain"},"share_on_mastodon":{"url":"","error":""},"_links":{"self":[{"href":"https:\/\/www.europesays.com\/es\/wp-json\/wp\/v2\/posts\/186836","targetHints":{"allow":["GET"]}}],"collection":[{"href":"https:\/\/www.europesays.com\/es\/wp-json\/wp\/v2\/posts"}],"about":[{"href":"https:\/\/www.europesays.com\/es\/wp-json\/wp\/v2\/types\/post"}],"author":[{"embeddable":true,"href":"https:\/\/www.europesays.com\/es\/wp-json\/wp\/v2\/users\/2"}],"replies":[{"embeddable":true,"href":"https:\/\/www.europesays.com\/es\/wp-json\/wp\/v2\/comments?post=186836"}],"version-history":[{"count":0,"href":"https:\/\/www.europesays.com\/es\/wp-json\/wp\/v2\/posts\/186836\/revisions"}],"wp:featuredmedia":[{"embeddable":true,"href":"https:\/\/www.europesays.com\/es\/wp-json\/wp\/v2\/media\/148726"}],"wp:attachment":[{"href":"https:\/\/www.europesays.com\/es\/wp-json\/wp\/v2\/media?parent=186836"}],"wp:term":[{"taxonomy":"category","embeddable":true,"href":"https:\/\/www.europesays.com\/es\/wp-json\/wp\/v2\/categories?post=186836"},{"taxonomy":"post_tag","embeddable":true,"href":"https:\/\/www.europesays.com\/es\/wp-json\/wp\/v2\/tags?post=186836"}],"curies":[{"name":"wp","href":"https:\/\/api.w.org\/{rel}","templated":true}]}}