{"id":186851,"date":"2025-10-19T09:41:07","date_gmt":"2025-10-19T09:41:07","guid":{"rendered":"https:\/\/www.europesays.com\/es\/186851\/"},"modified":"2025-10-19T09:41:07","modified_gmt":"2025-10-19T09:41:07","slug":"iu-incluira-la-retirada-de-la-tauromaquia-en-su-programa-electoral-en-cyl","status":"publish","type":"post","link":"https:\/\/www.europesays.com\/es\/186851\/","title":{"rendered":"IU incluir\u00e1 la retirada de la tauromaquia en su programa electoral en CyL"},"content":{"rendered":"<p>    VALLADOLID 19 Oct. (EUROPA PRESS) &#8211; <\/p>\n<p>   Izquierda Unida incluir\u00e1 la retirada de la tauromaquia como patrimonio cultural de Castilla y Le\u00f3n entre las medidas de su programa electoral de cara a los comicios que se celebrar\u00e1n en la Comunidad en 2026.<\/p>\n<p>   \u00abNuestra organizaci\u00f3n rechaza la violencia contra los animales como tradici\u00f3n en cualquier tipo de fiesta\u00bb, ha se\u00f1alado el candidato a la presidencia de la Junta de Castilla y Le\u00f3n por Izquierda Unida Juan Gasc\u00f3n.<\/p>\n<p>   En este sentido, IU ha criticado la abstenci\u00f3n del PSOE del pleno del Congreso que impidi\u00f3 la toma en consideraci\u00f3n de la Iniciativa Legislativa Popular (ILP) &#8216;No es mi Cultura&#8217;, una propuesta que hab\u00eda recogido m\u00e1s de 650.000 firmas en toda Espa\u00f1a.<\/p>\n<p>   As\u00ed, Gasc\u00f3n ha se\u00f1alado que el PSOE \u00abse ha equivocado\u00bb al no permitir que la ILP fuera admitida a tr\u00e1mite y \u00abjuntar su abstenci\u00f3n al voto favorable de la derecha y de la extrema derecha para que no se pueda debatir sobre tortura animal\u00bb.<\/p>\n<p>   La organizaci\u00f3n ha manifestado su \u00abincomprensi\u00f3n\u00bb ante el cambio de parecer del PSOE, que a finales de septiembre hab\u00eda apoyado la medida y se hab\u00eda comprometido con comisi\u00f3n promotora por el voto a favor.<\/p>\n<p>    \u00abNo entendemos este cambio de postura del PSOE, cuyas bases se muestran muy favorables a este debate sobre el sufrimiento animal en las corridas de toros\u00bb, ha aseverado Gasc\u00f3n, para incidir en que \u00abhace a\u00f1os\u00bb que IU quiere \u00abgenerar debate\u00bb sobre una \u00abactividad que est\u00e1 en retroceso y que vive de subvenciones de la Junta de Castilla y Le\u00f3n, de ayuntamientos y dedDiputaciones\u00bb:<\/p>\n<p>   En este contexto, ha recordado que una encuesta desarrollada por el BBVA refleja que el 77 por ciento de la gente en Espa\u00f1a rechaza el uso de animales en festejos taurinos. \u00abConsideramos que hay que aprovechar esta posici\u00f3n mayoritaria de la ciudadan\u00eda para hacer cambios relevantes pol\u00edticamente en Castilla y Le\u00f3n\u00bb, ha sentenciado.<\/p>\n","protected":false},"excerpt":{"rendered":"VALLADOLID 19 Oct. (EUROPA PRESS) &#8211; Izquierda Unida incluir\u00e1 la retirada de la tauromaquia como patrimonio cultural de&hellip;\n","protected":false},"author":2,"featured_media":186852,"comment_status":"","ping_status":"","sticky":false,"template":"","format":"standard","meta":{"footnotes":""},"categories":[277],"tags":[373,168,25,24,23,167,374],"class_list":{"0":"post-186851","1":"post","2":"type-post","3":"status-publish","4":"format-standard","5":"has-post-thumbnail","7":"category-toreo","8":"tag-bullfighting","9":"tag-deportes","10":"tag-es","11":"tag-espana","12":"tag-spain","13":"tag-sports","14":"tag-toreo"},"share_on_mastodon":{"url":"","error":""},"_links":{"self":[{"href":"https:\/\/www.europesays.com\/es\/wp-json\/wp\/v2\/posts\/186851","targetHints":{"allow":["GET"]}}],"collection":[{"href":"https:\/\/www.europesays.com\/es\/wp-json\/wp\/v2\/posts"}],"about":[{"href":"https:\/\/www.europesays.com\/es\/wp-json\/wp\/v2\/types\/post"}],"author":[{"embeddable":true,"href":"https:\/\/www.europesays.com\/es\/wp-json\/wp\/v2\/users\/2"}],"replies":[{"embeddable":true,"href":"https:\/\/www.europesays.com\/es\/wp-json\/wp\/v2\/comments?post=186851"}],"version-history":[{"count":0,"href":"https:\/\/www.europesays.com\/es\/wp-json\/wp\/v2\/posts\/186851\/revisions"}],"wp:featuredmedia":[{"embeddable":true,"href":"https:\/\/www.europesays.com\/es\/wp-json\/wp\/v2\/media\/186852"}],"wp:attachment":[{"href":"https:\/\/www.europesays.com\/es\/wp-json\/wp\/v2\/media?parent=186851"}],"wp:term":[{"taxonomy":"category","embeddable":true,"href":"https:\/\/www.europesays.com\/es\/wp-json\/wp\/v2\/categories?post=186851"},{"taxonomy":"post_tag","embeddable":true,"href":"https:\/\/www.europesays.com\/es\/wp-json\/wp\/v2\/tags?post=186851"}],"curies":[{"name":"wp","href":"https:\/\/api.w.org\/{rel}","templated":true}]}}