{"id":186855,"date":"2025-10-19T09:46:15","date_gmt":"2025-10-19T09:46:15","guid":{"rendered":"https:\/\/www.europesays.com\/es\/186855\/"},"modified":"2025-10-19T09:46:15","modified_gmt":"2025-10-19T09:46:15","slug":"en-honor-a-fangio-el-emotivo-trasfondo-del-nuevo-casco-de-colapinto-para-el-gp-de-austin-en-la-formula-1","status":"publish","type":"post","link":"https:\/\/www.europesays.com\/es\/186855\/","title":{"rendered":"En honor a Fangio: el emotivo trasfondo del nuevo casco de Colapinto para el GP de Austin en la F\u00f3rmula 1"},"content":{"rendered":"<p data-testid=\"paragraph\" class=\"mb-[20px] md:mb-[30px] break-word\"><a href=\"https:\/\/bolavip.com\/ar\/tema\/franco-colapinto\" target=\"_blank\" class=\"break-word font-articleLinkText text-articleLinkText hover:text-articleLinkTextHover hover:bg-articleLinkTextHoverBg cursor-pointer border-solid border-b-articleLinkTextHover\" rel=\"nofollow noopener\">Franco Colapinto<\/a> desembarca en Austin para el <strong>Gran Premio de Estados Unidos <\/strong>con el objetivo claro de continuar ganando cr\u00e9dito para ratificar su continuidad en la pr\u00f3xima temporada de <a href=\"https:\/\/bolavip.com\/ar\/formula-1\" target=\"_blank\" class=\"break-word font-articleLinkText text-articleLinkText hover:text-articleLinkTextHover hover:bg-articleLinkTextHoverBg cursor-pointer border-solid border-b-articleLinkTextHover\" rel=\"nofollow noopener\">F\u00f3rmula 1<\/a>. Sin embargo, antes de que su Alpine salga a la pista, el argentino ya acapar\u00f3 la atenci\u00f3n de los fan\u00e1ticos. \u00bfEl motivo? <strong>Un inesperado y emotivo cambio en su equipamiento: su casco.<\/strong><\/p>\n<p data-testid=\"paragraph\" class=\"mb-[20px] md:mb-[30px] break-word\">A trav\u00e9s de un video oficial de la escuder\u00eda, los seguidores notaron que Colapinto aparec\u00eda sosteniendo un casco con un dise\u00f1o completamente nuevo:<strong> de base blanca con detalles en amarillo, diferente al azul que lo identifica con Alpine<\/strong>. No obstante, el misterio se resolvi\u00f3 r\u00e1pidamente. Es que revel\u00f3 que <strong>se trata de un homenaje a una de las gestas m\u00e1s heroicas del automovilismo nacional<\/strong>. <\/p>\n<p data-testid=\"paragraph\" class=\"mb-[20px] md:mb-[30px] break-word\">El dise\u00f1o est\u00e1 inspirado en el m\u00edtico<strong> Torino de N\u00fcrburgring<\/strong>, el auto que en 1969, bajo el comando del legendario <strong>Juan Manuel Fangio<\/strong> y el ingeniero <strong>Oreste Berta<\/strong>, protagoniz\u00f3 la inolvidable \u201c<strong>Misi\u00f3n Argentina<\/strong>\u201c.<\/p>\n<p>La haza\u00f1a de los Torino en N\u00fcrburgring<\/p>\n<p data-testid=\"paragraph\" class=\"mb-[20px] md:mb-[30px] break-word\">En agosto de 1969, una delegaci\u00f3n argentina lleg\u00f3 a Alemania para competir en el Marat\u00f3n de la Ruta, <strong>una prueba extrema de 84 horas de duraci\u00f3n en el temible circuito de N\u00fcrburgring<\/strong>. Con<strong> tres IKA Torino 380 W<\/strong> <strong>de fabricaci\u00f3n nacional<\/strong>, se enfrentaron a 68 rivales de marcas gigantes como <strong>Porsche, BMW y Mercedes-Benz<\/strong>. Contra todo pron\u00f3stico, y en condiciones adversas, el auto argentino demostr\u00f3 una resistencia formidable. Aunque por una serie de penalizaciones no lograron la victoria oficial, <strong>el Torino n\u00famero 3 fue el auto que m\u00e1s vueltas complet\u00f3 en toda la carrera<\/strong> (334), gan\u00e1ndose el respeto del mundo fierrero.<\/p>\n<p><img decoding=\"async\" src=\"https:\/\/www.europesays.com\/es\/wp-content\/uploads\/2025\/10\/BAR_20251017_BAR_554462_G3YdEDHXAAEI8hb_2ea6383d.webp&#038;width=650&#038;height=406.webp\" width=\"650\" height=\"406\" alt=\"El Torino que particip\u00f3 en las 84 Horas de N\u00fcrburgring y Colapinto homenaje\u00f3 en su nuevo casco (@lulistonte12).\" class=\"h-auto\" loading=\"lazy\"\/><\/p>\n<p class=\"text-center mt-5 text-[14px] leading-[20px] font-normal\">El Torino que particip\u00f3 en las 84 Horas de N\u00fcrburgring y Colapinto homenaje\u00f3 en su nuevo casco (@lulistonte12).<\/p>\n<p>Un homenaje para tres carreras clave<\/p>\n<p data-testid=\"paragraph\" class=\"mb-[20px] md:mb-[30px] break-word\">Cincuenta y seis a\u00f1os despu\u00e9s de aquel momento, Colapinto trae ese legado de vuelta a la cima del automovilismo mundial. Lucir\u00e1 este casco homenaje no solo en el Gran Premio de Austin, sino durante toda la gira americana, que incluye las fechas de <strong>M\u00e9xico<\/strong> y <strong>Brasil<\/strong>. Un gesto que lo conecta directamente con la \u00e9poca de oro albiceleste.<\/p>\n<p><img decoding=\"async\" src=\"https:\/\/www.europesays.com\/es\/wp-content\/uploads\/2025\/10\/BAR_20251017_BAR_554462_G3apBviWkAAUHSf-1-1024x750_d39e2fc8.webp&#038;width=1024&#038;height=750.webp\" width=\"1024\" height=\"750\" alt=\"Colapinto luciendo su nuevo casco para la Gira de las Am\u00e9ricas (@Corazondef1).\" class=\"h-auto\" loading=\"lazy\"\/><\/p>\n<p class=\"text-center mt-5 text-[14px] leading-[20px] font-normal\">Colapinto luciendo su nuevo casco para la Gira de las Am\u00e9ricas (@Corazondef1).<\/p>\n<p data-testid=\"paragraph\" class=\"mb-[20px] md:mb-[30px] break-word\">Igualmente, el casco no ser\u00e1 el \u00fanico estreno con un gui\u00f1o a la Argentina que se ver\u00e1 en Austin. El propio Alpine anunci\u00f3 que el monoplaza de Colapinto lucir\u00e1 una versi\u00f3n renovada para toda la gira americana. En este caso<strong>, el dise\u00f1o mantiene su tradicional base azul y rosa, pero incorpora el color amarillo en honor a su nuevo patrocinador principal para estas fechas<\/strong>: Mercado Libre, firma que tambi\u00e9n influy\u00f3 para el dise\u00f1o del nuevo casco.<\/p>\n<p data-testid=\"paragraph\" class=\"mb-[20px] md:mb-[30px] break-word\">Esta serie de tributos de Colapinto, adem\u00e1s, llegan en un circuito que le trae grandes recuerdos. Es que <strong>fue precisamente Austin, en 2024, donde junto a Williams consigui\u00f3 sus \u00faltimos puntos en la M\u00e1xima, tras finalizar 10\u00b0<\/strong>. De yapa, en aquel fin de semana <strong>protagoniz\u00f3 la que fue elegida como la \u201cmaniobra del a\u00f1o\u201d<\/strong>: un espectacular sobrepaso a<strong> Fernando Alonso<\/strong>. As\u00ed, con un casco cargado de historia y en una pista de gratos recuerdos, Franco buscar\u00e1 llevarse un gran resultado de Norteam\u00e9rica.<\/p>\n<p>A qu\u00e9 hora se corre el GP de Estados Unidos<\/p>\n<ul class=\"mb-[20px] md:mb-[30px] list-disc ps-10\">\n<li class=\"break-word\">Pr\u00e1ctica libre 1: viernes 17 de octubre 14:30<\/li>\n<li class=\"break-word\">Clasificaci\u00f3n sprint: viernes 17 de octubre 18:30<\/li>\n<li class=\"break-word\">Carrera sprint: s\u00e1bado 18 de octubre 14:00<\/li>\n<li class=\"break-word\">Clasificaci\u00f3n: s\u00e1bado 18 de octubre 18:00<\/li>\n<li class=\"break-word\"><strong>Carrera: domingo 19 de octubre 16:00<\/strong><\/li>\n<\/ul>\n<p><a title=\"Franco Colapinto se sincer\u00f3 y revel\u00f3 el verdadero motivo por el que esperaba correr el GP de Austin: \u201cLa que m\u00e1s disfrut\u00e9\u201d\" href=\"https:\/\/bolavip.com\/ar\/formula-1\/franco-colapinto-se-sincero-y-revelo-el-verdadero-motivo-por-el-que-esperaba-correr-el-gp-de-austin-la-que-mas-disfrute\" target=\"_self\" rel=\"nofollow noopener\" class=\"article-also-read-embed\"><img decoding=\"async\" class=\"aspect-square max-w-[100px] m-[10px] md:m-0\" src=\"https:\/\/www.europesays.com\/es\/wp-content\/uploads\/2025\/10\/1760867174_769_image\" alt=\"Franco Colapinto se sincer\u00f3 y revel\u00f3 el verdadero motivo por el que esperaba correr el GP de Austin: \u201cLa que m\u00e1s disfrut\u00e9\u201d\" width=\"200\" height=\"200\" loading=\"lazy\"\/><\/p>\n<p class=\"font-secondary my-[13px] uppercase text-alsoReadSeeAlso bg-alsoReadSeeAlsoBackground alsoReadSeeAlso w-fit\">ver tambi\u00e9n<\/p>\n<p class=\"w-full line-clamp-3 md:line-clamp-2 text-alsoReadEmbedTitle font-primary alsoReadLink\">Franco Colapinto se sincer\u00f3 y revel\u00f3 el verdadero motivo por el que esperaba correr el GP de Austin: \u201cLa que m\u00e1s disfrut\u00e9\u201d<\/p>\n<p><\/a><a title=\"Ni Senna, ni Schumacher, una eminencia de la F\u00f3rmula 1 eligi\u00f3 a Fangio como el mejor de la historia: \u201cEl primer \u00eddolo\u201d\" href=\"https:\/\/bolavip.com\/ar\/formula-1\/ni-senna-ni-schumacher-una-eminencia-de-la-formula-1-eligio-a-fangio-como-el-mejor-de-la-historia-el-primer-idolo\" target=\"_self\" rel=\"nofollow noopener\" class=\"article-also-read-embed\"><img decoding=\"async\" class=\"aspect-square max-w-[100px] m-[10px] md:m-0\" src=\"https:\/\/www.europesays.com\/es\/wp-content\/uploads\/2025\/10\/1760867175_48_image\" alt=\"Ni Senna, ni Schumacher, una eminencia de la F\u00f3rmula 1 eligi\u00f3 a Fangio como el mejor de la historia: \u201cEl primer \u00eddolo\u201d\" width=\"200\" height=\"200\" loading=\"lazy\"\/><\/p>\n<p class=\"font-secondary my-[13px] uppercase text-alsoReadSeeAlso bg-alsoReadSeeAlsoBackground alsoReadSeeAlso w-fit\">ver tambi\u00e9n<\/p>\n<p class=\"w-full line-clamp-3 md:line-clamp-2 text-alsoReadEmbedTitle font-primary alsoReadLink\">Ni Senna, ni Schumacher, una eminencia de la F\u00f3rmula 1 eligi\u00f3 a Fangio como el mejor de la historia: \u201cEl primer \u00eddolo\u201d<\/p>\n<p><\/a><\/p>\n","protected":false},"excerpt":{"rendered":"Franco Colapinto desembarca en Austin para el Gran Premio de Estados Unidos con el objetivo claro de continuar&hellip;\n","protected":false},"author":2,"featured_media":186856,"comment_status":"","ping_status":"","sticky":false,"template":"","format":"standard","meta":{"footnotes":""},"categories":[270],"tags":[1331,168,25,24,306,271,272,1723,38328,23,167],"class_list":{"0":"post-186855","1":"post","2":"type-post","3":"status-publish","4":"format-standard","5":"has-post-thumbnail","7":"category-formula-1","8":"tag-alpine","9":"tag-deportes","10":"tag-es","11":"tag-espana","12":"tag-f1","13":"tag-formula-1","14":"tag-formula1","15":"tag-franco-colapinto","16":"tag-juan-manuel-fangio","17":"tag-spain","18":"tag-sports"},"share_on_mastodon":{"url":"","error":""},"_links":{"self":[{"href":"https:\/\/www.europesays.com\/es\/wp-json\/wp\/v2\/posts\/186855","targetHints":{"allow":["GET"]}}],"collection":[{"href":"https:\/\/www.europesays.com\/es\/wp-json\/wp\/v2\/posts"}],"about":[{"href":"https:\/\/www.europesays.com\/es\/wp-json\/wp\/v2\/types\/post"}],"author":[{"embeddable":true,"href":"https:\/\/www.europesays.com\/es\/wp-json\/wp\/v2\/users\/2"}],"replies":[{"embeddable":true,"href":"https:\/\/www.europesays.com\/es\/wp-json\/wp\/v2\/comments?post=186855"}],"version-history":[{"count":0,"href":"https:\/\/www.europesays.com\/es\/wp-json\/wp\/v2\/posts\/186855\/revisions"}],"wp:featuredmedia":[{"embeddable":true,"href":"https:\/\/www.europesays.com\/es\/wp-json\/wp\/v2\/media\/186856"}],"wp:attachment":[{"href":"https:\/\/www.europesays.com\/es\/wp-json\/wp\/v2\/media?parent=186855"}],"wp:term":[{"taxonomy":"category","embeddable":true,"href":"https:\/\/www.europesays.com\/es\/wp-json\/wp\/v2\/categories?post=186855"},{"taxonomy":"post_tag","embeddable":true,"href":"https:\/\/www.europesays.com\/es\/wp-json\/wp\/v2\/tags?post=186855"}],"curies":[{"name":"wp","href":"https:\/\/api.w.org\/{rel}","templated":true}]}}