{"id":186865,"date":"2025-10-19T09:51:17","date_gmt":"2025-10-19T09:51:17","guid":{"rendered":"https:\/\/www.europesays.com\/es\/186865\/"},"modified":"2025-10-19T09:51:17","modified_gmt":"2025-10-19T09:51:17","slug":"primer-festival-del-libro-de-san-vicente-de-tagua-tagua","status":"publish","type":"post","link":"https:\/\/www.europesays.com\/es\/186865\/","title":{"rendered":"Primer Festival del Libro de San Vicente de Tagua-Tagua"},"content":{"rendered":"<p><b>Primer Festival del Libro de San Vicente de Tagua Tagua<\/b><\/p>\n<ul>\n<li><strong>Plaza de Armas, San Vicente de Tagua Tagua.<br \/><\/strong><\/li>\n<li><strong>8 y 9 de noviembre<\/strong><strong>.<\/strong><\/li>\n<\/ul>\n<p>La comuna de San Vicente de Tagua Tagua vivir\u00e1 un importante hito con el lanzamiento del Primer Festival del Libro, una iniciativa que busca fomentar la lectura, visibilizar a autores locales y acercar la literatura a la comunidad.<\/p>\n<p>El evento tendr\u00e1 lugar los d\u00edas 8 y 9 de noviembre de 2025 en la Plaza de Armas, transformando este emblem\u00e1tico espacio en un punto de encuentro literario y cultural para toda la Regi\u00f3n de O\u2019Higgins.<\/p>\n<p>El festival, organizado por la Agrupaci\u00f3n de Cultura Patrimonial Chabelita Fuentes, contar\u00e1 con la participaci\u00f3n de m\u00e1s de 10 autores y 5 editoriales regionales, adem\u00e1s de una variada programaci\u00f3n de conversatorios, cuentacuentos, talleres de escritura y presentaciones musicales.<\/p>\n<p>Estas actividades se complementar\u00e1n con una campa\u00f1a de difusi\u00f3n y de mediaciones literarias en 12 escuelas p\u00fablicas, lo que permitir\u00e1 que m\u00e1s de 500 estudiantes vivan la experiencia de acercarse a la lectura desde sus propios entornos educativos.<\/p>\n<p><img loading=\"lazy\" decoding=\"async\" class=\"alignnone size-full wp-image-3183255\" src=\"https:\/\/www.europesays.com\/es\/wp-content\/uploads\/2025\/10\/AFICHE_FERIADELIBRO_ROSALOGO-2.png\" alt=\"\" width=\"1080\" height=\"1350\"  \/><br \/>\nMediaciones literarias<\/p>\n<p>\u201cEste festival nace como un espacio de encuentro entre la comunidad y la literatura, buscando poner en valor la creaci\u00f3n regional y promover la lectura como un derecho social y un acto de identidad cultural. Tambi\u00e9n es un homenaje a Chabelita Fuentes a dos a\u00f1os de su partida.\u201d se\u00f1ala Diego Barrera, parte del equipo organizador.<\/p>\n<p>El lanzamiento oficial marca el inicio de una campa\u00f1a de difusi\u00f3n que incluir\u00e1 actividades previas en bibliotecas, librer\u00edas y escuelas, junto con una estrategia de promoci\u00f3n en medios locales y redes sociales. El festival espera congregar a m\u00e1s de 1.600 asistentes en sus dos jornadas, consolid\u00e1ndose como una fiesta de la palabra, la memoria y la creatividad.<\/p>\n<p>El festival se llevar\u00e1 a cabo en calle Tagua Tagua, a un costado de la Plaza de Armas. Se contar\u00e1 con stands de editoriales, espacios de gastronom\u00eda local, talleres de mediaci\u00f3n y un escenario principal donde se dar\u00e1n cita destacados escritores, artistas y m\u00fasicos regionales.<\/p>\n<p>La entrada ser\u00e1 liberada y abierta a toda la comunidad. El encuentro se llevar\u00e1 a cabo en colaboraci\u00f3n con Museo Vivo, expoferia de car\u00e1cter patrimonial que cada a\u00f1o re\u00fane a m\u00e1s de un centenar de cultores y cultoras de la regi\u00f3n que son en su mayor\u00eda artesanos, artesanas y peque\u00f1os productores de larga trayectoria que provienen de 31 comunas de la regi\u00f3n.<\/p>\n<p>Eduardo Cornejo, uno de los organizadores del evento hizo una llamado a personas de la comuna y de la regi\u00f3n a participar de esta iniciativa: \u201cEste primer Festival del Libro de San Vicente ser\u00e1 un hito que quedar\u00e1 en la historia de nuestra comunidad. Les esperamos con los brazos abiertos\u201d.<\/p>\n<p>El evento se enmarca en el Plan Regional de Lectura de O\u2019Higgins, reforzando el compromiso de la comuna con el acceso a la cultura y el fortalecimiento de la identidad local.-<\/p>\n<p style=\"margin-bottom: 10px;\"><b>Inscr\u00edbete en el Newsletter Cult\u00edvate de El Mostrador<\/b>, s\u00famate a nuestra comunidad para contarte lo m\u00e1s interesante del mundo de la cultura, ciencia y tecnolog\u00eda.<\/p>\n","protected":false},"excerpt":{"rendered":"Primer Festival del Libro de San Vicente de Tagua Tagua Plaza de Armas, San Vicente de Tagua Tagua.&hellip;\n","protected":false},"author":2,"featured_media":186866,"comment_status":"","ping_status":"","sticky":false,"template":"","format":"standard","meta":{"footnotes":""},"categories":[172],"tags":[224,146,147,25,24,225,52534,23],"class_list":{"0":"post-186865","1":"post","2":"type-post","3":"status-publish","4":"format-standard","5":"has-post-thumbnail","7":"category-libros","8":"tag-books","9":"tag-entertainment","10":"tag-entretenimiento","11":"tag-es","12":"tag-espana","13":"tag-libros","14":"tag-primer-festival-del-libro-de-san-vicente-de-tagua-tagua","15":"tag-spain"},"share_on_mastodon":{"url":"","error":""},"_links":{"self":[{"href":"https:\/\/www.europesays.com\/es\/wp-json\/wp\/v2\/posts\/186865","targetHints":{"allow":["GET"]}}],"collection":[{"href":"https:\/\/www.europesays.com\/es\/wp-json\/wp\/v2\/posts"}],"about":[{"href":"https:\/\/www.europesays.com\/es\/wp-json\/wp\/v2\/types\/post"}],"author":[{"embeddable":true,"href":"https:\/\/www.europesays.com\/es\/wp-json\/wp\/v2\/users\/2"}],"replies":[{"embeddable":true,"href":"https:\/\/www.europesays.com\/es\/wp-json\/wp\/v2\/comments?post=186865"}],"version-history":[{"count":0,"href":"https:\/\/www.europesays.com\/es\/wp-json\/wp\/v2\/posts\/186865\/revisions"}],"wp:featuredmedia":[{"embeddable":true,"href":"https:\/\/www.europesays.com\/es\/wp-json\/wp\/v2\/media\/186866"}],"wp:attachment":[{"href":"https:\/\/www.europesays.com\/es\/wp-json\/wp\/v2\/media?parent=186865"}],"wp:term":[{"taxonomy":"category","embeddable":true,"href":"https:\/\/www.europesays.com\/es\/wp-json\/wp\/v2\/categories?post=186865"},{"taxonomy":"post_tag","embeddable":true,"href":"https:\/\/www.europesays.com\/es\/wp-json\/wp\/v2\/tags?post=186865"}],"curies":[{"name":"wp","href":"https:\/\/api.w.org\/{rel}","templated":true}]}}