{"id":186890,"date":"2025-10-19T10:07:19","date_gmt":"2025-10-19T10:07:19","guid":{"rendered":"https:\/\/www.europesays.com\/es\/186890\/"},"modified":"2025-10-19T10:07:19","modified_gmt":"2025-10-19T10:07:19","slug":"asi-ha-cambiado-la-vida-del-tenista","status":"publish","type":"post","link":"https:\/\/www.europesays.com\/es\/186890\/","title":{"rendered":"as\u00ed ha cambiado la vida del tenista"},"content":{"rendered":"<p id=\"erOIWMs78N\" data-wc=\"77\"><strong>Hoy se cumplen 6 a\u00f1os del \u201cs\u00ed, quiero\u201d\u00a0de Rafa Nadal y Mery Perell\u00f3<\/strong>. El 19 de octubre de 2019, <a class=\"hm-link ho-link\" href=\"https:\/\/www.hola.com\/hemeroteca\/20211019305167\/boda-rafa-nadal-mery-perello-revista\/\" rel=\"noopener nofollow\" target=\"_blank\" data-mrf-recirculation=\"article-body-link\">la pareja se casaba<\/a> en uno de los enclaves m\u00e1s exclusivos de Mallorca: Sa Fortaleza, una antigua construcci\u00f3n del siglo XVII reconvertida en escenario de ensue\u00f1o. Una boda de la que inform\u00f3 \u00a1HOLA! Rodeados de 250 invitados y bajo estrictas medidas de privacidad, Rafa y Mery celebraban su historia de amor que hab\u00eda comenzado hace 14 a\u00f1os.<\/p>\n<p> <img src=\"https:\/\/www.europesays.com\/es\/wp-content\/uploads\/2025\/10\/3e7e6fea54d7-nadal-ofi-t.jpg\"   width=\"1024\" height=\"614\" loading=\"lazy\" decoding=\"async\" alt=\"nadal ofi\" fetchpriority=\"auto\" class=\"image ho-image\"\/>\u00a9 Fundaci\u00f3n Rafa Nadal<\/p>\n<p id=\"eOCZGxy8U8-\" data-wc=\"75\">La ceremonia, oficiada por el padre Bartomeu Catal\u00e0, se celebr\u00f3 al aire libre, con vistas al mar y un ambiente que combinaba elegancia, sobriedad y emoci\u00f3n. Mery, radiante, luci\u00f3 <strong>un vestido de Rosa Clar\u00e1<\/strong> con bordados art d\u00e9co, escote caja y manga larga, mientras que Rafa apost\u00f3 por <strong>un chaqu\u00e9 gris de Brunello Cucinelli.\u00a0<\/strong>Para el baile, ella se cambi\u00f3 de vestido, con un dise\u00f1o de la misma firma, m\u00e1s desenfadado y con escote halter.<\/p>\n<p> <img src=\"https:\/\/www.europesays.com\/es\/wp-content\/uploads\/2025\/10\/135c28e39a75-novias-rosaclara-1a-a.jpg\"   width=\"682\" height=\"1024\" loading=\"lazy\" decoding=\"async\" alt=\"novias rosaclara 1a\" fetchpriority=\"auto\" class=\"image ho-image\"\/>\u00a9 Fundaci\u00f3n Rafa Nadal<\/p>\n<p id=\"eCm7GR2SCV\" data-wc=\"56\">Entre los asistentes, destacaron nombres del deporte como<strong>\u00a0Feliciano L\u00f3pez, David Ferrer o Carlos Moy\u00e1<\/strong>, y amigos personales como Richard Mille, creador del reloj que acompa\u00f1a a Nadal en cada partido. Tambi\u00e9n estuvieron <strong>el rey Juan Carlos y la reina Sof\u00eda<\/strong>, en un gesto que hablaba de la cercan\u00eda entre la Familia Real y el tenista.<\/p>\n<p>De la pista a la paternidad<\/p>\n<p id=\"excMwzQDRji\" data-wc=\"137\">Seis a\u00f1os despu\u00e9s, la vida de Rafa Nadal ha cambiado de ritmo: ha dejado el tenis profesional y, lo m\u00e1s importante,<a class=\"hm-link ho-link\" href=\"https:\/\/www.hola.com\/us-es\/celebrities\/20221008338024\/rafa-nadal-mery-perello-nace-primer-bebe\/\" rel=\"noopener nofollow\" target=\"_blank\" data-mrf-recirculation=\"article-body-link\">\u00a0ahora es padre.<\/a> <strong>En octubre de 2022 naci\u00f3 su primer hijo, Rafael, y este verano, en agosto de 2025, lleg\u00f3 el\u00a0<\/strong><a class=\"hm-link ho-link\" href=\"https:\/\/www.hola.com\/us-es\/celebrities\/20250809849311\/rafael-nadal-mery-perello-nace-segundo-hijo\/\" rel=\"noopener nofollow\" target=\"_blank\" data-mrf-recirculation=\"article-body-link\">peque\u00f1o Miquel.<\/a> La pareja ha mantenido su habitual discreci\u00f3n respecto a su vida privada, pero hace apenas unos d\u00edas, sorprendi\u00f3 una publicaci\u00f3n del propio Rafa, quien comparti\u00f3 en sus redes sociales una imagen familiar en el restaurante Sa Punta, propiedad de la familia Nadal. En ella, podemos ver a la familia Nadal al completo, con Rafa sostiene a su hijo mayor mientras Mery sostiene al peque\u00f1o Miquel. \u201cFamily time in Mallorca\u201d, escribi\u00f3 el tenista junto a la foto, mostrando una faceta m\u00e1s \u00edntima y familiar que ha ganado protagonismo tras su retirada del circuito profesional.<\/p>\n<p> <img src=\"https:\/\/www.europesays.com\/es\/wp-content\/uploads\/2025\/10\/bdbad5d2ff80-rafa-nadal-familia-getty-pix.jpg\"   width=\"1024\" height=\"727\" loading=\"lazy\" decoding=\"async\" alt=\"Plano medio de Mery Perell\u00f3 con su hijo viendo a Rafa Nadal durante el partido\" fetchpriority=\"auto\" class=\"image ho-image\"\/>\u00a9 Getty Images<\/p>\n<p> <img src=\"https:\/\/www.europesays.com\/es\/wp-content\/uploads\/2025\/10\/9593b0f5d649-saveclipapp565355295185131525840702561314367114298034169n.jpg\"   width=\"1024\" height=\"1024\" loading=\"lazy\" decoding=\"async\" alt=\"Media Image\" fetchpriority=\"auto\" class=\"image ho-image\"\/>\u00a9 @Rafael Nadal<\/p>\n<p id=\"e8s_cn9avn0\" data-wc=\"56\">La paternidad ha coincidido con otro momento clave:<a class=\"hm-link ho-link\" href=\"https:\/\/www.hola.com\/actualidad\/20241010723367\/rafa-nadal-anuncia-su-retira-del-tenis\/\" rel=\"noopener nofollow\" target=\"_blank\" data-mrf-recirculation=\"article-body-link\">\u00a0su retirada oficial del circuito profesional.\u00a0<\/a><strong>El 10 de octubre de 2024, Nadal anunciaba que colgaba la raqueta.\u00a0<\/strong>\u201cLa familia lo es todo para m\u00ed\u201d, confes\u00f3 entonces, en una rueda de prensa en la que no faltaron l\u00e1grimas, aplausos y una ovaci\u00f3n que resum\u00eda dos d\u00e9cadas de gloria.<\/p>\n<p id=\"eRX9oqVPbAt\" data-wc=\"36\">Antes de despedirse, <strong>Rafa sum\u00f3 a su palmar\u00e9s 22 t\u00edtulos de Grand Slam \u2014incluyendo 14 Roland Garros, 2 Wimbledon, 2 Abiertos de Australia y 4 US Open\u2014,<\/strong> adem\u00e1s de dos medallas ol\u00edmpicas y 92 t\u00edtulos ATP.\u00a0<\/p>\n<p> <img src=\"https:\/\/www.europesays.com\/es\/wp-content\/uploads\/2025\/10\/ba05a1ed1bba-rafa-nadal-copa-davis-getty.jpg\"   width=\"1024\" height=\"682\" loading=\"lazy\" decoding=\"async\" alt=\"Marcel Granollers, Feliciano L\u00f3pez, Pablo Carre\u00f1o Busta, Roberto Bautista y Rafa Nadal celebran su triunfo en la Copa Davis en 2019\" fetchpriority=\"auto\" class=\"image ho-image\"\/>\u00a9 Getty Images<\/p>\n<p> <img src=\"https:\/\/www.europesays.com\/es\/wp-content\/uploads\/2025\/10\/fc58c1c9e439-rafa-nadal-medalla-getty2.jpg\"   width=\"1024\" height=\"762\" loading=\"lazy\" decoding=\"async\" alt=\"Rafael Nadal con su primer oro ol\u00edmpico en los Juegos Ol\u00edmpicos de Pek\u00edn en 2008\" fetchpriority=\"auto\" class=\"image ho-image\"\/>\u00a9 Getty Images<\/p>\n<p id=\"e07ElgwoTRQ\" data-wc=\"91\"><a class=\"hm-link ho-link\" href=\"https:\/\/www.hola.com\/actualidad\/20241120731081\/rafal-nadal-discurso-de-su-adios-al-tenis\/\" rel=\"noopener nofollow\" target=\"_blank\" data-mrf-recirculation=\"article-body-link\">Su \u00faltima aparici\u00f3n fue en la Copa Davis 2024,\u00a0<\/a>en M\u00e1laga, donde Espa\u00f1a cay\u00f3 ante Pa\u00edses Bajos. Entonces, no pudo contener las l\u00e1grimas ante un p\u00fablico malague\u00f1o que vivi\u00f3 un momento hist\u00f3rico para el deporte de nuestro pa\u00eds. \u201cLa realidad es que uno nunca quiere llegar a este momento. No estoy cansado de jugar al tenis, pero mi cuerpo ha llegado a un momento que no quiere jugar m\u00e1s a tenis. Me siento un privilegiado de hacer esta carrera m\u00e1s larga de lo que hubiera imaginado\u00bb, dijo entonces Nadal visiblemente emocionado.<\/p>\n<p> <img src=\"https:\/\/www.europesays.com\/es\/wp-content\/uploads\/2025\/10\/b39defa79a63-gettyimages-2185592996.jpg\"   width=\"1024\" height=\"682\" loading=\"lazy\" decoding=\"async\" alt=\"Rafa Nadal\" fetchpriority=\"auto\" class=\"image ho-image\"\/>\u00a9 Getty Images<\/p>\n<p> <img src=\"https:\/\/www.europesays.com\/es\/wp-content\/uploads\/2025\/10\/217f6df48f80-gettyimages-2185645521.jpg\"   width=\"1024\" height=\"682\" loading=\"lazy\" decoding=\"async\" alt=\"MALAGA, SPAIN - NOVEMBER 19: Rafael Nadal of Team Spain speak to the spectators during his farewell after Spain being knocked out on the quarterfinal tie between Netherlands and Spain during the Davis Cup Finals at Palacio de Deportes Jose Maria Martin Carpena on November 19, 2024 in Malaga, Spain. (Photo by Clive Brunskill\/Getty Images for ITF)\" fetchpriority=\"auto\" class=\"image ho-image\"\/>\u00a9 Getty Images<\/p>\n<p id=\"eKjIar2_6Lz\" data-wc=\"75\">Meses despu\u00e9s, el pasado 25 de mayo recibi\u00f3 <a class=\"hm-link ho-link\" href=\"https:\/\/www.hola.com\/us-es\/celebrities\/20250525834059\/rafa-nadal-asi-fue-el-impresionante-homenaje-al-tenista-en-roland-garros\/\" rel=\"noopener nofollow\" target=\"_blank\" data-mrf-recirculation=\"article-body-link\">un impresionante homenaje en Roland Garros,<\/a> al ser el \u00fanico tenista que ha ganado 14 veces el prestigioso torneo franc\u00e9s sobre tierra batida. Con l\u00e1grimas en los ojos, le dedic\u00f3 un cari\u00f1oso mensaje a su mujer, embarazada de su segundo hijo: \u00abMery, eres mi mejor compa\u00f1era de vida\u00bb.\u00a0Una frase que resum\u00eda el importante rol que ella ha tenido en su vida y en su carrera profesional-<\/p>\n<p> <img src=\"https:\/\/www.europesays.com\/es\/wp-content\/uploads\/2025\/10\/483330c891db-gettyimages-521869462.jpg\"   width=\"1024\" height=\"682\" loading=\"lazy\" decoding=\"async\" alt=\"Nadal besa a Mery despu\u00e9s de ganar un torneo en 2016\" fetchpriority=\"auto\" class=\"image ho-image\"\/>\u00a9 Getty Images<\/p>\n<p> <img src=\"https:\/\/www.europesays.com\/es\/wp-content\/uploads\/2025\/10\/e8ac515523e9-gettyimages-2216995838.jpg\"   width=\"1024\" height=\"683\" loading=\"lazy\" decoding=\"async\" alt=\"La emoci\u00f3n de Rafa Nadal conquista a Francia: la prensa lo consagra como rey eterno de Roland Garros\" fetchpriority=\"auto\" class=\"image ho-image\"\/>\u00a9 Getty Images<\/p>\n<p> <img src=\"https:\/\/www.europesays.com\/es\/wp-content\/uploads\/2025\/10\/d82eef1fc7c6-nadal2.jpg\"   width=\"1024\" height=\"717\" loading=\"lazy\" decoding=\"async\" alt=\"La emoci\u00f3n de Nadal conquista a Francia: la prensa lo consagra como rey eterno de Roland Garros\" fetchpriority=\"auto\" class=\"image ho-image\"\/>\u00a9 Getty Images<\/p>\n<p> <img src=\"https:\/\/www.europesays.com\/es\/wp-content\/uploads\/2025\/10\/09724eb0dcce-gettyimages-2217067160.jpg\"   width=\"1024\" height=\"682\" loading=\"lazy\" decoding=\"async\" alt=\"La emoci\u00f3n de Nadal conquista a Francia: la prensa lo consagra como rey eterno de Roland Garros\" fetchpriority=\"auto\" class=\"image ho-image\"\/>\u00a9 Getty Images<\/p>\n<p id=\"ePzaCneQ3Q\" data-wc=\"87\">Y como broche a una trayectoria inigualable, el pasado 3 de octubre fue investido <strong>doctor\u00a0<\/strong><strong>honoris causa<\/strong><strong>\u00a0por la Universidad de Salamanca<\/strong>, convirti\u00e9ndose en el primer deportista en recibir<a class=\"hm-link ho-link\" href=\"https:\/\/www.hola.com\/actualidad\/20251003859536\/rafa-nadal-doctor-honoris-causa-honor-serprimer-deportista-recibir-distincion\/\" rel=\"noopener nofollow\" target=\"_blank\" data-mrf-recirculation=\"article-body-link\">\u00a0esta distinci\u00f3n en la instituci\u00f3n m\u00e1s antigua de Espa\u00f1a<\/a>. \u201cLo que aprend\u00ed en las pistas me ha acompa\u00f1ado dentro y fuera. El deporte me ense\u00f1\u00f3 tambi\u00e9n a no sentirme mejor que nadie\u201d, dijo en su emotivo discurso ante el claustro universitario. El tenista estuvo acompa\u00f1ado por su mujer y sus hijos en este d\u00eda tan importante para \u00e9l.<\/p>\n<p> <img src=\"https:\/\/www.europesays.com\/es\/wp-content\/uploads\/2025\/10\/098223d25671-saveclipapp558187885185272259380015411743577716332059572n.jpg\"   width=\"768\" height=\"1024\" loading=\"lazy\" decoding=\"async\" alt=\"Media Image\" fetchpriority=\"auto\" class=\"image ho-image\"\/><\/p>\n<p> <img src=\"https:\/\/www.europesays.com\/es\/wp-content\/uploads\/2025\/10\/f2b68e2522dd-saveclipapp560395943185272258690015413152093560610859839n.jpg\"   width=\"1024\" height=\"682\" loading=\"lazy\" decoding=\"async\" alt=\"Rafael Nadal doctor honoris causa\" fetchpriority=\"auto\" class=\"image ho-image\"\/>\u00a9 usal<br \/>\nUn legado que trasciende la pista<\/p>\n<p id=\"eV6P8M78ieOm\" data-wc=\"56\">M\u00e1s all\u00e1 de los trofeos, Nadal deja una huella profunda en el deporte y en la vida de quienes lo han seguido. <strong>Su academia en Manacor, la Rafa Nadal Academy by Movistar, cumple nueve a\u00f1os<\/strong> como referente internacional en formaci\u00f3n deportiva y humana. All\u00ed, el esp\u00edritu de Rafa \u2014esfuerzo, humildad, respeto\u2014 se transmite a nuevas generaciones.<\/p>\n<p> <img src=\"https:\/\/www.europesays.com\/es\/wp-content\/uploads\/2025\/10\/749114a5ef75-dlu554655012.jpg\"   width=\"1024\" height=\"708\" loading=\"lazy\" decoding=\"async\" alt=\"Tennisplayer Rafael Nadal and Xisca Perello during  centenary (100 anniversary) of Telefonica in Madrid on Friday, 19 April 2024.\" fetchpriority=\"auto\" class=\"image ho-image\"\/>\u00a9 GTRES<\/p>\n<p> <img src=\"https:\/\/www.europesays.com\/es\/wp-content\/uploads\/2025\/10\/71fb9198a424-gettyimages-2185677717.jpg\"   width=\"682\" height=\"1024\" loading=\"lazy\" decoding=\"async\" alt=\"Mery Perell\u00f3\" fetchpriority=\"auto\" class=\"image ho-image\"\/>\u00a9 Getty Images<\/p>\n<p id=\"ebWotTWOFf1\" data-wc=\"45\">Y en lo personal, el v\u00ednculo con Mery Perell\u00f3 se ha fortalecido. <strong>Ella, directora de la Fundaci\u00f3n Rafa Nadal, ha sido su compa\u00f1era silenciosa, su apoyo constante y ahora, madre de sus hijos.<\/strong> Juntos han construido una vida alejada del ruido, pero llena de significado.<\/p>\n<p> <img src=\"https:\/\/www.europesays.com\/es\/wp-content\/uploads\/2025\/10\/1e6c5ccd64c6-gettyimages-1425549003.jpg\"   width=\"1024\" height=\"682\" loading=\"lazy\" decoding=\"async\" alt=\"El rey Felipe con Rafa Nadal en 2022\" fetchpriority=\"auto\" class=\"image ho-image\"\/>\u00a9 Europa Press<\/p>\n<p id=\"eFChxQanuWY\" data-wc=\"58\">Este verano, adem\u00e1s, Rafa ha recibido un reconocimiento que trasciende lo deportivo:<a class=\"hm-link ho-link\" href=\"https:\/\/www.hola.com\/actualidad\/20250619839176\/rey-felipe-concede-nadal-luz-casal-teresa-perales-primer-titulo-nobiliario\/\" rel=\"noopener nofollow\" target=\"_blank\" data-mrf-recirculation=\"article-body-link\">\u00a0el t\u00edtulo de Marqu\u00e9s de Llevant de Mallorca,<\/a> concedido por el rey Felipe VI como homenaje a su trayectoria y a su compromiso con su tierra natal. Un gesto que, lejos de alterar su car\u00e1cter discreto, refuerza su v\u00ednculo con la isla que lo vio crecer.<\/p>\n<p id=\"epBrLqPoX77\" data-wc=\"51\">Hoy, seis a\u00f1os despu\u00e9s de aquel \u2018s\u00ed, quiero\u2019, la historia de Rafa y Mery sigue siendo una de las m\u00e1s admiradas del deporte espa\u00f1ol. Una historia de amor discreto, de \u00e9xitos compartidos y de una nueva etapa que hoy escriben entre risas infantiles y nuevos proyectos que afrontan como una familia.<\/p>\n","protected":false},"excerpt":{"rendered":"Hoy se cumplen 6 a\u00f1os del \u201cs\u00ed, quiero\u201d\u00a0de Rafa Nadal y Mery Perell\u00f3. El 19 de octubre de&hellip;\n","protected":false},"author":2,"featured_media":186891,"comment_status":"","ping_status":"","sticky":false,"template":"","format":"standard","meta":{"footnotes":""},"categories":[274],"tags":[517,3164,168,25,24,18093,6894,23,167,327,326],"class_list":{"0":"post-186890","1":"post","2":"type-post","3":"status-publish","4":"format-standard","5":"has-post-thumbnail","7":"category-tenis","8":"tag-actualidad","9":"tag-bodas","10":"tag-deportes","11":"tag-es","12":"tag-espana","13":"tag-mery-perello","14":"tag-rafa-nadal","15":"tag-spain","16":"tag-sports","17":"tag-tenis","18":"tag-tennis"},"share_on_mastodon":{"url":"","error":""},"_links":{"self":[{"href":"https:\/\/www.europesays.com\/es\/wp-json\/wp\/v2\/posts\/186890","targetHints":{"allow":["GET"]}}],"collection":[{"href":"https:\/\/www.europesays.com\/es\/wp-json\/wp\/v2\/posts"}],"about":[{"href":"https:\/\/www.europesays.com\/es\/wp-json\/wp\/v2\/types\/post"}],"author":[{"embeddable":true,"href":"https:\/\/www.europesays.com\/es\/wp-json\/wp\/v2\/users\/2"}],"replies":[{"embeddable":true,"href":"https:\/\/www.europesays.com\/es\/wp-json\/wp\/v2\/comments?post=186890"}],"version-history":[{"count":0,"href":"https:\/\/www.europesays.com\/es\/wp-json\/wp\/v2\/posts\/186890\/revisions"}],"wp:featuredmedia":[{"embeddable":true,"href":"https:\/\/www.europesays.com\/es\/wp-json\/wp\/v2\/media\/186891"}],"wp:attachment":[{"href":"https:\/\/www.europesays.com\/es\/wp-json\/wp\/v2\/media?parent=186890"}],"wp:term":[{"taxonomy":"category","embeddable":true,"href":"https:\/\/www.europesays.com\/es\/wp-json\/wp\/v2\/categories?post=186890"},{"taxonomy":"post_tag","embeddable":true,"href":"https:\/\/www.europesays.com\/es\/wp-json\/wp\/v2\/tags?post=186890"}],"curies":[{"name":"wp","href":"https:\/\/api.w.org\/{rel}","templated":true}]}}