{"id":186930,"date":"2025-10-19T10:31:08","date_gmt":"2025-10-19T10:31:08","guid":{"rendered":"https:\/\/www.europesays.com\/es\/186930\/"},"modified":"2025-10-19T10:31:08","modified_gmt":"2025-10-19T10:31:08","slug":"el-espiritu-del-chava-pedalea-con-leiva-y-la-m-o-d-a-en-homenaje-ciclista-escalador-avilared","status":"publish","type":"post","link":"https:\/\/www.europesays.com\/es\/186930\/","title":{"rendered":"El espiritu del Chava pedalea con Leiva y La M.O.D.A en homenaje ciclista escalador | \u00c1vilared"},"content":{"rendered":"<p>Se trata de una pieza, una de las 13 de su nuevo \u00e1lbum, \u2018San Felices\u2019, que utiliza la figura del legendario ciclista abulense Jos\u00e9 Mar\u00eda Jim\u00e9nez Sastre como s\u00edmbolo de la superaci\u00f3n personal. M\u00e1s all\u00e1 de ser una referencia deportiva, se establece como un himno a la tenacidad ante las dificultades que entronca con el esp\u00edritu del escalador del El Barraco.<\/p>\n<p>La colaboraci\u00f3n musical se inspira en el apodo de Jim\u00e9nez, conocido popularmente como &#8216;El Chava&#8217;, para creer una letra que canta al esfuerzo, elevando la subida ciclista a una met\u00e1fora universal de la vida. La banda ha reconocido que la referencia a la figura del ciclista, originario de El Barraco, act\u00faa como un disparador para hablar de retos mucho m\u00e1s amplios.<\/p>\n<p>Si se atiende a sus estrofas, la canci\u00f3n establece un di\u00e1logo con el esfuerzo: \u201cLa cuesta se hace larga, m\u00e1s de lo que deber\u00eda\u201d. Y subraya la confrontaci\u00f3n con la dificultad: \u201cVoy subiendo con el Chava Jim\u00e9nez. Hay monta\u00f1as que te ense\u00f1an qui\u00e9n eres\u201d.<\/p>\n<p><strong>Cada curva una herida<\/strong><\/p>\n<p>\u201cMe dejo la piel, cada curva es una herida. Pon el alma en el papel, como el p\u00fablico ped\u00eda\u201d, a\u00f1ade la letra de la canci\u00f3n, recordando la \u00e9pica del deportista.<\/p>\n<p>\u00a0<\/p>\n<p>Jos\u00e9 Mar\u00eda Jim\u00e9nez (El Barraco, 1971-Madrid, 2003), fue ciclista profesional entre 1992 y 2002, y destac\u00f3 como un carism\u00e1tico escalador. Su palmar\u00e9s incluye la victoria en la Volta a Catalu\u00f1a en el a\u00f1o 2000, un Campeonato de Espa\u00f1a de Ciclismo en Ruta (1997) y, sobre todo, su dominio en la Vuelta a Espa\u00f1a, donde consigui\u00f3 la clasificaci\u00f3n de la monta\u00f1a en cuatro ediciones (1997, 1998, 1999 y 2001) y nueve triunfos de etapa.<\/p>\n<p>\u00a0<\/p>\n<p>Los aficionados al ciclismo le recuerdan como un escalador que daba espect\u00e1culo, como su victoria en la m\u00edtica primera ascensi\u00f3n al Alto de l&#8217;Angliru en la Vuelta de 1999. Era su estilo audaz, y a veces err\u00e1tico, lo que le otorg\u00f3 una \u00e9pica y un cari\u00f1o incondicional de los aficionados. Su carrera, marcada por la brillantez en la monta\u00f1a, termin\u00f3 de forma prematura y tr\u00e1gica en 2003, a los 32 a\u00f1os, mientras recib\u00eda tratamiento por depresi\u00f3n, lo que a\u00f1adi\u00f3 m\u00e1s leyenda a su historia.<\/p>\n<p>El proyecto musical de La M.O.D.A. y Leiva\u00a0 cuenta con una inmersi\u00f3n en la cuna del homenajeado, ya que el videoclip de la canci\u00f3n se ha rodado en El Barraco y tiene como protagonista a Carlos Sastre, ganador del Tour de Francia en 2008 y cu\u00f1ado -casado con su hermana- de Jos\u00e9 Mar\u00eda Jim\u00e9nez, adem\u00e1s del peque\u00f1o Yerai Sastre, que viste para la ocasi\u00f3n la camiseta del Banesto que vest\u00eda su t\u00edo.<\/p>\n","protected":false},"excerpt":{"rendered":"Se trata de una pieza, una de las 13 de su nuevo \u00e1lbum, \u2018San Felices\u2019, que utiliza la&hellip;\n","protected":false},"author":2,"featured_media":186931,"comment_status":"","ping_status":"","sticky":false,"template":"","format":"standard","meta":{"footnotes":""},"categories":[273],"tags":[313,312,168,52547,25,24,52548,52546,52545,21851,52549,23,167],"class_list":{"0":"post-186930","1":"post","2":"type-post","3":"status-publish","4":"format-standard","5":"has-post-thumbnail","7":"category-ciclismo","8":"tag-ciclismo","9":"tag-cycling","10":"tag-deportes","11":"tag-el-chava","12":"tag-es","13":"tag-espana","14":"tag-homenaje-musical","15":"tag-jose-maria-jimenez","16":"tag-la-moda","17":"tag-leiva","18":"tag-san-felices-album","19":"tag-spain","20":"tag-sports"},"share_on_mastodon":{"url":"","error":""},"_links":{"self":[{"href":"https:\/\/www.europesays.com\/es\/wp-json\/wp\/v2\/posts\/186930","targetHints":{"allow":["GET"]}}],"collection":[{"href":"https:\/\/www.europesays.com\/es\/wp-json\/wp\/v2\/posts"}],"about":[{"href":"https:\/\/www.europesays.com\/es\/wp-json\/wp\/v2\/types\/post"}],"author":[{"embeddable":true,"href":"https:\/\/www.europesays.com\/es\/wp-json\/wp\/v2\/users\/2"}],"replies":[{"embeddable":true,"href":"https:\/\/www.europesays.com\/es\/wp-json\/wp\/v2\/comments?post=186930"}],"version-history":[{"count":0,"href":"https:\/\/www.europesays.com\/es\/wp-json\/wp\/v2\/posts\/186930\/revisions"}],"wp:featuredmedia":[{"embeddable":true,"href":"https:\/\/www.europesays.com\/es\/wp-json\/wp\/v2\/media\/186931"}],"wp:attachment":[{"href":"https:\/\/www.europesays.com\/es\/wp-json\/wp\/v2\/media?parent=186930"}],"wp:term":[{"taxonomy":"category","embeddable":true,"href":"https:\/\/www.europesays.com\/es\/wp-json\/wp\/v2\/categories?post=186930"},{"taxonomy":"post_tag","embeddable":true,"href":"https:\/\/www.europesays.com\/es\/wp-json\/wp\/v2\/tags?post=186930"}],"curies":[{"name":"wp","href":"https:\/\/api.w.org\/{rel}","templated":true}]}}