{"id":186962,"date":"2025-10-19T10:49:11","date_gmt":"2025-10-19T10:49:11","guid":{"rendered":"https:\/\/www.europesays.com\/es\/186962\/"},"modified":"2025-10-19T10:49:11","modified_gmt":"2025-10-19T10:49:11","slug":"maxima-ventaja-para-el-angel-ximenez-en-segovia-5-8-min-13-on-line","status":"publish","type":"post","link":"https:\/\/www.europesays.com\/es\/186962\/","title":{"rendered":"M\u00e1xima ventaja para el \u00c1ngel Xim\u00e9nez en Segovia (5-8, min. 13, on line)"},"content":{"rendered":"<p>\t\t\t\u00a0<\/p>\n<p>FICHA T\u00c9CNICA<\/p>\n<p>.- (+) BM NAVA: Dzimitry Patotski, Lilian Pasquet (1), Rui Baptista (1), Joao Bandeira (2),Tahu Lufuanitu (), Pablo Herranz y \u00d3scar Marug\u00e1n (1) &#8211; siete inicial &#8211; Mateus \u201cBuda\u201d (), (ps), Josu Arzoz (), Nico Bonanno, Brais Gonz\u00e1lez (), Edu Reig () , Alfredo Otero (), Davide Pugliese, Gonzalo Carr\u00f3 () y Javier Carri\u00f3n ().<\/p>\n<p>.- (+) CAJASOL \u00c1NGEL XIM\u00c9NEZ DE PUENT<\/p>\n<p style=\"text-align:center\"> Para seguir leyendo suscr\u00edbete<\/p>\n<p style=\"text-align:center\"> \u00bfYa est\u00e1s suscrito? <a href=\"https:\/\/cordobadeporte.com\/iniciar-sesion\/\" style=\"color:#72b142;text-decoration:underline\" rel=\"nofollow noopener\" target=\"_blank\">Inicia sesi\u00f3n<\/a><\/p>\n<p>Opciones de suscripci\u00f3nMensual 2025<\/p>\n<p style=\"text-align:center\">3,25\u20ac<br \/>&#13;<br \/>\n3,95\u20ac<br \/>&#13;<br \/>\nAl mes<br \/>&#13;<br \/>\nPago recurrente<\/p>\n<p><strong>3,25 \u20ac cada 1 mes (peri\u00f3dica)<\/strong><\/p>\n<p>Cuatrimestral 2025<\/p>\n<p style=\"text-align:center\">12,25\u20ac<br \/>&#13;<br \/>\n12,95\u20ac<br \/>&#13;<br \/>\nCada 4 meses<br \/>&#13;<br \/>\nPago recurrente<\/p>\n<p><strong>12,25 \u20ac cada 4 meses (peri\u00f3dica)<\/strong><\/p>\n<p>Anual 2025<\/p>\n<p style=\"text-align:center\">31,99\u20ac<br \/>&#13;<br \/>\n34,95\u20ac<br \/>&#13;<br \/>\nAl a\u00f1o<br \/>&#13;<br \/>\nPago recurrente<\/p>\n<p><strong>31,99 \u20ac cada 1 a\u00f1o (peri\u00f3dica)<\/strong><\/p>\n<p style=\"text-align:center;font-size:0.8em;font-weight:400\">PROMOCI\u00d3N V\u00c1LIDA HASTA EL 1 DE ENERO DE 2026<\/p>\n<p><a href=\"http:\/\/ads.cordobadeporte.com\/www\/delivery\/ck.php?n=a67dc791&amp;cb=INSERT_RANDOM_NUMBER_HERE\" target=\"_blank\" rel=\"nofollow noopener\"><img decoding=\"async\" src=\"https:\/\/www.europesays.com\/es\/wp-content\/uploads\/2025\/10\/1760870950_773_avw\" border=\"0\" alt=\"\"\/><\/a><\/p>\n<p><a href=\"http:\/\/ads.cordobadeporte.com\/www\/delivery\/ck.php?n=ad1a0db8&amp;cb=INSERT_RANDOM_NUMBER_HERE\" target=\"_blank\" rel=\"nofollow noopener\"><img decoding=\"async\" src=\"https:\/\/www.europesays.com\/es\/wp-content\/uploads\/2025\/10\/1760870951_153_avw\" border=\"0\" alt=\"\"\/><\/a><\/p>\n","protected":false},"excerpt":{"rendered":"\u00a0 FICHA T\u00c9CNICA .- (+) BM NAVA: Dzimitry Patotski, Lilian Pasquet (1), Rui Baptista (1), Joao Bandeira (2),Tahu&hellip;\n","protected":false},"author":2,"featured_media":186963,"comment_status":"","ping_status":"","sticky":false,"template":"","format":"standard","meta":{"footnotes":""},"categories":[278],"tags":[3043,376,52553,168,25,24,375,52554,1675,11713,23,167],"class_list":{"0":"post-186962","1":"post","2":"type-post","3":"status-publish","4":"format-standard","5":"has-post-thumbnail","7":"category-balonmano","8":"tag-angel-ximenez","9":"tag-balonmano","10":"tag-bm-nava","11":"tag-deportes","12":"tag-es","13":"tag-espana","14":"tag-handball","15":"tag-home5","16":"tag-liga-asobal","17":"tag-puente-genil","18":"tag-spain","19":"tag-sports"},"share_on_mastodon":{"url":"","error":""},"_links":{"self":[{"href":"https:\/\/www.europesays.com\/es\/wp-json\/wp\/v2\/posts\/186962","targetHints":{"allow":["GET"]}}],"collection":[{"href":"https:\/\/www.europesays.com\/es\/wp-json\/wp\/v2\/posts"}],"about":[{"href":"https:\/\/www.europesays.com\/es\/wp-json\/wp\/v2\/types\/post"}],"author":[{"embeddable":true,"href":"https:\/\/www.europesays.com\/es\/wp-json\/wp\/v2\/users\/2"}],"replies":[{"embeddable":true,"href":"https:\/\/www.europesays.com\/es\/wp-json\/wp\/v2\/comments?post=186962"}],"version-history":[{"count":0,"href":"https:\/\/www.europesays.com\/es\/wp-json\/wp\/v2\/posts\/186962\/revisions"}],"wp:featuredmedia":[{"embeddable":true,"href":"https:\/\/www.europesays.com\/es\/wp-json\/wp\/v2\/media\/186963"}],"wp:attachment":[{"href":"https:\/\/www.europesays.com\/es\/wp-json\/wp\/v2\/media?parent=186962"}],"wp:term":[{"taxonomy":"category","embeddable":true,"href":"https:\/\/www.europesays.com\/es\/wp-json\/wp\/v2\/categories?post=186962"},{"taxonomy":"post_tag","embeddable":true,"href":"https:\/\/www.europesays.com\/es\/wp-json\/wp\/v2\/tags?post=186962"}],"curies":[{"name":"wp","href":"https:\/\/api.w.org\/{rel}","templated":true}]}}