{"id":186998,"date":"2025-10-19T11:12:08","date_gmt":"2025-10-19T11:12:08","guid":{"rendered":"https:\/\/www.europesays.com\/es\/186998\/"},"modified":"2025-10-19T11:12:08","modified_gmt":"2025-10-19T11:12:08","slug":"triunfo-para-tomar-aire-de-un-contundente-balonmano-salamanca","status":"publish","type":"post","link":"https:\/\/www.europesays.com\/es\/186998\/","title":{"rendered":"Triunfo para tomar aire de un contundente Balonmano Salamanca"},"content":{"rendered":"<p>El <strong><a href=\"https:\/\/www.tribunasalamanca.com\/buscar\/bm-salamanca\" rel=\"nofollow noopener\" target=\"_blank\">Congesa XXI Ciudad de Salamanca<\/a><\/strong>\u00a0firm\u00f3 su segunda victoria del curso este s\u00e1bado. El cuadro de <strong>Mart\u00edn Rechim\u00f3n<\/strong> dobleg\u00f3 con merecimiento al <strong>Safa Madrid<\/strong> en un encuentro en el que demostraron su poder ofensivo. El 41-36 supuso dejar los dos puntos en casa y coger confianza en un proyecto que quiere crecer sin prisas, pero con pasos firmes.<\/p>\n<p>No hubo que esperar una reacci\u00f3n o que la cosa se pusiera seria para que el BM Salamanca sacara los dientes este s\u00e1bado. El equipo aurinegro sali\u00f3 con<strong> confianza y fuerza<\/strong>, dos caracter\u00edsticas que dejaron claras desde el arranque y que permiti\u00f3 ponerse por delante en el marcador desde el primer minuto. Todo ello con un <strong>Sergio Nicol\u00e1s<\/strong> imperial en ataque y que acab\u00f3 el partido con 14 dianas.<\/p>\n<p>Si bien el Safa Madrid no perdi\u00f3 la cara al encuentro, los locales se fueron al descanso con un 16-12 que permit\u00eda respirar. Una ventaja de cuatro tantos que fue movi\u00e9ndose ligeramente, dando tranquilidad a los salmantinos para acabar con<strong> el 41-36 final.<\/strong> Un triunfo de car\u00e1cter y constancia para un equipo que dio <strong>un paso m\u00e1s en su proyecto.<\/strong><\/p>\n","protected":false},"excerpt":{"rendered":"El Congesa XXI Ciudad de Salamanca\u00a0firm\u00f3 su segunda victoria del curso este s\u00e1bado. El cuadro de Mart\u00edn Rechim\u00f3n&hellip;\n","protected":false},"author":2,"featured_media":186999,"comment_status":"","ping_status":"","sticky":false,"template":"","format":"standard","meta":{"footnotes":""},"categories":[278],"tags":[376,168,25,24,375,23,167],"class_list":{"0":"post-186998","1":"post","2":"type-post","3":"status-publish","4":"format-standard","5":"has-post-thumbnail","7":"category-balonmano","8":"tag-balonmano","9":"tag-deportes","10":"tag-es","11":"tag-espana","12":"tag-handball","13":"tag-spain","14":"tag-sports"},"share_on_mastodon":{"url":"","error":""},"_links":{"self":[{"href":"https:\/\/www.europesays.com\/es\/wp-json\/wp\/v2\/posts\/186998","targetHints":{"allow":["GET"]}}],"collection":[{"href":"https:\/\/www.europesays.com\/es\/wp-json\/wp\/v2\/posts"}],"about":[{"href":"https:\/\/www.europesays.com\/es\/wp-json\/wp\/v2\/types\/post"}],"author":[{"embeddable":true,"href":"https:\/\/www.europesays.com\/es\/wp-json\/wp\/v2\/users\/2"}],"replies":[{"embeddable":true,"href":"https:\/\/www.europesays.com\/es\/wp-json\/wp\/v2\/comments?post=186998"}],"version-history":[{"count":0,"href":"https:\/\/www.europesays.com\/es\/wp-json\/wp\/v2\/posts\/186998\/revisions"}],"wp:featuredmedia":[{"embeddable":true,"href":"https:\/\/www.europesays.com\/es\/wp-json\/wp\/v2\/media\/186999"}],"wp:attachment":[{"href":"https:\/\/www.europesays.com\/es\/wp-json\/wp\/v2\/media?parent=186998"}],"wp:term":[{"taxonomy":"category","embeddable":true,"href":"https:\/\/www.europesays.com\/es\/wp-json\/wp\/v2\/categories?post=186998"},{"taxonomy":"post_tag","embeddable":true,"href":"https:\/\/www.europesays.com\/es\/wp-json\/wp\/v2\/tags?post=186998"}],"curies":[{"name":"wp","href":"https:\/\/api.w.org\/{rel}","templated":true}]}}