{"id":187026,"date":"2025-10-19T11:29:13","date_gmt":"2025-10-19T11:29:13","guid":{"rendered":"https:\/\/www.europesays.com\/es\/187026\/"},"modified":"2025-10-19T11:29:13","modified_gmt":"2025-10-19T11:29:13","slug":"muere-sam-rivers-bajista-de-limp-bizkit-a-los-48-anos-era-magia-pura","status":"publish","type":"post","link":"https:\/\/www.europesays.com\/es\/187026\/","title":{"rendered":"Muere Sam Rivers, bajista de Limp Bizkit, a los 48 a\u00f1os: \u00abEra magia pura\u00bb"},"content":{"rendered":"<p><img fetchpriority=\"high\" class=\"v-a-img\" src=\"https:\/\/www.europesays.com\/es\/wp-content\/uploads\/2025\/10\/bajista.jpg\" loading=\"eager\" decoding=\"async\" alt=\"Sam Rivers, bajista de Limp Bizkit.\"  width=\"1200\" height=\"840\"\/><\/p>\n<p>Sam Rivers, bajista de Limp Bizkit.                  <\/p>\n<p>La banda naci\u00f3 en Florida en 1994 de la mano de Fred Durst, John Otto, DJ Lethal y el propio Rivers<\/p>\n<p><a class=\"v-mdl-ath__fig-a\" href=\"https:\/\/www.elcorreo.com\/autor\/marina-leon-6788.html\" title=\"Marina Le\u00f3n\" rel=\"nofollow noopener\" target=\"_blank\"><br \/>\n<img decoding=\"async\" class=\"v-mdl-ath__img\" src=\"https:\/\/www.europesays.com\/es\/wp-content\/uploads\/2025\/09\/autor-6788-foto-1.jpeg\" alt=\"Marina Le\u00f3n\"\/><br \/>\n<\/a><\/p>\n<p class=\"v-mdl-ath__p v-mdl-ath__p--6\">\nDomingo, 19 de octubre 2025, 11:31<\/p>\n<p class=\"v-p\">El mundo de la m\u00fasica est\u00e1 de luto. Sam Rivers, bajista y miembro fundador de la banda estadounidense Limp Bizkit, ha muerto a los 48 a\u00f1os, tal y como ha anunciado el propio grupo en sus redes sociales. \u00abHoy hemos perdido a nuestro hermano. Nuestro compa\u00f1ero de banda. Nuestro latido\u00bb, cuentan en un comunicado. \u00abSam Rivers no era solo nuestro bajista, era magia pura. El pulso debajo de cada canci\u00f3n, la calma en el caos, el alma en el sonido\u00bb, apuntan. La banda naci\u00f3 en Florida en 1994 de la mano de Fred Durst, John Otto, DJ Lethal y el propio Rivers.<\/p>\n<p class=\"v-p\">\u00abDesde la primera nota que tocamos juntos, Sam aport\u00f3 una luz y un ritmo insuperables. Su talento era espont\u00e1neo, su presencia inolvidable y su coraz\u00f3n enorme\u00bb. Compartimos tantos momentos: salvajes, tranquilos, bellos, y cada uno de ellos signific\u00f3 m\u00e1s porque Sam estaba all\u00ed\u00ab, a\u00f1aden.<\/p>\n<p class=\"v-p\">\u00abFue un tipo de humano que s\u00f3lo se puede hacer una vez en la vida. Una verdadera leyenda de leyendas. Y su esp\u00edritu vivir\u00e1 para siempre en cada surco, cada etapa, cada recuerdo. Te queremos, Sam. Te llevaremos con nosotros, siempre. Descansa tranquilo, hermano. Tu m\u00fasica nunca termina\u00bb, concluye el comunicado, junto a una foto del artista sobre el escenario.<\/p>\n<p>Reporta un error<\/p>\n","protected":false},"excerpt":{"rendered":"Sam Rivers, bajista de Limp Bizkit. La banda naci\u00f3 en Florida en 1994 de la mano de Fred&hellip;\n","protected":false},"author":2,"featured_media":187027,"comment_status":"","ping_status":"","sticky":false,"template":"","format":"standard","meta":{"footnotes":""},"categories":[91],"tags":[10512,988,4666,52543,146,147,981,25,24,43609,8938,52542,27294,1775,23],"class_list":{"0":"post-187026","1":"post","2":"type-post","3":"status-publish","4":"format-standard","5":"has-post-thumbnail","7":"category-entretenimiento","8":"tag-alma","9":"tag-anos","10":"tag-bajista","11":"tag-bizkit","12":"tag-entertainment","13":"tag-entretenimiento","14":"tag-era","15":"tag-es","16":"tag-espana","17":"tag-limp","18":"tag-muere","19":"tag-rivers","20":"tag-sam","21":"tag-sonido","22":"tag-spain"},"share_on_mastodon":{"url":"","error":""},"_links":{"self":[{"href":"https:\/\/www.europesays.com\/es\/wp-json\/wp\/v2\/posts\/187026","targetHints":{"allow":["GET"]}}],"collection":[{"href":"https:\/\/www.europesays.com\/es\/wp-json\/wp\/v2\/posts"}],"about":[{"href":"https:\/\/www.europesays.com\/es\/wp-json\/wp\/v2\/types\/post"}],"author":[{"embeddable":true,"href":"https:\/\/www.europesays.com\/es\/wp-json\/wp\/v2\/users\/2"}],"replies":[{"embeddable":true,"href":"https:\/\/www.europesays.com\/es\/wp-json\/wp\/v2\/comments?post=187026"}],"version-history":[{"count":0,"href":"https:\/\/www.europesays.com\/es\/wp-json\/wp\/v2\/posts\/187026\/revisions"}],"wp:featuredmedia":[{"embeddable":true,"href":"https:\/\/www.europesays.com\/es\/wp-json\/wp\/v2\/media\/187027"}],"wp:attachment":[{"href":"https:\/\/www.europesays.com\/es\/wp-json\/wp\/v2\/media?parent=187026"}],"wp:term":[{"taxonomy":"category","embeddable":true,"href":"https:\/\/www.europesays.com\/es\/wp-json\/wp\/v2\/categories?post=187026"},{"taxonomy":"post_tag","embeddable":true,"href":"https:\/\/www.europesays.com\/es\/wp-json\/wp\/v2\/tags?post=187026"}],"curies":[{"name":"wp","href":"https:\/\/api.w.org\/{rel}","templated":true}]}}