{"id":187042,"date":"2025-10-19T11:40:11","date_gmt":"2025-10-19T11:40:11","guid":{"rendered":"https:\/\/www.europesays.com\/es\/187042\/"},"modified":"2025-10-19T11:40:11","modified_gmt":"2025-10-19T11:40:11","slug":"tadej-pogacar-pone-en-duda-su-presencia-en-la-vuelta-de-2026","status":"publish","type":"post","link":"https:\/\/www.europesays.com\/es\/187042\/","title":{"rendered":"Tadej Pogacar pone en duda su presencia en la Vuelta de 2026"},"content":{"rendered":"<p class=\"ft-text\">Tadej Pogacar, <strong>vigente campe\u00f3n del mundo y ganador de cuatro Tours de Francia<\/strong> (2020, 2021, 2024 y 2025), asegur\u00f3 este domingo en Andorra la Vella que su presencia en la pr\u00f3xima edici\u00f3n de la Vuelta a Espa\u00f1a no est\u00e1 ni mucho menos clara y dej\u00f3 algunas dudas sobre su participaci\u00f3n.<\/p>\n<p class=\"ft-text\">Pogacar cierra su excelente temporada participando en el <a class=\"ft-link ft-link--decoration\" href=\"https:\/\/www.sport.es\/es\/noticias\/ciclismo\/puyol-anfitrion-pogacar-andorra-122768352\" rel=\"nofollow noopener\" target=\"_blank\">Andorra Cycling Masters<\/a>, un duelo a cuatro por las calles de la capital andorrana junto a su compa\u00f1ero de equipo Isaac del Toro, Primoz Roglic y Jonas Vingegaard.<\/p>\n<p class=\"ft-text\">Los cuatro corredores atendieron a la prensa antes de participar en la segunda parte del reto andorrano, un circuito por las calles de Andorra la Vella.<strong> Minutos antes, los cuatro se hab\u00edan batido en una cronoescalada en el col de la Gallina.<\/strong><\/p>\n<p class=\"ft-text\">\u201cHa sido una temporada casi perfecta\u201d apunt\u00f3 el esloveno, \u201cy parece dif\u00edcil mejorarla el a\u00f1o que viene, pero lo intentaremos. De eso se trata, de mejorar cada a\u00f1o\u201d.<\/p>\n<p><img decoding=\"async\" src=\"https:\/\/www.europesays.com\/es\/wp-content\/uploads\/2025\/10\/6b921892-ed74-4544-99e2-7baf1c795890_alta-libre-aspect-ratio_default_0.jpg\" width=\"1200\" height=\"675\" alt=\"Carles Puyol, junto a Tadej Pogacar\" class=\"ft-helper-img-rd\" loading=\"lazy\" hasdataaida=\"true\"\/><\/p>\n<p class=\"ft-helper-fontColor-quaternary ft-helper-fontSize-body-S ft-helper-spacer-t-xxs\">Carles Puyol, junto a Tadej Pogacar  \/ Andorra Cycling Masters<\/p>\n<p class=\"ft-text\">Preguntado por su posible presencia en la Vuelta a Espa\u00f1a de 2026, que precisamente sale de M\u00f3naco, su lugar de residencia, Pogacar ofreci\u00f3 alguna duda.<\/p>\n<p class=\"ft-text\">\u201cEs una pregunta complicada\u201d, argument\u00f3, \u201cporque los campeonatos del mundo se celebran en Canad\u00e1 [en la ciudad de Montreal], <strong>poco despu\u00e9s de algunas cl\u00e1sicas tambi\u00e9n en Canad\u00e1<\/strong>\u201d, en las que te\u00f3ricamente Pogacar participar\u00e1, como ha acostumbrado a hacer en las \u00faltimas temporadas.<\/p>\n<p class=\"ft-text\">\u201cPero todav\u00eda falta bastante para que decidamos el calendario del a\u00f1o que viene, aunque la Vuelta siempre es una posibilidad\u201d, dijo Pogacar. Curiosamente, entre los asistentes al Andorra Cycling Masters est\u00e1 Javier Guill\u00e9n, director de la Vuelta a Espa\u00f1a.<\/p>\n<p><img decoding=\"async\" src=\"https:\/\/www.europesays.com\/es\/wp-content\/uploads\/2025\/10\/b5626ad8-41c3-43d9-8a1c-3749810dff37_alta-libre-aspect-ratio_default_0.jpg\" width=\"1200\" height=\"675\" alt=\"Pogacar y Vingegaard se dan cita en el Andorra Cycling Masters 2025 hoy domingo 19 de octubre\" class=\"ft-helper-img-rd\" loading=\"lazy\" hasdataaida=\"true\"\/><\/p>\n<p class=\"ft-helper-fontColor-quaternary ft-helper-fontSize-body-S ft-helper-spacer-t-xxs\">Pogacar y Vingegaard se dan cita en el Andorra Cycling Masters 2025 hoy domingo 19 de octubre  \/ CHRISTOPHE PETIT TESSON<\/p>\n<p class=\"ft-text\">Pogacar ya fue podio en la Vuelta a Espa\u00f1a 2019, pero a\u00fan no ha ganado la carrera. Es la \u00fanica de las tres grandes que falta en su palmar\u00e9s, que ya cuenta con cuatro Tours y un Giro de Italia.<\/p>\n<p>Vingegaard y el sue\u00f1o del Giro<\/p>\n<p class=\"ft-text\">Tambi\u00e9n Jonas Vingegaard habl\u00f3 sobre sus planes para 2026, aunque sin concretar demasiado. Admiti\u00f3 que \u201cganar las tres grandes es un sue\u00f1o\u201d, por lo que dej\u00f3 abierta la posibilidad de participar en el Giro, para intentar ganar por primera vez la \u2018corsa rosa\u2019.<\/p>\n<p class=\"ft-text\">\u201cA\u00fan no me he sentado con el equipo para definir los objetivos de 2026, pero el Tour siempre es la meta principal de cada a\u00f1o, y en 2026 seguir\u00e1 si\u00e9ndolo\u201d, dijo el dan\u00e9s.<\/p>\n<p>Remco y Roglic comparten equipo<\/p>\n<p class=\"ft-text\">Por su parte, Roglic se refiri\u00f3 tambi\u00e9n a la pr\u00f3xima temporada, en la que compartir\u00e1 equipo con otro de los grandes del ciclismo mundial, Remco Evenepoel.<strong> \u201cHabr\u00e1 carreras para todos, por suerte el calendario ofrece muchas oportunidades\u201d, dijo el esloveno. <\/strong><\/p>\n<p class=\"ft-text\">\u201cQuiz\u00e1 me pueda centrar en participar m\u00e1s en las carreras espa\u00f1olas, se me dan bien\u201d, gui\u00f1\u00f3, en alusi\u00f3n a las cuatro ediciones de la Vuelta a Espa\u00f1a que lucen en su palmar\u00e9s.<\/p>\n","protected":false},"excerpt":{"rendered":"Tadej Pogacar, vigente campe\u00f3n del mundo y ganador de cuatro Tours de Francia (2020, 2021, 2024 y 2025),&hellip;\n","protected":false},"author":2,"featured_media":187043,"comment_status":"","ping_status":"","sticky":false,"template":"","format":"standard","meta":{"footnotes":""},"categories":[273],"tags":[313,312,168,2681,25,24,549,1150,2682,23,167,548,463],"class_list":{"0":"post-187042","1":"post","2":"type-post","3":"status-publish","4":"format-standard","5":"has-post-thumbnail","7":"category-ciclismo","8":"tag-ciclismo","9":"tag-cycling","10":"tag-deportes","11":"tag-duda","12":"tag-es","13":"tag-espana","14":"tag-pogacar","15":"tag-pone","16":"tag-presencia","17":"tag-spain","18":"tag-sports","19":"tag-tadej","20":"tag-tadej-pogacar"},"share_on_mastodon":{"url":"","error":""},"_links":{"self":[{"href":"https:\/\/www.europesays.com\/es\/wp-json\/wp\/v2\/posts\/187042","targetHints":{"allow":["GET"]}}],"collection":[{"href":"https:\/\/www.europesays.com\/es\/wp-json\/wp\/v2\/posts"}],"about":[{"href":"https:\/\/www.europesays.com\/es\/wp-json\/wp\/v2\/types\/post"}],"author":[{"embeddable":true,"href":"https:\/\/www.europesays.com\/es\/wp-json\/wp\/v2\/users\/2"}],"replies":[{"embeddable":true,"href":"https:\/\/www.europesays.com\/es\/wp-json\/wp\/v2\/comments?post=187042"}],"version-history":[{"count":0,"href":"https:\/\/www.europesays.com\/es\/wp-json\/wp\/v2\/posts\/187042\/revisions"}],"wp:featuredmedia":[{"embeddable":true,"href":"https:\/\/www.europesays.com\/es\/wp-json\/wp\/v2\/media\/187043"}],"wp:attachment":[{"href":"https:\/\/www.europesays.com\/es\/wp-json\/wp\/v2\/media?parent=187042"}],"wp:term":[{"taxonomy":"category","embeddable":true,"href":"https:\/\/www.europesays.com\/es\/wp-json\/wp\/v2\/categories?post=187042"},{"taxonomy":"post_tag","embeddable":true,"href":"https:\/\/www.europesays.com\/es\/wp-json\/wp\/v2\/tags?post=187042"}],"curies":[{"name":"wp","href":"https:\/\/api.w.org\/{rel}","templated":true}]}}