{"id":187054,"date":"2025-10-19T11:46:07","date_gmt":"2025-10-19T11:46:07","guid":{"rendered":"https:\/\/www.europesays.com\/es\/187054\/"},"modified":"2025-10-19T11:46:07","modified_gmt":"2025-10-19T11:46:07","slug":"el-indice-de-lectura-en-andalucia-ha-pasado-del-57-al-622","status":"publish","type":"post","link":"https:\/\/www.europesays.com\/es\/187054\/","title":{"rendered":"El \u00edndice de lectura en Andaluc\u00eda ha pasado del 57 al 62,2 %"},"content":{"rendered":"<p>Sevilla, (EFE).- El \u00edndice de lectura en Andaluc\u00eda ha crecido 5,6 puntos desde 2019 hasta 2025, pasando del 57 % al 62,6 %, un aumento en el que ha sido determinante la labor de las bibliotecas, seg\u00fan la titular de Cultura, Patricia del Pozo.<\/p>\n<p>Esto supone el segundo mayor aumento en t\u00e9rminos absolutos del periodo entre las comunidades, solo por detr\u00e1s de Galicia, tal como se recoge en el \u00faltimo Bar\u00f3metro de H\u00e1bitos de Lectura y Compra de Libros en Espa\u00f1a 2024, ha informado la consejer\u00eda en una nota.<\/p>\n<p>Estos datos, ha se\u00f1alado Del Pozo, son \u00abesperanzadores\u00bb y \u00abmuestran una buena evoluci\u00f3n, ya que han permitido acercar el h\u00e1bito lector en Andaluc\u00eda a la media nacional\u00bb.<\/p>\n<p>Del Pozo ha subrayado, en el caso concreto de la red de Andaluc\u00eda, que la inversi\u00f3n realizada, de m\u00e1s de 320.000 euros, con cargo a fondos europeos, ha servido para la adquisici\u00f3n de m\u00e1s de 18.700 t\u00edtulos de los que se han beneficiado las ocho bibliotecas p\u00fablicas provinciales gestionadas por la consejer\u00eda.<\/p>\n<p>D\u00eda de las Bibliotecas<\/p>\n<p>Son estas bibliotecas p\u00fablicas provinciales las que concentran las actividades de Cultura y Deporte para conmemorar el D\u00eda de las Bibliotecas, el pr\u00f3ximo 24 de octubre, aunque tambi\u00e9n se han organizado propuestas desde el Patronato de la Alhambra y el Generalife, el Archivo General de Andaluc\u00eda y el Centro de Investigaci\u00f3n y Recursos de las Artes Esc\u00e9nicas de Andaluc\u00eda.<\/p>\n<p>En Almer\u00eda las actividades se centran en la Biblioteca Provincial Francisco Villaespesa, que propone un <a href=\"https:\/\/efe.com\/navarra\/2023-10-30\/el-castanero-de-san-ignacio-30-anos-de-cuentacuentos-de-la-mano-del-enanito-fermin\/\" target=\"_blank\" rel=\"noreferrer noopener nofollow\">cuentacuentos<\/a> para centros educativos de Infantil y un taller para adultos.<\/p>\n<p>La Biblioteca Provincial de C\u00e1diz ha organizado, en cambio, visitas teatralizadas para un p\u00fablico general y familiar, con el fin de dar a conocer a los ciudadanos sus instalaciones, tanto las de uso p\u00fablico como las de acceso limitado. Estos recorridos se realizar\u00e1n el 23 y 24 de octubre.<\/p>\n<p>P\u00fablico infantil<\/p>\n<p>Por su parte, la Biblioteca Provincial de Granada inicia su conmemoraci\u00f3n con la inauguraci\u00f3n el 20 de octubre de la exposici\u00f3n bibliogr\u00e1fica \u2018Historias entre estanter\u00edas\u2019; a la que se sumar\u00e1n talleres y cuentacuentos.<\/p>\n<p>Adem\u00e1s, el <a href=\"https:\/\/www.alhambra-patronato.es\/\" target=\"_blank\" rel=\"noreferrer noopener nofollow\">Patronato de la Alhambra y el Generalife<\/a> se suma a la conmemoraci\u00f3n con la organizaci\u00f3n de visitas guitadas gratuitas, el 23 y 24 de octubre, a la Biblioteca de la Alhambra.<\/p>\n<p>El p\u00fablico infantil es el protagonista de la celebraci\u00f3n de esta efem\u00e9ride en la Biblioteca Provincial de Huelva, con un encuentro con los Hermanos Mac\u00edas, creadores de \u2018Biblos, superh\u00e9roe de biblioteca\u2019; y un taller de creaci\u00f3n art\u00edstica y literaria; en la de Ja\u00e9n con un cuentacuentos y \u2018El Gran Juego de la Biblioteca\u2019; y Biblioteca Provincial de M\u00e1laga ha organizado una visita guiada por sus instalaciones.<\/p>\n<p>En Sevilla, la Biblioteca Provincial Infanta Elena propone un gran juego en el que el centro se convierte en un tablero gigante abierto a todos los p\u00fablicos; el Centro de Investigaci\u00f3n y Recursos de las Artes Esc\u00e9nicas de Andaluc\u00eda, una cita para unir literatura y teatro; y el Archivo General de Andaluc\u00eda, las III Jornadas Bibliocartuja. EFE<\/p>\n","protected":false},"excerpt":{"rendered":"Sevilla, (EFE).- El \u00edndice de lectura en Andaluc\u00eda ha crecido 5,6 puntos desde 2019 hasta 2025, pasando del&hellip;\n","protected":false},"author":2,"featured_media":187055,"comment_status":"","ping_status":"","sticky":false,"template":"","format":"standard","meta":{"footnotes":""},"categories":[172],"tags":[224,146,147,25,24,225,671,1171,23],"class_list":{"0":"post-187054","1":"post","2":"type-post","3":"status-publish","4":"format-standard","5":"has-post-thumbnail","7":"category-libros","8":"tag-books","9":"tag-entertainment","10":"tag-entretenimiento","11":"tag-es","12":"tag-espana","13":"tag-libros","14":"tag-literatura","15":"tag-sevilla","16":"tag-spain"},"share_on_mastodon":{"url":"","error":""},"_links":{"self":[{"href":"https:\/\/www.europesays.com\/es\/wp-json\/wp\/v2\/posts\/187054","targetHints":{"allow":["GET"]}}],"collection":[{"href":"https:\/\/www.europesays.com\/es\/wp-json\/wp\/v2\/posts"}],"about":[{"href":"https:\/\/www.europesays.com\/es\/wp-json\/wp\/v2\/types\/post"}],"author":[{"embeddable":true,"href":"https:\/\/www.europesays.com\/es\/wp-json\/wp\/v2\/users\/2"}],"replies":[{"embeddable":true,"href":"https:\/\/www.europesays.com\/es\/wp-json\/wp\/v2\/comments?post=187054"}],"version-history":[{"count":0,"href":"https:\/\/www.europesays.com\/es\/wp-json\/wp\/v2\/posts\/187054\/revisions"}],"wp:featuredmedia":[{"embeddable":true,"href":"https:\/\/www.europesays.com\/es\/wp-json\/wp\/v2\/media\/187055"}],"wp:attachment":[{"href":"https:\/\/www.europesays.com\/es\/wp-json\/wp\/v2\/media?parent=187054"}],"wp:term":[{"taxonomy":"category","embeddable":true,"href":"https:\/\/www.europesays.com\/es\/wp-json\/wp\/v2\/categories?post=187054"},{"taxonomy":"post_tag","embeddable":true,"href":"https:\/\/www.europesays.com\/es\/wp-json\/wp\/v2\/tags?post=187054"}],"curies":[{"name":"wp","href":"https:\/\/api.w.org\/{rel}","templated":true}]}}