{"id":187081,"date":"2025-10-19T12:05:19","date_gmt":"2025-10-19T12:05:19","guid":{"rendered":"https:\/\/www.europesays.com\/es\/187081\/"},"modified":"2025-10-19T12:05:19","modified_gmt":"2025-10-19T12:05:19","slug":"incomoda-visita-a-granada","status":"publish","type":"post","link":"https:\/\/www.europesays.com\/es\/187081\/","title":{"rendered":"Inc\u00f3moda visita a Granada"},"content":{"rendered":"<p>\n        El Baskonia retoma hoy (18.00 horas) el pulso a la ACB con una salida relativamente asequible que, a tenor de las ausencias en la expedici\u00f3n,<strong> tiene visos de convertirse en un campo de minas. <\/strong>En el Palacio de los Deportes de Granada aguarda uno de los modestos de la competici\u00f3n dom\u00e9stica que ha arrancado la temporada con el pie torcido tras sufrir sendas derrotas ante el Joventut (75-87) y el Manresa (83-68).\n<\/p>\n<p class=\"article-body__text \">\n        El inconveniente para la escu\u00e1lida escuadra vitoriana <strong>no son tan solo las sensibles bajas de Trent Forrest, Markus Howard y Rodions Kurucs<\/strong> sino tambi\u00e9n su falta de confianza y el importante desgaste a nivel f\u00edsico y mental originado por la doble jornada de Euroliga.\n<\/p>\n<p>            <a href=\"https:\/\/www.noticiasdealava.eus\/baskonia\/2025\/10\/18\/reencuentro-emotivo-baskonia-pablo-pin-granada-10233214.html\" title=\"Un reencuentro emotivo para Pablo Pin\" class=\"new__media\" rel=\"nofollow noopener\" target=\"_blank\"><\/p>\n<p>                <img alt=\"Un reencuentro emotivo para Pablo Pin\" data-src=\"https:\/\/www.europesays.com\/es\/wp-content\/uploads\/2025\/08\/963477f3-f46b-4503-8d57-86a766963b3e_16-9-aspect-ratio_default_0_x634y286.jpg\" class=\"lozad\"\/><\/p>\n<p>        <\/a><\/p>\n<p>        <a href=\"https:\/\/www.noticiasdealava.eus\/baskonia\/2025\/10\/18\/reencuentro-emotivo-baskonia-pablo-pin-granada-10233214.html\" title=\"Un reencuentro emotivo para Pablo Pin\" class=\"new__headline\" rel=\"nofollow noopener\" target=\"_blank\"><br \/>\n            Un reencuentro emotivo para Pablo Pin<br \/>\n        <\/a><\/p>\n<p class=\"article-body__text \">\n        Todo el mundo es consciente de que al Baskonia se le suelen atragantar esta clase de partidos cuando viene de realizar esfuerzos continuados en un corto intervalo de tiempo, mucho m\u00e1s si hay alg\u00fan viaje de por medio. Pues bien, <strong>con una autoestima baj\u00edsima y un ej\u00e9rcito diezmado en cuanto a efectivos, <\/strong>la monta\u00f1a se encuentra m\u00e1s empinada si cabe.\n<\/p>\n<p class=\"article-body__text \">\n        Rezagado en la Euroliga desde el inicio, la importancia de ganar en tierras andaluzas es incuestionable para un Baskonia que no puede desfallecer <strong>si quiere estar presente en la Copa prevista en febrero del a\u00f1o que viene en el Roig Arena de Valencia. <\/strong>\n<\/p>\n<p class=\"article-body__text \">\n        El conjunto de Galbiati <strong>necesita imponer su jerarqu\u00eda en una pista donde no le esperar\u00e1n precisamente con los brazos abiertos.<\/strong> Tras darle vueltas a la elecci\u00f3n de los extracomunitarios en jornadas anteriores, el italiano tan solo podr\u00e1 disponer este domingo de Nowell.\n<\/p>\n<p class=\"article-body__text \">\n        El estado de m\u00e1xima necesidad del Granada le convierte en un rival si cabe m\u00e1s peligroso. El club nazar\u00ed, lugar de procedencia de Pablo Pin <strong>\u2013el ayudante del t\u00e9cnico italiano permaneci\u00f3 all\u00ed la friolera de 13 temporadas logrando cuatro hist\u00f3ricos ascensos desde Nacional hasta la ACB\u2013 <\/strong>viene de una temporada convulsa en la que logr\u00f3 mantenerse en la \u00e9lite gracias a una decisi\u00f3n en los despachos.\n<\/p>\n<p>            <a href=\"https:\/\/www.noticiasdealava.eus\/baskonia\/2025\/10\/18\/kobi-simmons-refuerza-puesto-base-10233404.html\" title=\"El Baskonia firma al base Kobi Simmons para dos meses\" class=\"new__media\" rel=\"nofollow noopener\" target=\"_blank\"><\/p>\n<p>                <img alt=\"El Baskonia firma al base Kobi Simmons para dos meses\" data-src=\"https:\/\/www.europesays.com\/es\/wp-content\/uploads\/2025\/10\/1c3378b5-6720-460f-89b0-79d8818a7fb7_16-9-aspect-ratio_default_0.jpg\" class=\"lozad\"\/><\/p>\n<p>        <\/a><\/p>\n<p>        <a href=\"https:\/\/www.noticiasdealava.eus\/baskonia\/2025\/10\/18\/kobi-simmons-refuerza-puesto-base-10233404.html\" title=\"El Baskonia firma al base Kobi Simmons para dos meses\" class=\"new__headline\" rel=\"nofollow noopener\" target=\"_blank\"><br \/>\n            El Baskonia firma al base Kobi Simmons para dos meses<br \/>\n        <\/a><\/p>\n<p class=\"article-body__text \">\n        Cabe recordar que, bien entrado el mes de julio, la Asamblea de la ACB decidi\u00f3 rechazar la afiliaci\u00f3n del Real Betis Baloncesto tras su ascenso procedente de la 1\u00aa FEB (antigua LEB Oro) despu\u00e9s de no superar los tr\u00e1mites burocr\u00e1ticos ni los requisitos econ\u00f3micos exigidos para su inscripci\u00f3n.\n<\/p>\n<p class=\"article-body__text \">\n        Esa plaza vacante fue ofrecida nuevamente por los gestores de la patronal al Granada, que de momento no conoce las mieles del triunfo <strong>tras un verano en el que ha dado una fuerte sacudida a su plantilla.<\/strong>\n<\/p>\n<p>  <strong>Matt Thomas, la amenaza <\/strong><\/p>\n<p class=\"article-body__text \">\n        En las filas locales destaca sobremanera la presencia de Matt Thomas. <strong>El escolta estadounidense, con pasado en la NBA, la Euroliga y equipos de la ACB como el Valencia Basket,<\/strong> est\u00e1 llamado a ser la estrella del Granada y uno de los anotadores m\u00e1s compulsivos del torneo.\n<\/p>\n<p class=\"article-body__text \">\n        Eso s\u00ed, su entrenador Ram\u00f3n D\u00edaz <strong>se encuentra expuesto a quedarse sin su municion ofensiva en cualquier momento de la campa\u00f1a,<\/strong> ya que dispone de una cl\u00e1usula muy baja en su contrato para fichar por un conjunto de Euroliga.\n<\/p>\n<p>            <a href=\"https:\/\/www.noticiasdealava.eus\/baskonia\/2025\/10\/17\/paolo-galbiati-10232356.html\" title=\"Paolo Galbiati: &quot;Creo en mis jugadores y creo en mi trabajo&quot;\" class=\"new__media\" rel=\"nofollow noopener\" target=\"_blank\"><\/p>\n<p>                <img alt=\"Paolo Galbiati: &quot;Creo en mis jugadores y creo en mi trabajo&quot;\" data-src=\"https:\/\/www.europesays.com\/es\/wp-content\/uploads\/2025\/10\/399ca533-d76e-462d-b4f2-e0314ceaadb9_16-9-aspect-ratio_default_0_x938y597.jpg\" class=\"lozad\"\/><\/p>\n<p>        <\/a><\/p>\n<p>        <a href=\"https:\/\/www.noticiasdealava.eus\/baskonia\/2025\/10\/17\/paolo-galbiati-10232356.html\" title=\"Paolo Galbiati: &quot;Creo en mis jugadores y creo en mi trabajo&quot;\" class=\"new__headline\" rel=\"nofollow noopener\" target=\"_blank\"><br \/>\n            Paolo Galbiati: \u00abCreo en mis jugadores y creo en mi trabajo\u00bb<br \/>\n        <\/a><\/p>\n<p class=\"article-body__text \">\n        Adem\u00e1s de Thomas, el Granada sigue contando entre sus filas con cl\u00e1sicos como Rousselle, Burjanadze y Valtonen. De cara a la temporada 2025-26 las otras novedades han sido el base Micah Speight, los exteriores Jovan Kljajic y Travis Munnings y los interiores Luka Bozic <strong>\u2013su hombre m\u00e1s valorado en estas dos primeras jornada con 22,5 cr\u00e9ditos de media\u2013<\/strong>, Zach Hankins y Babatunde Olumuyiwa.<\/p>\n","protected":false},"excerpt":{"rendered":"El Baskonia retoma hoy (18.00 horas) el pulso a la ACB con una salida relativamente asequible que, a&hellip;\n","protected":false},"author":2,"featured_media":187082,"comment_status":"","ping_status":"","sticky":false,"template":"","format":"standard","meta":{"footnotes":""},"categories":[269],"tags":[299,298,4714,168,25,24,494,11899,23,167,938],"class_list":{"0":"post-187081","1":"post","2":"type-post","3":"status-publish","4":"format-standard","5":"has-post-thumbnail","7":"category-baloncesto","8":"tag-baloncesto","9":"tag-basketball","10":"tag-baskonia","11":"tag-deportes","12":"tag-es","13":"tag-espana","14":"tag-granada","15":"tag-incomoda","16":"tag-spain","17":"tag-sports","18":"tag-visita"},"share_on_mastodon":{"url":"","error":""},"_links":{"self":[{"href":"https:\/\/www.europesays.com\/es\/wp-json\/wp\/v2\/posts\/187081","targetHints":{"allow":["GET"]}}],"collection":[{"href":"https:\/\/www.europesays.com\/es\/wp-json\/wp\/v2\/posts"}],"about":[{"href":"https:\/\/www.europesays.com\/es\/wp-json\/wp\/v2\/types\/post"}],"author":[{"embeddable":true,"href":"https:\/\/www.europesays.com\/es\/wp-json\/wp\/v2\/users\/2"}],"replies":[{"embeddable":true,"href":"https:\/\/www.europesays.com\/es\/wp-json\/wp\/v2\/comments?post=187081"}],"version-history":[{"count":0,"href":"https:\/\/www.europesays.com\/es\/wp-json\/wp\/v2\/posts\/187081\/revisions"}],"wp:featuredmedia":[{"embeddable":true,"href":"https:\/\/www.europesays.com\/es\/wp-json\/wp\/v2\/media\/187082"}],"wp:attachment":[{"href":"https:\/\/www.europesays.com\/es\/wp-json\/wp\/v2\/media?parent=187081"}],"wp:term":[{"taxonomy":"category","embeddable":true,"href":"https:\/\/www.europesays.com\/es\/wp-json\/wp\/v2\/categories?post=187081"},{"taxonomy":"post_tag","embeddable":true,"href":"https:\/\/www.europesays.com\/es\/wp-json\/wp\/v2\/tags?post=187081"}],"curies":[{"name":"wp","href":"https:\/\/api.w.org\/{rel}","templated":true}]}}