{"id":187087,"date":"2025-10-19T12:08:09","date_gmt":"2025-10-19T12:08:09","guid":{"rendered":"https:\/\/www.europesays.com\/es\/187087\/"},"modified":"2025-10-19T12:08:09","modified_gmt":"2025-10-19T12:08:09","slug":"varios-encapuchados-roban-nueve-joyas-de-napoleon-en-el-museo-del-louvre","status":"publish","type":"post","link":"https:\/\/www.europesays.com\/es\/187087\/","title":{"rendered":"Varios encapuchados roban nueve joyas de Napole\u00f3n en el museo del Louvre"},"content":{"rendered":"<p style=\"\">Estupefacci\u00f3n nacional. El <strong>Louvre<\/strong>, Museo Nacional, el museo m\u00e1s visitado del mundo, antigua residencia de los reyes de Francia, ha sido v\u00edctima, este domingo, de un <strong>robo de joyas<\/strong> que sorprende, as\u00ed mismo, por la espectacular facilidad con la que se consum\u00f3 el  &#8230; atraco por un valor econ\u00f3mico desconocido y un valor simb\u00f3lico excepcional.<\/p>\n<p class=\"voc-p\" style=\"\">Hacia las <strong>9.45 horas <\/strong>de la ma\u00f1ana, cuando una larga hilera de visitantes esperaban entrar por la muy estrecha entrada de la pir\u00e1mide instalada en el antiguo \u00abpatio real\u00bb del museo, varios ladrones,<strong> encapuchados<\/strong>, entraron en el museo por una ventana, frente al Sena, <strong>utilizando un montacargas<\/strong> empleado por los obreros que realizan obras de rehabilitaci\u00f3n desde hace a\u00f1os.<\/p>\n<p class=\"voc-p\" style=\"\">Los ladrones<strong> entraron en el museo sin \u00abproblemas\u00bb<\/strong> ni obst\u00e1culos, robaron un \u00abtesoro\u00bb en joyas preciosas de un valor econ\u00f3mico todav\u00eda desconocido, y pudieron huir, en moto, utilizando las v\u00edas de circulaci\u00f3n que funcionan por las orillas del Sena. Polic\u00eda y servicios de seguridad reaccionaron con una eficacia tard\u00eda.<\/p>\n<p><img decoding=\"async\" loading=\"lazy\" src=\"https:\/\/www.europesays.com\/es\/wp-content\/uploads\/2025\/10\/grua-U701073876743fII--760x427@diario_abc.jpg\" class=\"voc-img\" width=\"759\" height=\"427\" alt=\"La Polic\u00eda francesa, junto al montacargas utilizado por los ladrones para entrar al museo\" data-voc-vtm-id=\"in-text-traffic\"\/><\/p>\n<p>La Polic\u00eda francesa, junto al montacargas utilizado por los ladrones para entrar al museo<\/p>\n<p>Reuters<\/p>\n<p class=\"voc-p\" style=\"\">La direcci\u00f3n del museo, se limit\u00f3 a anunciar que el Louvre estar\u00eda cerrado \u00abtodo el d\u00eda\u00bb, por razones \u00abexcepcionales\u00bb. Rachida Dati, ministra de cultura, hizo esta declaraci\u00f3n una hora corta despu\u00e9s del robo, sin precedentes: \u00ab<strong>No hay heridos por lamentar<\/strong>. Me encuentro en el museo, acompa\u00f1ada de la direccion y los servicios de seguridad. Estamos haciendo las constataciones imprescindibles para tomar las medidas apropiadas\u00bb.<\/p>\n<p class=\"voc-p\" style=\"\">Seg\u00fan recogen los medios franceses, los delincuentes robaron <strong>nueve piezas de joyer\u00eda<\/strong> que estaban expuestas en la galer\u00eda Apollon, pertenecientes a la <strong>colecci\u00f3n de joyas de Napole\u00f3n y la Emperatriz<\/strong>. <a href=\"https:\/\/www.leparisien.fr\/faits-divers\/direct-braquage-au-musee-du-louvre-des-bijoux-voles-les-voleurs-en-fuite-19-10-2025-VJLHIAMSDZB47GFDQ7MP445ARU.php\" title=\"www.leparisien.fr\" data-voc-vtm-id=\"in-text-traffic\" data-mrf-link=\"www.leparisien.fr\" rel=\"nofollow noopener\" target=\"_blank\">Le Parisien<\/a> advierte, adem\u00e1s, que uno de los objetos robados habr\u00eda sido encontrado en los alrededores del museo y que las investigaciones apuntan a que podr\u00eda ser la <strong>corona de la emperatriz Eugenia<\/strong>, que se habr\u00eda roto. <\/p>\n<p class=\"voc-p\" style=\"\">No era un secreto que el gran museo nacional, el museo m\u00e1s visitado del mundo, atravesaba, desde hace a\u00f1os, <strong>una gran crisis<\/strong> de fondo y forma.<\/p>\n<p class=\"voc-p\" style=\"\">Las entradas al Louvre, por la \u00abrue\u00bb de Rivoli y la pir\u00e1mide en vidrio, instalada en el antiguo \u00abpatio real\u00bb, se quedaron anticuadas, hace a\u00f1os. Los ocho millones de visitantes del a\u00f1o pasado tuvieron que hacer grandes y muy largas colas, para entrar, api\u00f1ados, en un museo legendario, tras esperar entre treinta y sesenta minutos, a la intemperie, con frecuencia. Las idas y venidas por las grandes salas reclaman mucha paciencia. Contemplar la Gioconda, unos segundos, requiere entre treinta y sesenta minutos de espera\u2026<\/p>\n<p class=\"voc-p\" style=\"\">Ante esos y otros problemas de fondo, el presidente Emmanuel Macron anuncio a primeros de a\u00f1o la realizaci\u00f3n de <a href=\"https:\/\/www.abc.es\/cultura\/arte\/macron-anuncia-medidas-salvar-louvre-precios-altos-20250128165842-nt.html\" data-voc-vtm-id=\"in-text-traffic\" title=\"\u00abgrandes trabajos\u00bb\" rel=\"nofollow noopener\" target=\"_blank\">\u00abgrandes trabajos\u00bb<\/a> destinados a modernizar y ampliar el Louvre. Esos trabajos hab\u00edan comenzado, con dram\u00e1tica fortuna: los ladrones han utilizado uno de los montacargas utilizados en el proceso de modernizaci\u00f3n para entrar sin problemas en un museo hist\u00f3rico, legendario, benefici\u00e1ndose de la <strong>ineficacia aparente<\/strong> y tr\u00e1gica de unos servicios de seguridad que han destacado por su \u00abinexistencia\u00bb.<\/p>\n","protected":false},"excerpt":{"rendered":"Estupefacci\u00f3n nacional. El Louvre, Museo Nacional, el museo m\u00e1s visitado del mundo, antigua residencia de los reyes de&hellip;\n","protected":false},"author":2,"featured_media":187088,"comment_status":"","ping_status":"","sticky":false,"template":"","format":"standard","meta":{"footnotes":""},"categories":[173],"tags":[229,233,231,230,25663,232,234,146,147,25,24,9212,470,4759,52572,7561,23,52571],"class_list":{"0":"post-187087","1":"post","2":"type-post","3":"status-publish","4":"format-standard","5":"has-post-thumbnail","7":"category-arte-y-diseno","8":"tag-arte","9":"tag-arte-y-diseno","10":"tag-arts","11":"tag-arts-and-design","12":"tag-cierran","13":"tag-design","14":"tag-diseno","15":"tag-entertainment","16":"tag-entretenimiento","17":"tag-es","18":"tag-espana","19":"tag-louvre","20":"tag-museo","21":"tag-paris","22":"tag-reportar","23":"tag-robo","24":"tag-spain","25":"tag-tars"},"share_on_mastodon":{"url":"","error":""},"_links":{"self":[{"href":"https:\/\/www.europesays.com\/es\/wp-json\/wp\/v2\/posts\/187087","targetHints":{"allow":["GET"]}}],"collection":[{"href":"https:\/\/www.europesays.com\/es\/wp-json\/wp\/v2\/posts"}],"about":[{"href":"https:\/\/www.europesays.com\/es\/wp-json\/wp\/v2\/types\/post"}],"author":[{"embeddable":true,"href":"https:\/\/www.europesays.com\/es\/wp-json\/wp\/v2\/users\/2"}],"replies":[{"embeddable":true,"href":"https:\/\/www.europesays.com\/es\/wp-json\/wp\/v2\/comments?post=187087"}],"version-history":[{"count":0,"href":"https:\/\/www.europesays.com\/es\/wp-json\/wp\/v2\/posts\/187087\/revisions"}],"wp:featuredmedia":[{"embeddable":true,"href":"https:\/\/www.europesays.com\/es\/wp-json\/wp\/v2\/media\/187088"}],"wp:attachment":[{"href":"https:\/\/www.europesays.com\/es\/wp-json\/wp\/v2\/media?parent=187087"}],"wp:term":[{"taxonomy":"category","embeddable":true,"href":"https:\/\/www.europesays.com\/es\/wp-json\/wp\/v2\/categories?post=187087"},{"taxonomy":"post_tag","embeddable":true,"href":"https:\/\/www.europesays.com\/es\/wp-json\/wp\/v2\/tags?post=187087"}],"curies":[{"name":"wp","href":"https:\/\/api.w.org\/{rel}","templated":true}]}}