{"id":187089,"date":"2025-10-19T12:09:11","date_gmt":"2025-10-19T12:09:11","guid":{"rendered":"https:\/\/www.europesays.com\/es\/187089\/"},"modified":"2025-10-19T12:09:11","modified_gmt":"2025-10-19T12:09:11","slug":"barlovento-un-regalo-en-forma-de-libro-de-vicente-alvarez-para-antonio-fernandez","status":"publish","type":"post","link":"https:\/\/www.europesays.com\/es\/187089\/","title":{"rendered":"&#8216;Barlovento&#8217;, un regalo en forma de libro de Vicente \u00c1lvarez para Antonio Fern\u00e1ndez"},"content":{"rendered":"<p>El periodista y escritor ceut\u00ed <strong><a href=\"https:\/\/elfarodeceuta.es\/siempre-hara-falta-un-periodista-que-nos-cuente-lo-que-esta-pasando\/\" rel=\"nofollow noopener\" target=\"_blank\">Antonio Fern\u00e1ndez<\/a>,<\/strong> fallecido en el a\u00f1o 2003, podr\u00e1 \u2018ver\u2019 uno de sus sue\u00f1os cumplidos: <strong>la publicaci\u00f3n de su libro de relatos<\/strong>. Ha <strong>sido su amigo Vicente \u00c1lvarez<\/strong> el encargado de llevar a cabo este proyecto que ser\u00e1 presentado el pr\u00f3ximo martes a las 19.30 horas en la biblioteca Adolfo Su\u00e1rez de Ceuta.<\/p>\n<p>El libro, que lleva por t\u00edtulo <a href=\"https:\/\/elfarodeceuta.es\/suspirando-barlovento\/\" rel=\"nofollow noopener\" target=\"_blank\"><strong>\u2018Barlovento\u2019<\/strong><\/a>, recoge una serie de <strong>relatos escritos por Antonio Fern\u00e1ndez<\/strong>, as\u00ed como unos <strong>escritos de personas con quienes manten\u00eda una gran amistad<\/strong>, como Rafael de Loma, Alejandro Ram\u00edrez, Ricardo Lacasa, Carlos Salem, Juan D\u00edaz Fern\u00e1ndez, Francisco de Luis Jim\u00e9nez y Jos\u00e9 Ferrero.<\/p>\n<p>Qui\u00e9n era Antonio Fern\u00e1ndez<\/p>\n<p>Antonio Fern\u00e1ndez fue <strong>un escritor caballa \u201cmuy prol\u00edfico<\/strong>\u201d. Aunque nacido en Tarifa, con tan solo unos meses lleg\u00f3 a la ciudad aut\u00f3noma, de donde se sinti\u00f3 parte hasta su \u00faltimo d\u00eda.<\/p>\n<p>A lo largo de su trayectoria, seg\u00fan ha contado Vicente \u00c1lvarez, Fern\u00e1ndez fue colaborador de El Faro durante toda su vida y tambi\u00e9n escribi\u00f3 para El Peri\u00f3dico de Ceuta, El diario de \u00c1frica, Espa\u00f1a de T\u00e1nger y en el diario El Pueblo de Madrid, \u201cuno de los peri\u00f3dicos m\u00e1s influyentes y m\u00e1s importantes\u00a0que hab\u00eda en Espa\u00f1a\u201d.<\/p>\n<p>All\u00ed tuvo la oportunidad de <strong>conocer a grandes escritores y \u201cgente muy importante\u201d<\/strong> como Garc\u00eda Hortelano, Alfonso Grosso o Mario Vargas Llosa, entre otros.<\/p>\n<p>Tambi\u00e9n, cabe destacar que Antonio Fern\u00e1ndez estuvo viviendo por Europa en pa\u00edses como Alemania y B\u00e9lgica, aunque <strong>acab\u00f3 volviendo a su ciudad, Ceuta, donde vivi\u00f3 con su mujer y sus dos hijos hasta que fallece a los 67 a\u00f1os en el a\u00f1o 2003<\/strong>.<\/p>\n<p><img loading=\"lazy\" decoding=\"async\" class=\"alignnone wp-image-1282467 size-full\" src=\"https:\/\/www.europesays.com\/es\/wp-content\/uploads\/2025\/10\/barlovento-regalo-libro-vicente-alvarez-antonio-fernandez-001.jpg\" alt=\"barlovento-regalo-libro-vicente-alvarez-antonio-fernandez\" width=\"800\" height=\"545\"  \/><\/p>\n<p>Un sue\u00f1o por cumplir<\/p>\n<p>Tal y como recuerda <strong><a href=\"https:\/\/elfarodeceuta.es\/vicente-alvarez-ensena-vida-artistica-escuela-arte\/\" rel=\"nofollow noopener\" target=\"_blank\">Vicente \u00c1lvarez<\/a><\/strong>, \u201cmeses antes de morir, <strong>\u00e9l me insist\u00eda en que quer\u00eda hacer el libro<\/strong> y cuando muri\u00f3 dije yo le voy a hacer el libro como homenaje\u201d. Y ese libro, Barlovento, ya es una realidad despu\u00e9s de muchos a\u00f1os de trabajo.<\/p>\n<p>Sobre el libro, su creador cuenta que <strong>la portada y la solapa es obra de Paco S\u00e1nchez<\/strong>, mientras que <strong>la contraportada es de Jos\u00e9 Manuel Ros Jurado<\/strong> y \u201cconsta de 22 relatos, cuatro art\u00edculos y dos entrevistas\u201d. Tampoco falta una ilustraci\u00f3n para acompa\u00f1ar a cada relato, la gran mayor\u00eda realizadas por el propio Vicente \u00c1lvarez, aunque tambi\u00e9n de otros autores como <strong>Julio Ruiz, Elena Laver\u00f3n, Paco Le\u00f3n, Teresa Hern\u00e1ndez, Adri\u00e1n Dur\u00e1n, Francisco Ruiz Jim\u00e9nez y su hijo Adri\u00e1n \u00c1lvarez<\/strong>.<\/p>\n<p>En cuanto al t\u00edtulo elegido, se\u00f1ala que \u201cBarlovento es uno de los relatos y es el t\u00edtulo que \u00e9l quer\u00eda ponerle\u201d a este libro cuando pensaba en \u00e9l.<\/p>\n<p>Mucho tiempo de trabajo detr\u00e1s<\/p>\n<p>Hacer esto realidad no ha sido \u201cun trabajo f\u00e1cil porque Antonio Fern\u00e1ndez no era constante. Te escrib\u00eda un relato y a lo mejor hasta el a\u00f1o siguiente no escrib\u00eda otro, o a los tres meses o a los seis. Entonces, <strong>me he tenido que ir a la hemeroteca y mirar y mirar, un poco a ciegas\u201d<\/strong>, relata Vicente \u00c1lvarez.<\/p>\n<p>Adem\u00e1s, a\u00f1ade, esto no hubiera sido posible sin la ayuda de su mujer, Mari Carmen, quien ha estado a su lado ayud\u00e1ndolo para que este libro fuera un sue\u00f1o cumplido y ha sido \u201cun apoyo muy importante\u201d.<\/p>\n<p>La presentaci\u00f3n, el martes<\/p>\n<p>Este martes, a las 19.30 horas en la biblioteca Adolfo Su\u00e1rez tendr\u00e1 lugar la presentaci\u00f3n oficial de este libro, \u2018Barlovento\u2019, a cargo del propio Vicente \u00c1lvarez. Adem\u00e1s, Manuel Merlo leer\u00e1 uno de los relatos que componen este libro con una m\u00fasica de fondo.<\/p>\n<p>Con este trabajo, Vicente \u00c1lvarez quiere rendir homenaje a quien fuera un gran amigo, Antonio Fern\u00e1ndez quien, \u201c<strong>a pesar de que hace muchos a\u00f1os que ha fallecido, much\u00edsima gente se acuerda de \u00e9l\u201d.<\/strong><\/p>\n<p>Era muy querido por el pueblo porque era un escritor del pueblo y para el pueblo. <strong>Conectaba muy bien con la gente\u00a0porque utilizaba un lenguaje sencillo,\u00a0lleno de met\u00e1foras y, en fin,\u00a0que gustaba y le llegaba a la gente<\/strong>. Y eso es lo que a m\u00ed me gustar\u00eda transmitir en este libro,\u00a0la sencillez y lo prol\u00edfico que era y, en fin, que hablaba para la gente sencilla\u201d, ha concluido Vicente \u00c1lvarez.<\/p>\n","protected":false},"excerpt":{"rendered":"El periodista y escritor ceut\u00ed Antonio Fern\u00e1ndez, fallecido en el a\u00f1o 2003, podr\u00e1 \u2018ver\u2019 uno de sus sue\u00f1os&hellip;\n","protected":false},"author":2,"featured_media":187090,"comment_status":"","ping_status":"","sticky":false,"template":"","format":"standard","meta":{"footnotes":""},"categories":[172],"tags":[224,146,147,25,24,225,23],"class_list":{"0":"post-187089","1":"post","2":"type-post","3":"status-publish","4":"format-standard","5":"has-post-thumbnail","7":"category-libros","8":"tag-books","9":"tag-entertainment","10":"tag-entretenimiento","11":"tag-es","12":"tag-espana","13":"tag-libros","14":"tag-spain"},"share_on_mastodon":{"url":"","error":""},"_links":{"self":[{"href":"https:\/\/www.europesays.com\/es\/wp-json\/wp\/v2\/posts\/187089","targetHints":{"allow":["GET"]}}],"collection":[{"href":"https:\/\/www.europesays.com\/es\/wp-json\/wp\/v2\/posts"}],"about":[{"href":"https:\/\/www.europesays.com\/es\/wp-json\/wp\/v2\/types\/post"}],"author":[{"embeddable":true,"href":"https:\/\/www.europesays.com\/es\/wp-json\/wp\/v2\/users\/2"}],"replies":[{"embeddable":true,"href":"https:\/\/www.europesays.com\/es\/wp-json\/wp\/v2\/comments?post=187089"}],"version-history":[{"count":0,"href":"https:\/\/www.europesays.com\/es\/wp-json\/wp\/v2\/posts\/187089\/revisions"}],"wp:featuredmedia":[{"embeddable":true,"href":"https:\/\/www.europesays.com\/es\/wp-json\/wp\/v2\/media\/187090"}],"wp:attachment":[{"href":"https:\/\/www.europesays.com\/es\/wp-json\/wp\/v2\/media?parent=187089"}],"wp:term":[{"taxonomy":"category","embeddable":true,"href":"https:\/\/www.europesays.com\/es\/wp-json\/wp\/v2\/categories?post=187089"},{"taxonomy":"post_tag","embeddable":true,"href":"https:\/\/www.europesays.com\/es\/wp-json\/wp\/v2\/tags?post=187089"}],"curies":[{"name":"wp","href":"https:\/\/api.w.org\/{rel}","templated":true}]}}