{"id":187095,"date":"2025-10-19T12:13:09","date_gmt":"2025-10-19T12:13:09","guid":{"rendered":"https:\/\/www.europesays.com\/es\/187095\/"},"modified":"2025-10-19T12:13:09","modified_gmt":"2025-10-19T12:13:09","slug":"el-real-zaragoza-busca-entrenador-para-dirigir-al-equipo-en-gijon","status":"publish","type":"post","link":"https:\/\/www.europesays.com\/es\/187095\/","title":{"rendered":"El Real Zaragoza busca entrenador para dirigir al equipo en Gij\u00f3n"},"content":{"rendered":"<p class=\"ft-text\">El Real Zaragoza reactiva la b\u00fasqueda de entrenador para acometer el segundo relevo del curso con apenas diez jornadas disputadas con el objetivo de que dirija al equipo el pr\u00f3ximo domingo en Gij\u00f3n.<\/p>\n<p class=\"ft-text\">Tras la debacle ante la Cultural Leonesa (0-5), el club tiene pr\u00e1cticamente descartado dar continuidad a Emilio Larraz, que, de este modo, regresar\u00eda al filial, y acelera ahora el rastreo destinado a contratar un nuevo t\u00e9cnico, el tercero de la temporada, para que tome las riendas cuanto antes en busca de una reacci\u00f3n obligada para salir del pozo en el que se encuentra hundido tras el desastroso inicio de temporada.<\/p>\n<p class=\"ft-text\">El Zaragoza, colista de la tabla con apenas 6 puntos sobre 30 posibles, vuelve al mercado de entrenadores, en el que podr\u00eda estar obligado a recular en su intenci\u00f3n inicial de no fichar a un t\u00e9cnico que no contara con el consenso absoluto de la propiedad y del director deportivo Txema Indias.<\/p>\n<p class=\"ft-text\">Entre los candidatos figura el valenciano Rub\u00e9n Sell\u00e9s, de 42 a\u00f1os, que hace un mes fue destituido del Sheffield United tras haber perdido los seis primeros partidos. El espa\u00f1ol, que tambi\u00e9n ha dirigido a<strong> Southampton, Reading y Hull City, es una de las opciones que se barajan y, en estos momentos, el mejor colocado, mientras que otras como JIM, Abelardo o Miguel \u00c1lvarez cuentan con escasas posibilidades o directamente no se contemplan. Otros como Luis Garc\u00eda Plaza o Sergio, que eran los deseados, han declinado la posibilidad de llegar al Zaragoza.<\/strong><\/p>\n","protected":false},"excerpt":{"rendered":"El Real Zaragoza reactiva la b\u00fasqueda de entrenador para acometer el segundo relevo del curso con apenas diez&hellip;\n","protected":false},"author":2,"featured_media":187096,"comment_status":"","ping_status":"","sticky":false,"template":"","format":"standard","meta":{"footnotes":""},"categories":[93],"tags":[331,1798,168,20808,2226,25,24,6023,798,799,23,167,491],"class_list":{"0":"post-187095","1":"post","2":"type-post","3":"status-publish","4":"format-standard","5":"has-post-thumbnail","7":"category-deportes","8":"tag-busca","9":"tag-club","10":"tag-deportes","11":"tag-dirigir","12":"tag-entrenador","13":"tag-es","14":"tag-espana","15":"tag-gijon","16":"tag-real","17":"tag-real-zaragoza","18":"tag-spain","19":"tag-sports","20":"tag-zaragoza"},"share_on_mastodon":{"url":"","error":""},"_links":{"self":[{"href":"https:\/\/www.europesays.com\/es\/wp-json\/wp\/v2\/posts\/187095","targetHints":{"allow":["GET"]}}],"collection":[{"href":"https:\/\/www.europesays.com\/es\/wp-json\/wp\/v2\/posts"}],"about":[{"href":"https:\/\/www.europesays.com\/es\/wp-json\/wp\/v2\/types\/post"}],"author":[{"embeddable":true,"href":"https:\/\/www.europesays.com\/es\/wp-json\/wp\/v2\/users\/2"}],"replies":[{"embeddable":true,"href":"https:\/\/www.europesays.com\/es\/wp-json\/wp\/v2\/comments?post=187095"}],"version-history":[{"count":0,"href":"https:\/\/www.europesays.com\/es\/wp-json\/wp\/v2\/posts\/187095\/revisions"}],"wp:featuredmedia":[{"embeddable":true,"href":"https:\/\/www.europesays.com\/es\/wp-json\/wp\/v2\/media\/187096"}],"wp:attachment":[{"href":"https:\/\/www.europesays.com\/es\/wp-json\/wp\/v2\/media?parent=187095"}],"wp:term":[{"taxonomy":"category","embeddable":true,"href":"https:\/\/www.europesays.com\/es\/wp-json\/wp\/v2\/categories?post=187095"},{"taxonomy":"post_tag","embeddable":true,"href":"https:\/\/www.europesays.com\/es\/wp-json\/wp\/v2\/tags?post=187095"}],"curies":[{"name":"wp","href":"https:\/\/api.w.org\/{rel}","templated":true}]}}