{"id":187107,"date":"2025-10-19T12:22:12","date_gmt":"2025-10-19T12:22:12","guid":{"rendered":"https:\/\/www.europesays.com\/es\/187107\/"},"modified":"2025-10-19T12:22:12","modified_gmt":"2025-10-19T12:22:12","slug":"aun-no-me-creo-lo-que-he-conseguido-en-las-ventas-este-ano","status":"publish","type":"post","link":"https:\/\/www.europesays.com\/es\/187107\/","title":{"rendered":"\u00abA\u00fan no me creo lo que he conseguido en Las Ventas este a\u00f1o\u00bb"},"content":{"rendered":"<p><strong>Que un novillero finalice temporada con tres pase\u00edllos en Las Ventas, lo dice todo&#8230;\u00a0<\/strong><\/p>\n<p>Desde luego que as\u00ed es. Madrid lo ha sido todo, pero en su conjunto he firmado una temporada ilusionante y muy especial para m\u00ed.<\/p>\n<p><strong>Sin tocar pelo, encandil\u00f3 a los tendidos, y usted coment\u00f3 luego que hab\u00eda o\u00eddo bramar a Madrid\u2026<\/strong><\/p>\n<p><img decoding=\"async\" loading=\"lazy\" src=\"https:\/\/www.europesays.com\/es\/wp-content\/uploads\/2025\/10\/96B3A9B1-7ED2-41FE-82E1A2BB4B744AF6.JPG\" alt=\"\u00abA\u00fan no me creo lo que he conseguido en Las Ventas este a\u00f1o\u00bb\" border=\"0\"\/>\u00abA\u00fan no me creo lo que he conseguido en Las Ventas este a\u00f1o\u00bb &#8211; Foto: \u00d3scar NavarroLa verdad es que a\u00fan no me lo termino de creer, pues me ha costado tiempo ser consciente de lo que hab\u00eda sucedido. Aquel d\u00eda supe que es all\u00ed donde quiero estar siempre. Fue una novillada bastante seria aquella, con cosas muy buenas que me permitieron expresarme por momentos. Cada d\u00eda estoy m\u00e1s convencido de que la plaza de Las Ventas es donde quiero sentirme libre, tal y como soy.\u00a0<\/p>\n<p><strong>Ese Certamen C\u00e9nate Las Ventas fue para usted la hora de la verdad. Lo \u00fanico que tuvo en su contra fue la espada<\/strong><\/p>\n<p>Madrid es el sue\u00f1o de cualquier torero y para m\u00ed lo ha significado todo. En la final me sali\u00f3 un novillo al que hab\u00eda que apostarle, pero que fue agradecido a mi entrega y tuvo buen fondo. Sobre la espada, ha sido una pena que en la parte final de la temporada me haya mostrado tan irregular, cuando con anterioridad ven\u00eda ejecutando bien esta suerte.\u00a0<\/p>\n<p><strong>Disgustado por no cortar orejas que ten\u00eda ya en la mano, pero satisfecho por el nivel exhibido. Y el mejor premio, entrar en la Feria de Oto\u00f1o\u2026<\/strong><\/p>\n<p>Fue un bonito premio, con esa expectaci\u00f3n que se respiraba en Las Ventas. Un d\u00eda que ten\u00eda claro que deb\u00eda pasar algo importante, aunque finalmente las cosas no salieron como pensaba. Pese a todo, me fui satisfecho a la habitaci\u00f3n del hotel porque lo hab\u00eda dado todo.\u00a0<\/p>\n<p><strong>Tampoco podemos olvidar sus actuaciones en Bayona o cert\u00e1menes como Villaseca y Arnedo<\/strong><\/p>\n<p>Tardes de entrega absoluta en las que volv\u00ed a pinchar el triunfo, pero en las que pude demostrarme, y demostrar tambi\u00e9n a la afici\u00f3n, que es lo importante, lo que quiero llegar a ser. Profundizando en esas plazas puedo decir que en Bayona siempre que hago el pase\u00edllo me siento un privilegiado, al igual que en Villaseca, donde lo doy todo, al tratarse de la plaza que me permiti\u00f3 abrirme paso en mi etapa sin caballos. La de Arnedo fue una tarde s\u00faper especial en la que estuve a punto de salir a hombros.<\/p>\n<p><strong>Un novillero con antecedentes en la profesi\u00f3n, por parte de su padre, Pedro P\u00e9rez, y de su t\u00edo Jos\u00e9<\/strong><\/p>\n<p>Aprend\u00ed mucho de ambos, sobre todo de mi padre en cuanto a educaci\u00f3n taurina. Los valores de esta profesi\u00f3n, como son el respeto y el amor al toro, al compa\u00f1ero y, sobre todo, a ti mismo, fue lo que m\u00e1s me inculc\u00f3 y me hizo hincapi\u00e9.<\/p>\n<p><strong>En 2019, llegaba a Espa\u00f1a, a M\u00e1laga concretamente, de la mano del padre de Joaqu\u00edn Gald\u00f3s<\/strong><\/p>\n<p>Gracias a la amistad que ten\u00eda con mi padre pude viajar por vez primera a tierras espa\u00f1olas e inscribirme en la Escuela Taurina de M\u00e1laga, donde estaba el maestro Fernando C\u00e1mara.<\/p>\n<p><strong>Regresar\u00eda dos a\u00f1os despu\u00e9s a su tierra y en 2022 vino de nuevo a Espa\u00f1a, pero esta vez a la casa de Morenito de Aranda<\/strong><\/p>\n<p>Sin quererlo as\u00ed fue. Una cosa muy bonita que se fue fraguando poco a poco hasta haberse convertido en mi segundo padre. El maestro, a parte de la educaci\u00f3n te\u00f3rica de la tauromaquia, me ha ense\u00f1ado a ser mejor persona, a tener valores por el toro y a ser disciplinado. Y todo ello ha tenido fruto en mi toreo.<\/p>\n<p><strong>Espa\u00f1a, Francia y Per\u00fa, pilares, sin duda, de su carrera<\/strong><\/p>\n<p>Todas han sido importantes, pero en especial Francia, pues me lo ha dado todo. Ha sido una tierra muy gratificante que me permiti\u00f3 abrirme camino no solo all\u00ed, sino tambi\u00e9n aqu\u00ed en Espa\u00f1a.<\/p>\n<p><strong>Sin caballos mat\u00f3 una treintena de festejos con triunfos tales como en Ala Pardo, Valencia y, por su puesto, Villaseca y Bayona<\/strong><\/p>\n<p>Fue una temporada sin los del castore\u00f1o muy ilusionante. Y siempre lo digo, adem\u00e1s de Villaseca y Bayona, la de Valencia fue una gran tarde de inicio a fin, pese a que no pude rematarla con la espada.\u00a0<\/p>\n<p><strong>Al debut con caballos lleg\u00f3 muy preparado: por un lado con Morenito y por otro, en la Escuela de Toledo con Eugenio de Mora<\/strong><\/p>\n<p>Mi presentaci\u00f3n en Madrid era mi novena novillada y creo que me lleg\u00f3 en el momento preciso, pues el trabajo previo realizado hab\u00eda sido mucho e intenso.\u00a0<\/p>\n<p><strong>En Per\u00fa comienza a hablarse de usted como el relevo de Roca Rey, sin duda su espejo<\/strong><\/p>\n<p>Marcho para all\u00ed ahora, donde me espera la feria de Lima del Se\u00f1or de los Milagros. En cuanto al maestro, me encantar\u00eda poder seguir sus pasos y llegar alg\u00fan d\u00eda hasta donde \u00e9l ha sido capaz de hacerlo. Y para ello, s\u00e9 que tengo que darlo todo.<\/p>\n","protected":false},"excerpt":{"rendered":"Que un novillero finalice temporada con tres pase\u00edllos en Las Ventas, lo dice todo&#8230;\u00a0 Desde luego que as\u00ed&hellip;\n","protected":false},"author":2,"featured_media":187108,"comment_status":"","ping_status":"","sticky":false,"template":"","format":"standard","meta":{"footnotes":""},"categories":[277],"tags":[29802,373,168,25,24,317,3728,205,3855,705,4316,23,167,625,1952,374,235],"class_list":{"0":"post-187107","1":"post","2":"type-post","3":"status-publish","4":"format-standard","5":"has-post-thumbnail","7":"category-toreo","8":"tag-arnedo","9":"tag-bullfighting","10":"tag-deportes","11":"tag-es","12":"tag-espana","13":"tag-francia","14":"tag-las-ventas","15":"tag-madrid","16":"tag-malaga","17":"tag-peru","18":"tag-roca-rey","19":"tag-spain","20":"tag-sports","21":"tag-tauromaquia","22":"tag-toledo","23":"tag-toreo","24":"tag-valencia"},"share_on_mastodon":{"url":"","error":""},"_links":{"self":[{"href":"https:\/\/www.europesays.com\/es\/wp-json\/wp\/v2\/posts\/187107","targetHints":{"allow":["GET"]}}],"collection":[{"href":"https:\/\/www.europesays.com\/es\/wp-json\/wp\/v2\/posts"}],"about":[{"href":"https:\/\/www.europesays.com\/es\/wp-json\/wp\/v2\/types\/post"}],"author":[{"embeddable":true,"href":"https:\/\/www.europesays.com\/es\/wp-json\/wp\/v2\/users\/2"}],"replies":[{"embeddable":true,"href":"https:\/\/www.europesays.com\/es\/wp-json\/wp\/v2\/comments?post=187107"}],"version-history":[{"count":0,"href":"https:\/\/www.europesays.com\/es\/wp-json\/wp\/v2\/posts\/187107\/revisions"}],"wp:featuredmedia":[{"embeddable":true,"href":"https:\/\/www.europesays.com\/es\/wp-json\/wp\/v2\/media\/187108"}],"wp:attachment":[{"href":"https:\/\/www.europesays.com\/es\/wp-json\/wp\/v2\/media?parent=187107"}],"wp:term":[{"taxonomy":"category","embeddable":true,"href":"https:\/\/www.europesays.com\/es\/wp-json\/wp\/v2\/categories?post=187107"},{"taxonomy":"post_tag","embeddable":true,"href":"https:\/\/www.europesays.com\/es\/wp-json\/wp\/v2\/tags?post=187107"}],"curies":[{"name":"wp","href":"https:\/\/api.w.org\/{rel}","templated":true}]}}