{"id":18711,"date":"2025-08-01T14:39:07","date_gmt":"2025-08-01T14:39:07","guid":{"rendered":"https:\/\/www.europesays.com\/es\/18711\/"},"modified":"2025-08-01T14:39:07","modified_gmt":"2025-08-01T14:39:07","slug":"la-ii-copa-espana-feb-se-pone-en-marcha-con-una-vibrante-fase-de-grupos","status":"publish","type":"post","link":"https:\/\/www.europesays.com\/es\/18711\/","title":{"rendered":"La II Copa Espa\u00f1a FEB se pone en marcha con una vibrante fase de grupos"},"content":{"rendered":"<p>Tres jornadas de competici\u00f3n, siete grupos, 28 equipos y un total de 15 billetes en juego para los dieciseisavos de final. Esos ser\u00e1n los primeros ingredientes de la segunda edici\u00f3n de la Copa Espa\u00f1a, un torneo que dar\u00e1 comienzo el pr\u00f3ximo 13 de septiembre con una Fase de Grupos en la que entrar\u00e1n en juego los equipos de Segunda FEB y que ha conocido su calendario de competici\u00f3n en la ma\u00f1ana de este viernes.<\/p>\n<p>\u00c1REA DE COMUNICACI\u00d3N FEB<\/p>\n<p>Ser\u00e1 la competici\u00f3n que levante el tel\u00f3n del baloncesto nacional en la temporada 2025\/26 y lo har\u00e1 con una apasionante Fase de Grupos en la que entrar\u00e1n en juego los 28 equipos de Segunda FEB. El punto de partida para una Copa Espa\u00f1a FEB cuya segunda edici\u00f3n dar\u00e1 comienzo el pr\u00f3ximo 13 de septiembre disputando tres jornadas en las que se pondr\u00e1n en juego los 15 billetes que dar\u00e1n acceso a las eliminatorias por el t\u00edtulo a partir del mes de octubre.\u00a0<\/p>\n<p>Una primera fase compuesta por 7 grupos y proximidad geogr\u00e1fica y en la que podremos asistir a 14 derbis locales\/auton\u00f3micos que servir\u00e1n como el mejor pre\u00e1mbulo posible antes del inicio liguero.<\/p>\n<p>PDF: <a href=\"https:\/\/www.feb.es\/Documentos\/Archivo\/upload\/CALENDARIOCOPAESPANA202526.pdf\" target=\"_self\" rel=\"nofollow noopener\">Calendario completo Copa Espa\u00f1a &#8211; Fase Grupos 2025\/26<\/a><\/p>\n<p>CALENDARIO DE COMPETICI\u00d3N &#8211; COPA ESPA\u00d1A:<\/p>\n<p>FASE DE GRUPOS:<br \/>&#13;<br \/>\n&#8211; Jornada 1:\u00a013-14 de septiembre de 2025<br \/>&#13;<br \/>\n&#8211; Jornada 2:\u00a020-21 de septiembre de 2025<br \/>&#13;<br \/>\n&#8211; Jornada 3:\u00a020-28 de septiembre de 2025<\/p>\n<p>ELIMINATORIAS:<br \/>&#13;<br \/>\n&#8211; Dieciseisavos de final:\u00a021-22 de octubre de 2025<br \/>&#13;<br \/>\n&#8211; Octavos de final:\u00a018-19 de noviembre de 2025<br \/>&#13;<br \/>\n&#8211; Cuartos de final:\u00a07 de enero de 2026<\/p>\n<p>FINAL FOUR:<br \/>&#13;<br \/>\n&#8211; Semifinales:\u00a023 de enero de 2026<br \/>&#13;<br \/>\n&#8211; Final:\u00a024 de enero de 2026<\/p>\n<p>JORNADA 1: S\u00e1bado 13 de septiembre de 2025<\/p>\n<p>&#8211; Grupo A:\u00a0Castillo de Gorraiz Valle de Eg\u00fces vs LBC Cocinas.com<br \/>&#13;<br \/>\n&#8211; Grupo A: CB Clavijo vs Biele ISB<\/p>\n<p>&#8211; Grupo B: Cultural y Deportiva Leonesa vs UEMC Real Valladolid<br \/>&#13;<br \/>\n&#8211; Grupo B: Cl\u00ednica Ponferrada SDP vs C\u00edrculo Gij\u00f3n<\/p>\n<p>&#8211; Grupo C: Coto C\u00f3rdoba vs Ja\u00e9n Para\u00edso Interior CB<br \/>&#13;<br \/>\n&#8211; Grupo C:\u00a0CB Starlabs Mor\u00f3n vs Insolac Caja 87<\/p>\n<p>&#8211; Grupo D: Proinbeni UPB Gand\u00eda vs Ciudad Molina Basket<br \/>&#13;<br \/>\n&#8211; Grupo D: Bueno Arenas Albacete vs CEB Ll\u00edria<\/p>\n<p>&#8211; Grupo E: Lobe Huesca La Magia vs CB Zaragoza<br \/>&#13;<br \/>\n&#8211; Grupo E: CB Salou vs Sol Giron\u00e8s Bisbal B\u00e0squet<\/p>\n<p>&#8211; Grupo F: Amics Castell\u00f3 vs Homs UE Matar\u00f3<br \/>&#13;<br \/>\n&#8211; Grupo F: Maderas Sorl\u00ed Benicarl\u00f3 vs Class Sant Antoni Ibiza<\/p>\n<p>&#8211; Grupo G: C\u00e1ceres P. Humanidad vs Spanish Basketball Academy<br \/>&#13;<br \/>\n&#8211; Grupo G: CB Getafe vs CB Toledo<\/p>\n<p>JORNADA 2: S\u00e1bado 20 de septiembre de 2025<\/p>\n<p>&#8211; Grupo A: Castillo de Gorraiz Valle de Eg\u00fces vs Biele ISB<br \/>&#13;<br \/>\n&#8211; Grupo A: LBC Cocinas.com vs CB Clavijo<\/p>\n<p>&#8211; Grupo B: Cultural y Deportiva Leonesa vs C\u00edrculo Gij\u00f3n Baloncesto<br \/>&#13;<br \/>\n&#8211; Grupo B: UEMC CBC Valladolid vs Cl\u00ednica Ponferrada SDP<\/p>\n<p>&#8211; Grupo C: Coto C\u00f3rdoba vs Insolac Caja 87<br \/>&#13;<br \/>\n&#8211; Grupo C:\u00a0Ja\u00e9n Para\u00edso Interior CB vs CB Starlabs Mor\u00f3n\u00a0\u00a0<\/p>\n<p>&#8211; Grupo D: Proinbeni UPB Gand\u00eda vs CEB Ll\u00edria<br \/>&#13;<br \/>\n&#8211; Grupo D: Ciudad Molina Basket vs Bueno Arenas Albacete<\/p>\n<p>&#8211; Grupo E: Lobe Huesca La Magia vs Sol Giron\u00e8s Bisbal B\u00e0squet<br \/>&#13;<br \/>\n&#8211; Grupo E: CB Zaragoza vs CB Salou<\/p>\n<p>&#8211; Grupo F: Amics Castell\u00f3 vs Class Sant Antoni Ibiza<br \/>&#13;<br \/>\n&#8211; Grupo F: Homs UE Matar\u00f3 vs Maderas Sorl\u00ed Benicarl\u00f3<\/p>\n<p>&#8211; Grupo G: C\u00e1ceres P. Humanidad vs CB Toledo<br \/>&#13;<br \/>\n&#8211; Grupo G: Spanish Basketball Academy vs CB Getafe<\/p>\n<p>JORNADA 3: S\u00e1bado 27 de septiembre de 2025<\/p>\n<p>&#8211; Grupo A: CB Clavijo vs Castillo de Gorr\u00e1iz Valle de Eg\u00fces<br \/>&#13;<br \/>\n&#8211; Grupo A: Biele ISB vs LBC Cocinas.com<\/p>\n<p>&#8211; Grupo B: Cl\u00ednica Ponferrada vs Cultural y Deportiva Leonesa<br \/>&#13;<br \/>\n&#8211; Grupo B: C\u00edrculo Gij\u00f3n vs UEMC CBC Valladolid<\/p>\n<p>&#8211; Grupo C: CB Starlabs Mor\u00f3n vs Coto C\u00f3rdoba<br \/>&#13;<br \/>\n&#8211; Grupo C: Insolac Caja 87 vs Ja\u00e9n Para\u00edso Interior<\/p>\n<p>&#8211; Grupo D: Bueno Arenas Albacete vs Proinbeni UPB Gand\u00eda<br \/>&#13;<br \/>\n&#8211; Grupo D: CEB Ll\u00edr\u00eda vs Ciudad Molina Basket<\/p>\n<p>&#8211; Grupo E: CB Salou vs Lobe Huesca La Magia<br \/>&#13;<br \/>\n&#8211; Grupo E: Sol Giron\u00e8s Bisbal B\u00e0squet vs CB Zaragoza<\/p>\n<p>&#8211; Grupo F: Maderas Sorl\u00ed Benicarl\u00f3 vs Amics Castell\u00f3<br \/>&#13;<br \/>\n&#8211; Grupo F: Class B\u00e0squet Sant Antoni vs Homs UE Matar\u00f3<\/p>\n<p>&#8211; Grupo G: CB Getafe vs C\u00e1ceres P. Humanidad<br \/>&#13;<br \/>\n&#8211; Grupo G: CB Toledo vs Spanish Basketball Academy<\/p>\n","protected":false},"excerpt":{"rendered":"Tres jornadas de competici\u00f3n, siete grupos, 28 equipos y un total de 15 billetes en juego para los&hellip;\n","protected":false},"author":2,"featured_media":18712,"comment_status":"","ping_status":"","sticky":false,"template":"","format":"standard","meta":{"footnotes":""},"categories":[269],"tags":[4605,299,1918,298,4597,4613,4616,4609,4608,4610,168,4603,4606,25,24,4120,4598,4614,2713,4601,830,4599,4600,4602,4615,4617,4607,4604,23,167,4611,4612],"class_list":{"0":"post-18711","1":"post","2":"type-post","3":"status-publish","4":"format-standard","5":"has-post-thumbnail","7":"category-baloncesto","8":"tag-arbitros-baloncesto","9":"tag-baloncesto","10":"tag-basket","11":"tag-basketball","12":"tag-basquet","13":"tag-canalfeb","14":"tag-clasificacion","15":"tag-copa-princesa","16":"tag-copa-principe","17":"tag-copa-reina","18":"tag-deportes","19":"tag-eba","20":"tag-entrenadores-baloncesto","21":"tag-es","22":"tag-espana","23":"tag-estadisticas","24":"tag-federacion-baloncesto","25":"tag-jornada-virtual","26":"tag-jugadores","27":"tag-laeb-plata","28":"tag-leb-oro","29":"tag-liga-espana","30":"tag-liga-espanola-baloncesto","31":"tag-liga-femenina","32":"tag-marcadores-baloncesto","33":"tag-rankings","34":"tag-reglas-baloncesto","35":"tag-seleccion-baloncesto","36":"tag-spain","37":"tag-sports","38":"tag-supercopa","39":"tag-television-baloncesto"},"share_on_mastodon":{"url":"","error":""},"_links":{"self":[{"href":"https:\/\/www.europesays.com\/es\/wp-json\/wp\/v2\/posts\/18711","targetHints":{"allow":["GET"]}}],"collection":[{"href":"https:\/\/www.europesays.com\/es\/wp-json\/wp\/v2\/posts"}],"about":[{"href":"https:\/\/www.europesays.com\/es\/wp-json\/wp\/v2\/types\/post"}],"author":[{"embeddable":true,"href":"https:\/\/www.europesays.com\/es\/wp-json\/wp\/v2\/users\/2"}],"replies":[{"embeddable":true,"href":"https:\/\/www.europesays.com\/es\/wp-json\/wp\/v2\/comments?post=18711"}],"version-history":[{"count":0,"href":"https:\/\/www.europesays.com\/es\/wp-json\/wp\/v2\/posts\/18711\/revisions"}],"wp:featuredmedia":[{"embeddable":true,"href":"https:\/\/www.europesays.com\/es\/wp-json\/wp\/v2\/media\/18712"}],"wp:attachment":[{"href":"https:\/\/www.europesays.com\/es\/wp-json\/wp\/v2\/media?parent=18711"}],"wp:term":[{"taxonomy":"category","embeddable":true,"href":"https:\/\/www.europesays.com\/es\/wp-json\/wp\/v2\/categories?post=18711"},{"taxonomy":"post_tag","embeddable":true,"href":"https:\/\/www.europesays.com\/es\/wp-json\/wp\/v2\/tags?post=18711"}],"curies":[{"name":"wp","href":"https:\/\/api.w.org\/{rel}","templated":true}]}}