{"id":187113,"date":"2025-10-19T12:28:14","date_gmt":"2025-10-19T12:28:14","guid":{"rendered":"https:\/\/www.europesays.com\/es\/187113\/"},"modified":"2025-10-19T12:28:14","modified_gmt":"2025-10-19T12:28:14","slug":"otra-ocasion-en-modo-de-derbi-para-el-cb-es-castell","status":"publish","type":"post","link":"https:\/\/www.europesays.com\/es\/187113\/","title":{"rendered":"Otra ocasi\u00f3n en modo de derbi para el CB Es Castell"},"content":{"rendered":"<p>Sa Tintina <a href=\"https:\/\/www.menorca.info\/etiqueta\/CB+Es+Castell.html?utm_source=Inline-tag&amp;utm_medium=internal\" rel=\"nofollow noopener\" target=\"_blank\">CB Es Castell<\/a> vuelve a la carga este domingo (13h) y lo hace en Mallorca, en el derbi balear de la <a href=\"https:\/\/www.menorca.info\/etiqueta\/Tercera+FEB.html?utm_source=Inline-tag&amp;utm_medium=internal\" rel=\"nofollow noopener\" target=\"_blank\">Tercera FEB<\/a> que <strong>enfrentar\u00e1 a los de Ra\u00fal Jodra ante el colista, CB Andratx.<\/strong> Tras estrenar el casillero de triunfo ante el BC Tecla Sala (66-79), el cuadro menorqu\u00edn quiere ir creciendo en la competici\u00f3n y poner la segunda en su casillero, ante un rival llamado a luchar desesperadamente por la salvaci\u00f3n y con un equipo con talento pero joven.<\/p>\n<p>Con la \u00fanica duda en teor\u00eda del vinculado V\u00edctor Fern\u00e1ndez, que no jug\u00f3 en Barcelona, Es Castell ni piensa en el 63-106 del Trofeo Itegra y <strong>quiere mostrar su mejor versi\u00f3n de intensidad y dominio del \u2018timing\u2019<\/strong> para hacerse con la segunda a domicilio.<\/p>\n<p>Al habla del capit\u00e1n<\/p>\n<p>El gran capit\u00e1n, Sergi Llufriu, atendi\u00f3 a este diario y empez\u00f3 dando importancia al triunfo en Barcelona, \u00ab<strong>tras una derrota algo inesperada ante el Granollers pero que nos puso los pies en el suelo.<\/strong> Mejor empezar con una derrota e ir para arriba y bien est\u00e1 la \u2018bajadita\u2019 de humos\u00bb, reflexionaba el \u2018cuatro\u2019 insular, siempre con su sinceridad. Ello tras un triunfo \u00abimportante y en unas primeras semanas contento con el compromiso e intensidad del equipo. Cada d\u00eda es un reto nuevo de mejora y feliz por los nuevos y los que seguimos, por lo que muy optimista\u00bb.<\/p>\n<p>Llufriu, amplio conocedor de las categor\u00edas FEB, exclamaba ayer de, \u00abir a por el Andratx. \u00bfPartido trampa?<strong> Sabemos que es un equipo joven, que ir\u00e1 a m\u00e1s y que seguro no dio su mejor versi\u00f3n en el Itegra<\/strong> pero bueno, Es Castell tambi\u00e9n mejora, sube enteros y confianza m\u00e1xima\u00bb, dice, confiando en que, \u00abno sea muy diferente al duelo de pretemporada\u00bb. Finaliz\u00f3 Llufriu que para vencer en Mallorca, \u00abjugar lo que jugamos, intensidad, garra, compartir el bal\u00f3n y si estamos acertados, se ganar\u00e1. Con identidad\u00bb.<\/p>\n","protected":false},"excerpt":{"rendered":"Sa Tintina CB Es Castell vuelve a la carga este domingo (13h) y lo hace en Mallorca, en&hellip;\n","protected":false},"author":2,"featured_media":187114,"comment_status":"","ping_status":"","sticky":false,"template":"","format":"standard","meta":{"footnotes":""},"categories":[269],"tags":[299,13146,298,12268,168,25,24,12269,23,167,12270],"class_list":{"0":"post-187113","1":"post","2":"type-post","3":"status-publish","4":"format-standard","5":"has-post-thumbnail","7":"category-baloncesto","8":"tag-baloncesto","9":"tag-baloncesto-en-menorca","10":"tag-basketball","11":"tag-cb-es-castell","12":"tag-deportes","13":"tag-es","14":"tag-espana","15":"tag-sa-tintina-es-castell","16":"tag-spain","17":"tag-sports","18":"tag-tercera-feb"},"share_on_mastodon":{"url":"","error":""},"_links":{"self":[{"href":"https:\/\/www.europesays.com\/es\/wp-json\/wp\/v2\/posts\/187113","targetHints":{"allow":["GET"]}}],"collection":[{"href":"https:\/\/www.europesays.com\/es\/wp-json\/wp\/v2\/posts"}],"about":[{"href":"https:\/\/www.europesays.com\/es\/wp-json\/wp\/v2\/types\/post"}],"author":[{"embeddable":true,"href":"https:\/\/www.europesays.com\/es\/wp-json\/wp\/v2\/users\/2"}],"replies":[{"embeddable":true,"href":"https:\/\/www.europesays.com\/es\/wp-json\/wp\/v2\/comments?post=187113"}],"version-history":[{"count":0,"href":"https:\/\/www.europesays.com\/es\/wp-json\/wp\/v2\/posts\/187113\/revisions"}],"wp:featuredmedia":[{"embeddable":true,"href":"https:\/\/www.europesays.com\/es\/wp-json\/wp\/v2\/media\/187114"}],"wp:attachment":[{"href":"https:\/\/www.europesays.com\/es\/wp-json\/wp\/v2\/media?parent=187113"}],"wp:term":[{"taxonomy":"category","embeddable":true,"href":"https:\/\/www.europesays.com\/es\/wp-json\/wp\/v2\/categories?post=187113"},{"taxonomy":"post_tag","embeddable":true,"href":"https:\/\/www.europesays.com\/es\/wp-json\/wp\/v2\/tags?post=187113"}],"curies":[{"name":"wp","href":"https:\/\/api.w.org\/{rel}","templated":true}]}}