{"id":187130,"date":"2025-10-19T12:38:08","date_gmt":"2025-10-19T12:38:08","guid":{"rendered":"https:\/\/www.europesays.com\/es\/187130\/"},"modified":"2025-10-19T12:38:08","modified_gmt":"2025-10-19T12:38:08","slug":"toros-para-todos-el-reencuentro-entre-borja-jimenez-y-tapabocas","status":"publish","type":"post","link":"https:\/\/www.europesays.com\/es\/187130\/","title":{"rendered":"Toros para todos | El reencuentro entre Borja Jim\u00e9nez y &#8216;Tapabocas&#8217;"},"content":{"rendered":"<p>El diestro sorprendi\u00f3 al p\u00fablico al cortarse la coleta en plena plaza, poniendo fin a una carrera de 30 a\u00f1os. <strong>Enrique Romero<\/strong> analiza el emotivo momento en <strong>\u00abToros para todos\u00bb<\/strong>.<\/p>\n<p data-start=\"311\" data-end=\"816\">La plaza de toros de Las Ventas vivi\u00f3 una jornada que quedar\u00e1 grabada en la historia de la tauromaquia. <strong>Morante de la Puebla<\/strong>, figura indiscutible del toreo, puso fin a su carrera de manera inesperada al cortarse la coleta frente a una plaza llena y emocionada. Con 46 a\u00f1os y tres d\u00e9cadas despu\u00e9s de tomar la alternativa, el genio de <strong>La Puebla del R\u00edo<\/strong> eligi\u00f3 el coraz\u00f3n del toreo para decir adi\u00f3s, dejando un vac\u00edo art\u00edstico dif\u00edcil de llenar.<\/p>\n<p data-start=\"818\" data-end=\"1175\">Nadie lo esperaba. Ni su cuadrilla, ni los aficionados, ni siquiera los cr\u00edticos m\u00e1s cercanos a su entorno. El gesto fue puro Morante: \u00edntimo, dram\u00e1tico y profundamente simb\u00f3lico. Cuando termin\u00f3 su faena, sin mediar palabra, tom\u00f3 unas tijeras y, con mano firme, se cort\u00f3 la coleta entre la incredulidad general.<\/p>\n<p data-start=\"818\" data-end=\"1175\"><strong>Enrique Romero te lo cuenta en este v\u00eddeo, no te lo pierdas.\u00a0<\/strong><\/p>\n","protected":false},"excerpt":{"rendered":"El diestro sorprendi\u00f3 al p\u00fablico al cortarse la coleta en plena plaza, poniendo fin a una carrera de&hellip;\n","protected":false},"author":2,"featured_media":187131,"comment_status":"","ping_status":"","sticky":false,"template":"","format":"standard","meta":{"footnotes":""},"categories":[91],"tags":[52581,146,147,25,24,52577,52578,52580,23,52579,5639],"class_list":{"0":"post-187130","1":"post","2":"type-post","3":"status-publish","4":"format-standard","5":"has-post-thumbnail","7":"category-entretenimiento","8":"tag-borja-jimenez-y-tapabocas","9":"tag-entertainment","10":"tag-entretenimiento","11":"tag-es","12":"tag-espana","13":"tag-indulto-plaza-toros-bilbao","14":"tag-indulto-vista-alegre","15":"tag-primer-toro-indultado-bilbao","16":"tag-spain","17":"tag-tapabocas-indultado","18":"tag-toros-para-todos"},"share_on_mastodon":{"url":"","error":""},"_links":{"self":[{"href":"https:\/\/www.europesays.com\/es\/wp-json\/wp\/v2\/posts\/187130","targetHints":{"allow":["GET"]}}],"collection":[{"href":"https:\/\/www.europesays.com\/es\/wp-json\/wp\/v2\/posts"}],"about":[{"href":"https:\/\/www.europesays.com\/es\/wp-json\/wp\/v2\/types\/post"}],"author":[{"embeddable":true,"href":"https:\/\/www.europesays.com\/es\/wp-json\/wp\/v2\/users\/2"}],"replies":[{"embeddable":true,"href":"https:\/\/www.europesays.com\/es\/wp-json\/wp\/v2\/comments?post=187130"}],"version-history":[{"count":0,"href":"https:\/\/www.europesays.com\/es\/wp-json\/wp\/v2\/posts\/187130\/revisions"}],"wp:featuredmedia":[{"embeddable":true,"href":"https:\/\/www.europesays.com\/es\/wp-json\/wp\/v2\/media\/187131"}],"wp:attachment":[{"href":"https:\/\/www.europesays.com\/es\/wp-json\/wp\/v2\/media?parent=187130"}],"wp:term":[{"taxonomy":"category","embeddable":true,"href":"https:\/\/www.europesays.com\/es\/wp-json\/wp\/v2\/categories?post=187130"},{"taxonomy":"post_tag","embeddable":true,"href":"https:\/\/www.europesays.com\/es\/wp-json\/wp\/v2\/tags?post=187130"}],"curies":[{"name":"wp","href":"https:\/\/api.w.org\/{rel}","templated":true}]}}