{"id":187138,"date":"2025-10-19T12:45:16","date_gmt":"2025-10-19T12:45:16","guid":{"rendered":"https:\/\/www.europesays.com\/es\/187138\/"},"modified":"2025-10-19T12:45:16","modified_gmt":"2025-10-19T12:45:16","slug":"juan-pablo-sanchez-triunfa-en-pachuca-el-sol-de-mexico","status":"publish","type":"post","link":"https:\/\/www.europesays.com\/es\/187138\/","title":{"rendered":"Juan Pablo S\u00e1nchez triunfa en Pachuca &#8211; El Sol de M\u00e9xico"},"content":{"rendered":"<ol>\n<li><a href=\"https:\/\/news.google.com\/rss\/articles\/CBMikwFBVV95cUxOU041dGppQkxWQ0NhRVBzWDFnS3VSR0lja3BCYjR1TGpOMThHVmMzLVVDdExHZTd1WU9MRVg5Q0lFc0NhbzhqMTZiYlBDVFZHUm5JcnFUWFJoZ0syZGNVRGk3Rl9FdVdtQ2N0X1NfMDVyUnhUR0phS0s5TnA0QVRKQ2pEcVp4OURmTlNHYk5JMEd5Tlk?oc=5\" target=\"_blank\" rel=\"nofollow noopener\">Juan Pablo S\u00e1nchez triunfa en Pachuca<\/a>&nbsp;&nbsp;El Sol de M\u00e9xico<\/li>\n<li><a href=\"https:\/\/news.google.com\/rss\/articles\/CBMidEFVX3lxTE1qZ09fcTA2UUg5MXVIaUVabnZUdFFnVXZpTU9TVzc0WHpQaHQ1a3NDRkJKTzdFU0tQU0ViRzREZnFuSERsNjdWZGpJaGI4NzNKTXFueHRpU3czZ3Y3SmE5d0JBQXJaNGQ4VXZ0Q0FxWldmNjM2?oc=5\" target=\"_blank\" rel=\"nofollow noopener\">Festejos en M\u00e9jico del 18 de octubre<\/a>&nbsp;&nbsp;Avance Taurino<\/li>\n<li><a href=\"https:\/\/news.google.com\/rss\/articles\/CBMiggFBVV95cUxPYlEwOFk3dGJiX2pIc210ODhWbjVhVG9lVmpRRjNfUzdJbGpRUE5qUm9EY2kzZUo3aGFVZE9rd3h6MXRCZHJjeEZhZC1Zamc2Qm1MakF5MHBNQVl2d1NTVHkwSUluZVRwOEo1QUFsXy1TbV9YYkF6SVpBOV9YTDJ6Y05B?oc=5\" target=\"_blank\" rel=\"nofollow noopener\">Altas expectativas para el cierre de Feria de Pachuca<\/a>&nbsp;&nbsp;Ovaciones<\/li>\n<li><a href=\"https:\/\/news.google.com\/rss\/articles\/CBMimwFBVV95cUxOcEoyZjF1eGVLWXQ4cG1YdlNGTHdnNEdwR3c3amgteWJkVnpoMVB5Y0NjTWxyRlJPdEp3d1R2eGhLT0c0U0NONzJVb0c1WDFMdDU4bm9FOGVNMmQ1VVZ0c1hINnJYNHlBVjMxMTZEZVFrMFJVNGJNVjQ0dlFLYy1xSmxXb08wWEdvQ0hjaEg3Q0gwU1diVTJaazU4TQ?oc=5\" target=\"_blank\" rel=\"nofollow noopener\">Pasi\u00f3n y entrega cierran la temporada en la Vicente Segura<\/a>&nbsp;&nbsp;Hidalgo Sport<\/li>\n<li><a href=\"https:\/\/news.google.com\/rss\/articles\/CBMipgFBVV95cUxQTDNEUUZFSVlxMmQ0QUo2ajF6V1ZFeV95ZU01Z3lwUG45UmVvSnpfT29helcxNzlNcjhZeEpTN05QSWNDMmx2am1OaXV5WUp6WUhjR2JHbER6aXNIRlFuTDFZQzV3bnljR1hOaTlwS3liLTExT3RnMGJVNWJWNnZVWHJpZ25odllhdldrZ3drYjl3ZGw4RXRPOWVGbGhxN1lOeHZ2X3V3?oc=5\" target=\"_blank\" rel=\"nofollow noopener\">Productivo cerrojazo en la Vicente Segura \u00bfQui\u00e9n se llev\u00f3 el triunfo?<\/a>&nbsp;&nbsp;Criterio Hidalgo<\/li>\n<\/ol>\n","protected":false},"excerpt":{"rendered":"Juan Pablo S\u00e1nchez triunfa en Pachuca&nbsp;&nbsp;El Sol de M\u00e9xico Festejos en M\u00e9jico del 18 de octubre&nbsp;&nbsp;Avance Taurino Altas&hellip;\n","protected":false},"author":2,"featured_media":187139,"comment_status":"","ping_status":"","sticky":false,"template":"","format":"standard","meta":{"footnotes":""},"categories":[277],"tags":[373,168,25,24,23,167,374],"class_list":{"0":"post-187138","1":"post","2":"type-post","3":"status-publish","4":"format-standard","5":"has-post-thumbnail","7":"category-toreo","8":"tag-bullfighting","9":"tag-deportes","10":"tag-es","11":"tag-espana","12":"tag-spain","13":"tag-sports","14":"tag-toreo"},"share_on_mastodon":{"url":"","error":""},"_links":{"self":[{"href":"https:\/\/www.europesays.com\/es\/wp-json\/wp\/v2\/posts\/187138","targetHints":{"allow":["GET"]}}],"collection":[{"href":"https:\/\/www.europesays.com\/es\/wp-json\/wp\/v2\/posts"}],"about":[{"href":"https:\/\/www.europesays.com\/es\/wp-json\/wp\/v2\/types\/post"}],"author":[{"embeddable":true,"href":"https:\/\/www.europesays.com\/es\/wp-json\/wp\/v2\/users\/2"}],"replies":[{"embeddable":true,"href":"https:\/\/www.europesays.com\/es\/wp-json\/wp\/v2\/comments?post=187138"}],"version-history":[{"count":0,"href":"https:\/\/www.europesays.com\/es\/wp-json\/wp\/v2\/posts\/187138\/revisions"}],"wp:featuredmedia":[{"embeddable":true,"href":"https:\/\/www.europesays.com\/es\/wp-json\/wp\/v2\/media\/187139"}],"wp:attachment":[{"href":"https:\/\/www.europesays.com\/es\/wp-json\/wp\/v2\/media?parent=187138"}],"wp:term":[{"taxonomy":"category","embeddable":true,"href":"https:\/\/www.europesays.com\/es\/wp-json\/wp\/v2\/categories?post=187138"},{"taxonomy":"post_tag","embeddable":true,"href":"https:\/\/www.europesays.com\/es\/wp-json\/wp\/v2\/tags?post=187138"}],"curies":[{"name":"wp","href":"https:\/\/api.w.org\/{rel}","templated":true}]}}