{"id":187146,"date":"2025-10-19T12:52:10","date_gmt":"2025-10-19T12:52:10","guid":{"rendered":"https:\/\/www.europesays.com\/es\/187146\/"},"modified":"2025-10-19T12:52:10","modified_gmt":"2025-10-19T12:52:10","slug":"caras-largas-y-pocas-palabras-en-la-vuelta-al-trabajo-del-zaragoza","status":"publish","type":"post","link":"https:\/\/www.europesays.com\/es\/187146\/","title":{"rendered":"Caras largas y pocas palabras en la vuelta al trabajo del Zaragoza"},"content":{"rendered":"<p class=\"ft-text\">Lleva tiempo el fr\u00edo instalado en la Ciudad Deportiva m\u00e1s all\u00e1 de la temperatura ambiente. Los temblores se suceden en unas instalaciones en las que el <a class=\"ft-link ft-link--decoration\" href=\"https:\/\/www.elperiodicodearagon.com\/tags\/real-zaragoza\/\" target=\"_blank\" rel=\"nofollow noopener\">Real Zaragoza<\/a> escenifica el miedo que va envolviendo la atm\u00f3sfera ante la grave crisis que azota a un equipo hundido en cuerpo y alma y con un aspecto cadav\u00e9rico, como si ya tuviera los d\u00edas contados.<\/p>\n<p class=\"ft-text\">La palidez se apoder\u00f3 tambi\u00e9n de la primera sesi\u00f3n tras la debacle ante la Cultural (0-5). El entrenamiento fue el habitual tras los partidos, con los titulares, salvo <strong>Juan Sebasti\u00e1n,<\/strong> sin aparecer por el campo, y con los suplentes realizando ejercicios con bal\u00f3n destinados al toque r\u00e1pido y al movimiento constante. Eso s\u00ed, pocas palabras y caras largas como evidencia de que la cosa es seria.<\/p>\n<p class=\"ft-text\">Solo quebraba el silencio la voz de Larraz dirigiendo un ejercicio o la del preparador f\u00edsico Miki Lampre explicando las directrices a seguir. Entre los jugadores, boca cerrada a cal y canto y a obedecer.<\/p>\n<p class=\"ft-text\">Sin los lesionados Paulino y Keidi Bare y con Juan Sebasti\u00e1n, expulsado en el tramo final de la primera parte en una acci\u00f3n que marc\u00f3 el encuentro, lo \u00fanico positivo de la dolorosa y molesta resaca fue, de nuevo, asistir a la bendita actitud de Saidu o Pinilla, que convierten cada entrenamiento en un juego. Pura ilusi\u00f3n. Esperanza. Bien los conoce <strong>Larraz<\/strong>, que soportaba otro marr\u00f3n en esta amarga semana al frente del primer equipo. Merec\u00eda algo m\u00e1s y mejor el t\u00e9cnico aragon\u00e9s que un acceso y una salida por la puerta de atr\u00e1s.<\/p>\n<p class=\"ft-text\">Al entrenador se le notaba tocado. No puede ser de otro modo despu\u00e9s de que ese sue\u00f1o de dirigir al primer equipo de tu vida se convirtiera en pesadilla por obra y gracia de un equipo indigno que se entreg\u00f3, cobarde y vergonzante, a un rival que le perdon\u00f3 la peor goleada en la historia del club. NI merec\u00eda Larraz ese trato de sus jugadores ni tampoco del club, que siempre quiso envolver su estancia arriba de provisionalidad y mensajes ambiguos, lo que le rest\u00f3 autoridad ante un vestuario que concibi\u00f3 la presencia del zaragozano como un ave de paso. Con el peligro que eso conlleva.<\/p>\n","protected":false},"excerpt":{"rendered":"Lleva tiempo el fr\u00edo instalado en la Ciudad Deportiva m\u00e1s all\u00e1 de la temperatura ambiente. Los temblores se&hellip;\n","protected":false},"author":2,"featured_media":187147,"comment_status":"","ping_status":"","sticky":false,"template":"","format":"standard","meta":{"footnotes":""},"categories":[268],"tags":[3160,1798,4170,168,25,24,280,282,4033,1298,799,18045,281,23,167,8875],"class_list":{"0":"post-187146","1":"post","2":"type-post","3":"status-publish","4":"format-standard","5":"has-post-thumbnail","7":"category-futbol","8":"tag-caras","9":"tag-club","10":"tag-crisis","11":"tag-deportes","12":"tag-es","13":"tag-espana","14":"tag-football","15":"tag-futbol","16":"tag-largas","17":"tag-palabras","18":"tag-real-zaragoza","19":"tag-resaca","20":"tag-soccer","21":"tag-spain","22":"tag-sports","23":"tag-verguenza"},"share_on_mastodon":{"url":"","error":""},"_links":{"self":[{"href":"https:\/\/www.europesays.com\/es\/wp-json\/wp\/v2\/posts\/187146","targetHints":{"allow":["GET"]}}],"collection":[{"href":"https:\/\/www.europesays.com\/es\/wp-json\/wp\/v2\/posts"}],"about":[{"href":"https:\/\/www.europesays.com\/es\/wp-json\/wp\/v2\/types\/post"}],"author":[{"embeddable":true,"href":"https:\/\/www.europesays.com\/es\/wp-json\/wp\/v2\/users\/2"}],"replies":[{"embeddable":true,"href":"https:\/\/www.europesays.com\/es\/wp-json\/wp\/v2\/comments?post=187146"}],"version-history":[{"count":0,"href":"https:\/\/www.europesays.com\/es\/wp-json\/wp\/v2\/posts\/187146\/revisions"}],"wp:featuredmedia":[{"embeddable":true,"href":"https:\/\/www.europesays.com\/es\/wp-json\/wp\/v2\/media\/187147"}],"wp:attachment":[{"href":"https:\/\/www.europesays.com\/es\/wp-json\/wp\/v2\/media?parent=187146"}],"wp:term":[{"taxonomy":"category","embeddable":true,"href":"https:\/\/www.europesays.com\/es\/wp-json\/wp\/v2\/categories?post=187146"},{"taxonomy":"post_tag","embeddable":true,"href":"https:\/\/www.europesays.com\/es\/wp-json\/wp\/v2\/tags?post=187146"}],"curies":[{"name":"wp","href":"https:\/\/api.w.org\/{rel}","templated":true}]}}