{"id":187161,"date":"2025-10-19T13:01:07","date_gmt":"2025-10-19T13:01:07","guid":{"rendered":"https:\/\/www.europesays.com\/es\/187161\/"},"modified":"2025-10-19T13:01:07","modified_gmt":"2025-10-19T13:01:07","slug":"la-boda-de-stella-banderas-y-alex-gruszynski-del-brindis-de-antonio-a-las-lagrimillas-de-una-celebracion-intima-y-privada-que-ha-reunido-en-valladolid-a-melanie-griffith-dakota-joh","status":"publish","type":"post","link":"https:\/\/www.europesays.com\/es\/187161\/","title":{"rendered":"La boda de Stella Banderas y Alex Gruszynski: del brindis de Antonio a las \u201clagrimillas\u201d de una celebraci\u00f3n \u00edntima y privada que ha reunido en Valladolid a Melanie Griffith, Dakota Johnson y Tippi Hedren"},"content":{"rendered":"<p><a href=\"https:\/\/www.revistavanityfair.es\/tags\/stella-del-carmen\" rel=\"nofollow noopener\" target=\"_blank\">Stella Banderas<\/a> y <a href=\"https:\/\/www.revistavanityfair.es\/articulos\/empresario-apasionado-del-cine-y-su-persona-favorita-en-el-mundo-asi-es-alex-gruszynski-el-futuro-marido-de-stella-banderas-griffith\" rel=\"nofollow noopener\" target=\"_blank\">Alex Gruszynski<\/a> se han casado este s\u00e1bado en la Abad\u00eda Retuerta de Valladolid, un monasterio del siglo XII reconvertido en hotel y bodega de <a href=\"https:\/\/www.revistavanityfair.es\/tags\/lujo\" isautogenerated=\"true\" rel=\"nofollow noopener\" target=\"_blank\">lujo<\/a>. Un bonito refugio que la hija de <a href=\"https:\/\/www.revistavanityfair.es\/tags\/antonio-banderas\" isautogenerated=\"true\" rel=\"nofollow noopener\" target=\"_blank\">Antonio Banderas<\/a> y <a href=\"https:\/\/www.revistavanityfair.es\/tags\/melanie-griffith\" isautogenerated=\"true\" rel=\"nofollow noopener\" target=\"_blank\">Melanie Griffith<\/a> ha escogido (y llenado de velas que han contribuido a dar calidez e intimidad a la celebraci\u00f3n) como el escenario perfecto para su boda con su novio de la infancia. El lugar escogido por la pareja re\u00fane la belleza, la historia, la tranquilidad y la privacidad que buscaban para este d\u00eda: una boda blindada en la que no se han permitido los tel\u00e9fonos m\u00f3viles y de la que, por ahora, no ha trascendido ninguna imagen. Stella Banderas ha reunido nuevamente, esta vez en tierras castellanas, a sus padres, en esa fusi\u00f3n <a href=\"https:\/\/www.revistavanityfair.es\/tags\/hollywood\" isautogenerated=\"true\" rel=\"nofollow noopener\" target=\"_blank\">Hollywood<\/a>-M\u00e1laga (y ahora tambi\u00e9n Valladolid) <a href=\"https:\/\/www.revistavanityfair.es\/sociedad\/celebrities\/articulos\/columna-stella-del-carmen-banderas-infancia-malaga-antonio-melanie-griffith\/46119\" rel=\"nofollow noopener\" target=\"_blank\">que ha marcado su vida<\/a>, y que se ha dado cita y reflejado en esta boda de distintas maneras.<\/p>\n<p>Antonio Banderas ha ejercido de <strong>padrino<\/strong> llevando a su hija al altar. Aunque no la hemos podido ver vestida de novia, Stella habr\u00e1 brillado con la elecci\u00f3n de su look nupcial acorde con su estilo sofisticado, rom\u00e1ntico y discreto. En este emotivo momento protagonizado por Antonio y Stella, un padre y una hija especialmente unidos, ha sonado, seg\u00fan ha revelado \u00a1Hola!, una canci\u00f3n compuesta por el t\u00edo abuelo de Stella que nunca se hab\u00eda interpretado hasta este d\u00eda, y que han tocado los guitarristas del <strong>Teatro del Soho<\/strong>, el proyecto de Banderas en su <a href=\"https:\/\/www.revistavanityfair.es\/articulos\/stella-del-carmen-donde-vive-edad-novio-profesion\" rel=\"nofollow noopener\" target=\"_blank\">querida M\u00e1laga<\/a> en el que ha trabajado tambi\u00e9n Stella. As\u00ed ha comenzado la ceremonia oficiada por el actor <strong>Blake Lee<\/strong> en la que Stella y Alex Gruszynski se han prometido amor que ha concluido tambi\u00e9n con m\u00fasica, con la rom\u00e1ntica Here, There and Everywhere, de <strong><a href=\"https:\/\/www.revistavanityfair.es\/tags\/the-beatles\" isautogenerated=\"true\" rel=\"nofollow noopener\" target=\"_blank\">The Beatles<\/a>.<\/strong><\/p>\n<p>Melanie Griffith se habr\u00e1 emocionado al ver a su hija feliz en un d\u00eda tan especial para todos, arropada por otros de sus hijos y hermanos de Stella como <a href=\"https:\/\/www.revistavanityfair.es\/tags\/dakota-johnson\" isautogenerated=\"true\" rel=\"nofollow noopener\" target=\"_blank\">Dakota Johnson<\/a>, <a href=\"https:\/\/www.revistavanityfair.es\/tags\/jesse-johnson\" isautogenerated=\"true\" rel=\"nofollow noopener\" target=\"_blank\">Jesse Johnson<\/a> y <a href=\"https:\/\/www.revistavanityfair.es\/sociedad\/celebrities\/articulos\/melanie-griffith-hijo-alexander-bauer-quien-es\/44798\" rel=\"nofollow noopener\" target=\"_blank\">Alexander Bauer<\/a>, adem\u00e1s de la abuela de la novia, la legendaria actriz <a href=\"https:\/\/www.revistavanityfair.es\/articulos\/tippi-hedren-edad-casa-california-leones-madre-melanie-griffith-dakota-johnson\" rel=\"nofollow noopener\" target=\"_blank\">Tippi Hedren<\/a>.<\/p>\n<p>La boda no ha sido una gran celebraci\u00f3n, ha contado con unos 200 invitados. Algunos han llegado en avi\u00f3n privado al escenario de la boda logrando as\u00ed esquivar las c\u00e1maras que esperaban en la entrada captar alguna imagen. Solo han conseguido una, aunque entra\u00f1able: tras la ceremonia, Antonio Banderas ha salido a brindar con la prensa que trataba de conseguir una foto de la boda de su hija y su pareja. Feliz, ha contado que \u201cha sido muy bonito, muy emocionante. Estamos muy contentos\u201d. No ha evitado reconocer que se han escapado \u201cmuchas lagrimillas\u201d entre los presentes.<\/p>\n<p>Como ha adelantado la misma revista, entre los escogidos invitados figuran las hijas de <a href=\"https:\/\/www.revistavanityfair.es\/tags\/barack-obama\" rel=\"nofollow noopener\" target=\"_blank\">Barack<\/a> y <a href=\"https:\/\/www.revistavanityfair.es\/tags\/michelle-obama\" isautogenerated=\"true\" rel=\"nofollow noopener\" target=\"_blank\">Michelle Obama<\/a>, <a href=\"https:\/\/www.revistavanityfair.es\/tags\/malia-obama\" rel=\"nofollow noopener\" target=\"_blank\">Malia<\/a> y <a href=\"https:\/\/www.revistavanityfair.es\/tags\/sasha-obama\" isautogenerated=\"true\" rel=\"nofollow noopener\" target=\"_blank\">Sasha Obama<\/a>, que han viajado desde Los \u00c1ngeles a Valladolid para acompa\u00f1ar a Stella.<\/p>\n<p>Los novios les han agasajado con una celebraci\u00f3n que ha tenido muy presentes las ra\u00edces andaluzas de Stella Banderas, nacida en <a href=\"https:\/\/www.revistavanityfair.es\/tags\/marbella\" isautogenerated=\"true\" rel=\"nofollow noopener\" target=\"_blank\">Marbella<\/a>. Primero, un c\u00f3ctel servido al aire libre con productos muy espa\u00f1oles como croquetas, queso, jam\u00f3n y paella. Despu\u00e9s, el responsable del restaurante del hotel, Marc Segarra al frente de Refectorio, con una estrella Michelin, ha dise\u00f1ado un men\u00fa que, seg\u00fan la misma publicaci\u00f3n, ha comenzado con un ravioli de coquelet, ha seguido con bogavante lacado y ha concluido con un milhojas de solomillo. Un coulant con toffe y sopa de chocolate blanco ha endulzado los selectos paladares sin que haya faltado la tarta, una original propuesta elaborada con nutella y frambuesas. Y todo, regado con los mejores caldos de la bodega Le Domaine.<\/p>\n<p>Stella y Alex comienzan as\u00ed, en familia y con la uni\u00f3n de dos culturas, una nueva etapa en su vida. Se conocieron cuando eran <a href=\"https:\/\/www.revistavanityfair.es\/tags\/ninos\" isautogenerated=\"true\" rel=\"nofollow noopener\" target=\"_blank\">ni\u00f1os<\/a>. Comenzaron a salir en 2015, pero rompieron cuatro a\u00f1os despu\u00e9s. Volvieron a darse una nueva oportunidad y vieron que estaban hechos el uno para el otro. Comparten su idea de una vida discreta alejada en lo posible de los focos y su pasi\u00f3n por el cine, aunque detr\u00e1s de las c\u00e1maras. Como han querido que sea su boda: un cuento contado por ellos mismos.<\/p>\n","protected":false},"excerpt":{"rendered":"Stella Banderas y Alex Gruszynski se han casado este s\u00e1bado en la Abad\u00eda Retuerta de Valladolid, un monasterio&hellip;\n","protected":false},"author":2,"featured_media":187162,"comment_status":"","ping_status":"","sticky":false,"template":"","format":"standard","meta":{"footnotes":""},"categories":[91],"tags":[3083,3164,2926,146,147,25,24,18022,23,1254],"class_list":{"0":"post-187161","1":"post","2":"type-post","3":"status-publish","4":"format-standard","5":"has-post-thumbnail","7":"category-entretenimiento","8":"tag-antonio-banderas","9":"tag-bodas","10":"tag-dakota-johnson","11":"tag-entertainment","12":"tag-entretenimiento","13":"tag-es","14":"tag-espana","15":"tag-melanie-griffith","16":"tag-spain","17":"tag-stella-del-carmen"},"share_on_mastodon":{"url":"","error":""},"_links":{"self":[{"href":"https:\/\/www.europesays.com\/es\/wp-json\/wp\/v2\/posts\/187161","targetHints":{"allow":["GET"]}}],"collection":[{"href":"https:\/\/www.europesays.com\/es\/wp-json\/wp\/v2\/posts"}],"about":[{"href":"https:\/\/www.europesays.com\/es\/wp-json\/wp\/v2\/types\/post"}],"author":[{"embeddable":true,"href":"https:\/\/www.europesays.com\/es\/wp-json\/wp\/v2\/users\/2"}],"replies":[{"embeddable":true,"href":"https:\/\/www.europesays.com\/es\/wp-json\/wp\/v2\/comments?post=187161"}],"version-history":[{"count":0,"href":"https:\/\/www.europesays.com\/es\/wp-json\/wp\/v2\/posts\/187161\/revisions"}],"wp:featuredmedia":[{"embeddable":true,"href":"https:\/\/www.europesays.com\/es\/wp-json\/wp\/v2\/media\/187162"}],"wp:attachment":[{"href":"https:\/\/www.europesays.com\/es\/wp-json\/wp\/v2\/media?parent=187161"}],"wp:term":[{"taxonomy":"category","embeddable":true,"href":"https:\/\/www.europesays.com\/es\/wp-json\/wp\/v2\/categories?post=187161"},{"taxonomy":"post_tag","embeddable":true,"href":"https:\/\/www.europesays.com\/es\/wp-json\/wp\/v2\/tags?post=187161"}],"curies":[{"name":"wp","href":"https:\/\/api.w.org\/{rel}","templated":true}]}}