{"id":187168,"date":"2025-10-19T13:05:22","date_gmt":"2025-10-19T13:05:22","guid":{"rendered":"https:\/\/www.europesays.com\/es\/187168\/"},"modified":"2025-10-19T13:05:22","modified_gmt":"2025-10-19T13:05:22","slug":"dos-fallecidos-tras-chocar-e-incendiarse-su-coche-en-ponferrada","status":"publish","type":"post","link":"https:\/\/www.europesays.com\/es\/187168\/","title":{"rendered":"Dos fallecidos tras chocar e incendiarse su coche en Ponferrada"},"content":{"rendered":"<p><a class=\"v-mdl-ath__fig-a\" href=\"https:\/\/www.elbierzonoticias.com\/autor\/leonoticias-2282.html\" title=\"Leonoticias\" rel=\"nofollow noopener\" target=\"_blank\"><br \/>\n<img decoding=\"async\" class=\"v-mdl-ath__img\" src=\"https:\/\/www.europesays.com\/es\/wp-content\/uploads\/2025\/07\/autor-2282-foto-1.jpeg\" alt=\"Leonoticias\"\/><br \/>\n<\/a><\/p>\n<p class=\"v-mdl-ath__p v-mdl-ath__p--6\">\nDomingo, 19 de octubre 2025, 10:00<\/p>\n<p class=\"v-p\">Un tr\u00e1gico accidente en Ponferrada se ha saldado con el fallecimiento de dos personas, despu\u00e9s de que se veh\u00edculo se saliera de la via, chocase con una roca y acabara por incendiarse con las dos v\u00edctimas atrapas dentro de \u00e9l.<\/p>\n<p class=\"v-p\">El siniestro se ha producido en la madrugada de este s\u00e1bado, minutos antes de la 1:02, cuando el centro de Emergencias 112 recibi\u00f3 varias llamadas de del accidente en la presa de B\u00e1rcena, en el Dique del Collado, en Ponferrada.<\/p>\n<p><a href=\"https:\/\/www.leonoticias.com\/comarcas\/herido-hombre-tras-volcar-furgoneta-alija-infantado-20251019101429-nt.html#vtm_modulosEngag=mod-rel:ponferrada:noticia:1:cmp:1-not\" class=\"v-a-link\" aria-label=\"Imagen\" rel=\"nofollow noopener\" target=\"_blank\"><\/p>\n<p><img decoding=\"async\" loading=\"lazy\" src=\"https:\/\/www.europesays.com\/es\/wp-content\/uploads\/2025\/10\/Ambulancia hoy-k75--366x256@Leonoticias.jpg\" class=\"v-a-img\" width=\"258\" height=\"180\" alt=\"\" data-voc-vtm-id=\"in-text-traffic\"\/><\/p>\n<p><\/a><\/p>\n<p class=\"v-p\">Hasta el lugar se desplazaron los bomberos de Ponferrada para intervenir en las labores de rescate, Guardia Civil de Tr\u00e1fico de Le\u00f3n y Emergencias Sanitarias &#8211; Sacyl, que confirmaron el fallecimiento de dos personas de las que no constan datos de filiaci\u00f3n.<\/p>\n<p>Reporta un error<\/p>\n","protected":false},"excerpt":{"rendered":"Domingo, 19 de octubre 2025, 10:00 Un tr\u00e1gico accidente en Ponferrada se ha saldado con el fallecimiento de&hellip;\n","protected":false},"author":2,"featured_media":187169,"comment_status":"","ping_status":"","sticky":false,"template":"","format":"standard","meta":{"footnotes":""},"categories":[8],"tags":[17,18,13794,3075,1563,25,24,18892,13,14,11,52590,19,20,9,10,15,16,16148,23,12,575,21,22],"class_list":{"0":"post-187168","1":"post","2":"type-post","3":"status-publish","4":"format-standard","5":"has-post-thumbnail","7":"category-espana","8":"tag-breaking-news","9":"tag-breakingnews","10":"tag-chocar","11":"tag-coche","12":"tag-dos","13":"tag-es","14":"tag-espana","15":"tag-fallecidos","16":"tag-featured-news","17":"tag-featurednews","18":"tag-headlines","19":"tag-incendiarse","20":"tag-latest-news","21":"tag-latestnews","22":"tag-news","23":"tag-noticias","24":"tag-noticias-destacadas","25":"tag-noticiasdestacadas","26":"tag-ponferrada","27":"tag-spain","28":"tag-titulares","29":"tag-tras","30":"tag-ultimas-noticias","31":"tag-ultimasnoticias"},"share_on_mastodon":{"url":"","error":""},"_links":{"self":[{"href":"https:\/\/www.europesays.com\/es\/wp-json\/wp\/v2\/posts\/187168","targetHints":{"allow":["GET"]}}],"collection":[{"href":"https:\/\/www.europesays.com\/es\/wp-json\/wp\/v2\/posts"}],"about":[{"href":"https:\/\/www.europesays.com\/es\/wp-json\/wp\/v2\/types\/post"}],"author":[{"embeddable":true,"href":"https:\/\/www.europesays.com\/es\/wp-json\/wp\/v2\/users\/2"}],"replies":[{"embeddable":true,"href":"https:\/\/www.europesays.com\/es\/wp-json\/wp\/v2\/comments?post=187168"}],"version-history":[{"count":0,"href":"https:\/\/www.europesays.com\/es\/wp-json\/wp\/v2\/posts\/187168\/revisions"}],"wp:featuredmedia":[{"embeddable":true,"href":"https:\/\/www.europesays.com\/es\/wp-json\/wp\/v2\/media\/187169"}],"wp:attachment":[{"href":"https:\/\/www.europesays.com\/es\/wp-json\/wp\/v2\/media?parent=187168"}],"wp:term":[{"taxonomy":"category","embeddable":true,"href":"https:\/\/www.europesays.com\/es\/wp-json\/wp\/v2\/categories?post=187168"},{"taxonomy":"post_tag","embeddable":true,"href":"https:\/\/www.europesays.com\/es\/wp-json\/wp\/v2\/tags?post=187168"}],"curies":[{"name":"wp","href":"https:\/\/api.w.org\/{rel}","templated":true}]}}