{"id":187172,"date":"2025-10-19T13:07:11","date_gmt":"2025-10-19T13:07:11","guid":{"rendered":"https:\/\/www.europesays.com\/es\/187172\/"},"modified":"2025-10-19T13:07:11","modified_gmt":"2025-10-19T13:07:11","slug":"el-balonmano-servigroup-benidorm-se-gusta-ante-el-barca-athletic","status":"publish","type":"post","link":"https:\/\/www.europesays.com\/es\/187172\/","title":{"rendered":"El Balonmano Servigroup Benidorm se gusta ante el Bar\u00e7a Athletic"},"content":{"rendered":"<p>Los de Marko Krivokapic suman su cuarta victoria del curso y se amarran a la zona alta de la clasificaci\u00f3n<\/p>\n<p><a href=\"https:\/\/www.servigroup.es\/es\/\" target=\"_blank\" aria-label=\"logo servigroup grueso H\" rel=\"nofollow noopener\"><img loading=\"lazy\" decoding=\"async\" src=\"https:\/\/www.europesays.com\/es\/wp-content\/uploads\/2025\/09\/logo-servigroup-grueso-H.jpg\" alt=\"\"   width=\"700\" height=\"233\" style=\"display: inline-block;\"\/><\/a><\/p>\n<p>Tras la importante victoria conseguida la jornada anterior en Ibiza, la primera del a\u00f1o como visitante, el Balonmano Servigroup Benidorm volv\u00eda este domingo al Palau d\u2019Esports con la doble misi\u00f3n de sumar dos nuevos puntos y, sobre todo, confirmar la mejor\u00eda de juego mostrada en tierras baleares para, de esa manera, demostrarse a s\u00ed mismo y al resto de rivales que, como todos indicaban antes del arranque de la competici\u00f3n, los de la capital tur\u00edstica van a ser serios y firmes candidatos al ascenso a Asobal al final de la temporada.<\/p>\n<p>Y todo eso lo lograron los de Marko Krivokapic ante el Bar\u00e7a Athletic, el filial del mejor equipo del mundo, que llegaba al Palau d\u2019Esports siendo el segundo conjunto m\u00e1s goleador de la categor\u00eda y, a la vez, el m\u00e1s goleado de la misma y que se march\u00f3 de la cancha benidormense con una ajustad\u00edsima derrota por 30-29.<\/p>\n<p>Todo ello lo supo leer a la perfecci\u00f3n un Balonmano Servigroup Benidorm que, si bien arranc\u00f3 el encuentro algo menos contundente, nunca le perdi\u00f3 la cara al mismo y mand\u00f3 en el marcador durante la pr\u00e1ctica totalidad de los 60 minutos de juego.<\/p>\n<p>El mayor peligro del cuadro cul\u00e9, que vest\u00eda este domingo de naranja, iba a llegar de la alta velocidad que siempre imprime a su juego, algo con lo que ya contaba de antemano el Balonmano Servigroup Benidorm y que los de Marko Krivokapic supieron contrarrestar a la perfecci\u00f3n.<\/p>\n<p>El Balonmano Servigroup Benidorm march\u00f3 por delante en el marcador durante la pr\u00e1ctica totalidad del partido, pero un baj\u00f3n de juego en la parte final del mismo hizo aparecer los nervios en un Palau que vio como las cosas se complicaron m\u00e1s de la cuenta una vez que se entr\u00f3 en los diez minutos finales de partido.<\/p>\n<p>Pese a ello y a que el Bar\u00e7a Atletic consigui\u00f3, incluso, empatar el partido a falta de menos de cinco minutos para el final, los de Marko Krivokapic supieron mantener la calma para terminar llev\u00e1ndose el triunfo por ese resultado final de 30-29.<\/p>\n<p>Una victoria que coloca al Balonmano Servigroup Benidorm en la s\u00e9ptima posici\u00f3n de la clasificaci\u00f3n con los mismo ocho puntos que Burgos, Ibiza, Sevilla, Puerto de Sagunto y A Coru\u00f1a y a s\u00f3lo dos del l\u00edder, el Agustinos de Alicante, que este fin de semana ha sufrido su primera derrota del presente curso ante el Blendio Sinf\u00edn c\u00e1ntabro, precisamente el pr\u00f3ximo rival del Balonmano Servigroup Benidorm.<strong\/><\/p>\n<p><a href=\"https:\/\/www.benidorm.org\" target=\"_blank\" aria-label=\"BENIDORM 4x1m ok marcas\" rel=\"nofollow noopener\"><img loading=\"lazy\" decoding=\"async\" src=\"https:\/\/www.europesays.com\/es\/wp-content\/uploads\/2025\/08\/BENIDORM-4x1m-ok-marcas.png\" alt=\"\"   width=\"555\" height=\"75\"\/><\/a><\/p>\n","protected":false},"excerpt":{"rendered":"Los de Marko Krivokapic suman su cuarta victoria del curso y se amarran a la zona alta de&hellip;\n","protected":false},"author":2,"featured_media":187173,"comment_status":"","ping_status":"","sticky":false,"template":"","format":"standard","meta":{"footnotes":""},"categories":[278],"tags":[376,5293,168,25,24,375,23,167],"class_list":{"0":"post-187172","1":"post","2":"type-post","3":"status-publish","4":"format-standard","5":"has-post-thumbnail","7":"category-balonmano","8":"tag-balonmano","9":"tag-cronica","10":"tag-deportes","11":"tag-es","12":"tag-espana","13":"tag-handball","14":"tag-spain","15":"tag-sports"},"share_on_mastodon":{"url":"","error":""},"_links":{"self":[{"href":"https:\/\/www.europesays.com\/es\/wp-json\/wp\/v2\/posts\/187172","targetHints":{"allow":["GET"]}}],"collection":[{"href":"https:\/\/www.europesays.com\/es\/wp-json\/wp\/v2\/posts"}],"about":[{"href":"https:\/\/www.europesays.com\/es\/wp-json\/wp\/v2\/types\/post"}],"author":[{"embeddable":true,"href":"https:\/\/www.europesays.com\/es\/wp-json\/wp\/v2\/users\/2"}],"replies":[{"embeddable":true,"href":"https:\/\/www.europesays.com\/es\/wp-json\/wp\/v2\/comments?post=187172"}],"version-history":[{"count":0,"href":"https:\/\/www.europesays.com\/es\/wp-json\/wp\/v2\/posts\/187172\/revisions"}],"wp:featuredmedia":[{"embeddable":true,"href":"https:\/\/www.europesays.com\/es\/wp-json\/wp\/v2\/media\/187173"}],"wp:attachment":[{"href":"https:\/\/www.europesays.com\/es\/wp-json\/wp\/v2\/media?parent=187172"}],"wp:term":[{"taxonomy":"category","embeddable":true,"href":"https:\/\/www.europesays.com\/es\/wp-json\/wp\/v2\/categories?post=187172"},{"taxonomy":"post_tag","embeddable":true,"href":"https:\/\/www.europesays.com\/es\/wp-json\/wp\/v2\/tags?post=187172"}],"curies":[{"name":"wp","href":"https:\/\/api.w.org\/{rel}","templated":true}]}}