{"id":187181,"date":"2025-10-19T13:15:11","date_gmt":"2025-10-19T13:15:11","guid":{"rendered":"https:\/\/www.europesays.com\/es\/187181\/"},"modified":"2025-10-19T13:15:11","modified_gmt":"2025-10-19T13:15:11","slug":"respiro-economico-para-el-betis-con-gonzalo-petit-en-su-peor-momento-deportivo","status":"publish","type":"post","link":"https:\/\/www.europesays.com\/es\/187181\/","title":{"rendered":"Respiro econ\u00f3mico para el Betis con Gonzalo Petit en su peor momento deportivo"},"content":{"rendered":"<p class=\"parrafo\"><strong>La hoja de ruta establecida en el Betis con Gonzalo Petit no terminar de ofrecer los resultados esperados <\/strong>y es inevitable que exista cierta preocupaci\u00f3n por la importancia de que el charr\u00faa disponga de protagonismo y aproveche las oportunidades durante su cesi\u00f3n.<\/p>\n<p class=\"parrafo\">De hecho, despu\u00e9s de haber pagado 4,5 millones a Nacional por un fichaje que podr\u00eda llegar a los seis millones, <strong>en Heli\u00f3polis se apost\u00f3 por el Mirand\u00e9s para que dispusiera de continuidad <\/strong>y pudiera regresar en verano muy rodado y despu\u00e9s de haber alcanzado una buena cifra de goles. <\/p>\n<p><img decoding=\"async\" src=\"https:\/\/www.europesays.com\/es\/wp-content\/uploads\/2025\/10\/f8aeaa14-18b1-49ef-916c-3197ab343418_800x450.jpeg\" loading=\"lazy\"\/><\/p>\n<p class=\"parrafo\">Sin embargo, <strong>el delantero charr\u00faa, de 19 a\u00f1os, atraviesa por una larga sequ\u00eda <\/strong>despu\u00e9s de haber despertado esperanzas con sus tantos a finales de agosto y principios de septiembre. De hecho, no marca desde el 5 de septiembre en el partido contra el Albacete y, a partir de ah\u00ed, no ha visto puerta, por lo que acumula cerca de mes y medio sin anotar.<\/p>\n<p>Ning\u00fan minuto para Petit ante el Ceuta<\/p>\n<p class=\"parrafo\">Y lo cierto es que ha tenido oportunidades, pues despu\u00e9s cuatro suplencias, en las que, curiosamente, anot\u00f3 sus dos dianas y sirvi\u00f3 una asistencia, <strong>encaden\u00f3 tres titularidades ante Zaragoza, Valladolid y Legan\u00e9s en las que se qued\u00f3 sin engrosar su cuenta realizadora<\/strong>. Esta falta de acierto provoc\u00f3 que ayer <strong>Fran Justo probara contra el Ceuta con nuevas f\u00f3rmulas en ataque <\/strong>y formara la dupla de ataque con El Jabari y Alberto Mar\u00ed. Por ende, <strong>dej\u00f3 en el banquillo a Petit, que no disput\u00f3 ning\u00fan minuto <\/strong>en la derrota contra el equipo caballa (2-0).<\/p>\n<p><a class=\"elementos-rel-t2\" href=\"https:\/\/www.estadiodeportivo.com\/futbol\/ad-ceuta\/gonzalo-petit-que-pudo-haber-sido-ceuta-que-betis-vigila-20251018-516931.html\" title=\"Gonzalo Petit: Lo que pudo haber sido en Ceuta y que el Betis vigila\" rel=\"nofollow noopener\" target=\"_blank\">Gonzalo Petit: Lo que pudo haber sido en Ceuta y que el Betis vigila<img decoding=\"async\" src=\"https:\/\/www.europesays.com\/es\/wp-content\/uploads\/2025\/10\/f5cab570-ed57-49fb-9d38-5955ec49d8f7_320x180.jpeg\" alt=\"Gonzalo Petit: Lo que pudo haber sido en Ceuta y que el Betis vigila\"\/><\/a><a class=\"elementos-rel-t2\" href=\"https:\/\/www.estadiodeportivo.com\/futbol\/betis\/alegria-medias-para-betis-con-gonzalo-petit-barea-20251011-516037.html\" title=\"Alegr\u00eda a medias para el Betis con Gonzalo Petit y Barea\" rel=\"nofollow noopener\" target=\"_blank\">Alegr\u00eda a medias para el Betis con Gonzalo Petit y Barea<img decoding=\"async\" src=\"https:\/\/www.europesays.com\/es\/wp-content\/uploads\/2025\/10\/4e69ee15-57d4-4223-888a-d53c6268b5c5_320x180.jpeg\" alt=\"Alegr\u00eda a medias para el Betis con Gonzalo Petit y Barea\"\/><\/a><a class=\"elementos-rel-t2\" href=\"https:\/\/www.estadiodeportivo.com\/futbol\/betis\/proposito-enmienda-con-gonzalo-petit-20250926-513886.html\" title=\"Prop\u00f3sito de enmienda con Gonzalo Petit\" rel=\"nofollow noopener\" target=\"_blank\">Prop\u00f3sito de enmienda con Gonzalo Petit<img decoding=\"async\" src=\"https:\/\/www.europesays.com\/es\/wp-content\/uploads\/2025\/10\/52b13e3f-379c-43cf-aabd-bdc62ba66d76_320x180.jpeg\" alt=\"Prop\u00f3sito de enmienda con Gonzalo Petit\"\/><\/a>Se dispara el valor de mercado de Petit<\/p>\n<p class=\"parrafo\">Sin embargo, en plena inquietud por la situaci\u00f3n deportiva del uruguayo, el Betis ha recibido una buena noticia en los \u00faltimos d\u00edas en el plano econ\u00f3mico, pues <strong>la cotizaci\u00f3n del joven punta se ha triplicado en los \u00faltimos meses<\/strong>. As\u00ed, en la \u00faltima revisi\u00f3n de su valor de mercado realizada por Transfermarkt el pasado jueves, <strong>Gonzalo Petit ha pasado de 1,5 millones en el mes de junio a 4 millones a d\u00eda de hoy<\/strong>, lo que supone un crecimiento ostensible que, obviamente, beneficia al Betis. Esta nueva cotizaci\u00f3n se corresponde pr\u00e1cticamente a lo pagado en verano y es m\u00e1s acorde al salto que dio en el mercado a una edad tan temprana.<\/p>\n<p class=\"parrafo\">Ahora mismo <strong>se erige en el futbolista con m\u00e1s valor econ\u00f3mico del Mirand\u00e9s<\/strong>, por delante de Thiago Helguera, valorado en 3,5 millones, pero, de momento, Fran Justo, no termina de otorgarle plena continuidad en su etapa como rojinegro.<\/p>\n","protected":false},"excerpt":{"rendered":"La hoja de ruta establecida en el Betis con Gonzalo Petit no terminar de ofrecer los resultados esperados&hellip;\n","protected":false},"author":2,"featured_media":187182,"comment_status":"","ping_status":"","sticky":false,"template":"","format":"standard","meta":{"footnotes":""},"categories":[268],"tags":[168,25,24,284,280,282,286,281,23,167],"class_list":{"0":"post-187181","1":"post","2":"type-post","3":"status-publish","4":"format-standard","5":"has-post-thumbnail","7":"category-futbol","8":"tag-deportes","9":"tag-es","10":"tag-espana","11":"tag-estadio-deportivo","12":"tag-football","13":"tag-futbol","14":"tag-real-betis-balompie","15":"tag-soccer","16":"tag-spain","17":"tag-sports"},"share_on_mastodon":{"url":"","error":""},"_links":{"self":[{"href":"https:\/\/www.europesays.com\/es\/wp-json\/wp\/v2\/posts\/187181","targetHints":{"allow":["GET"]}}],"collection":[{"href":"https:\/\/www.europesays.com\/es\/wp-json\/wp\/v2\/posts"}],"about":[{"href":"https:\/\/www.europesays.com\/es\/wp-json\/wp\/v2\/types\/post"}],"author":[{"embeddable":true,"href":"https:\/\/www.europesays.com\/es\/wp-json\/wp\/v2\/users\/2"}],"replies":[{"embeddable":true,"href":"https:\/\/www.europesays.com\/es\/wp-json\/wp\/v2\/comments?post=187181"}],"version-history":[{"count":0,"href":"https:\/\/www.europesays.com\/es\/wp-json\/wp\/v2\/posts\/187181\/revisions"}],"wp:featuredmedia":[{"embeddable":true,"href":"https:\/\/www.europesays.com\/es\/wp-json\/wp\/v2\/media\/187182"}],"wp:attachment":[{"href":"https:\/\/www.europesays.com\/es\/wp-json\/wp\/v2\/media?parent=187181"}],"wp:term":[{"taxonomy":"category","embeddable":true,"href":"https:\/\/www.europesays.com\/es\/wp-json\/wp\/v2\/categories?post=187181"},{"taxonomy":"post_tag","embeddable":true,"href":"https:\/\/www.europesays.com\/es\/wp-json\/wp\/v2\/tags?post=187181"}],"curies":[{"name":"wp","href":"https:\/\/api.w.org\/{rel}","templated":true}]}}