{"id":187187,"date":"2025-10-19T13:18:16","date_gmt":"2025-10-19T13:18:16","guid":{"rendered":"https:\/\/www.europesays.com\/es\/187187\/"},"modified":"2025-10-19T13:18:16","modified_gmt":"2025-10-19T13:18:16","slug":"dia-de-la-biblioteca-llanera","status":"publish","type":"post","link":"https:\/\/www.europesays.com\/es\/187187\/","title":{"rendered":"D\u00cdA DE LA BIBLIOTECA LLANERA"},"content":{"rendered":"<p class=\"ft-text\">Una biblioteca no es solo un lugar donde se guardan libros, \u00abes<strong> donde nacen historias<\/strong>\u00ab. Y, por ello, cada 24 de octubre, la <strong>Red Municipal de Bibliotecas de <\/strong><a class=\"ft-link ft-link--decoration\" href=\"https:\/\/www.lne.es\/llanera\/\" rel=\"nofollow noopener\" target=\"_blank\">Llanera<\/a> rinde homenaje a estos equipamientos p\u00fablicos y lo hace con iniciativas que invitan a a leer, compartir y descubrir. El Ayuntamiento ha preparado un amplio programa para conmemorar el <strong>D\u00eda de la Biblioteca<\/strong> que se extiende durante m\u00e1s de una semana y cuenta con <strong>propuestas para todos los p\u00fablicos<\/strong> y varias destacadas dirigidas a las familias.<\/p>\n<p class=\"ft-text\">Uno de los actos m\u00e1s esperados es este <strong>lunes, 20 de octubre<\/strong>, con el <strong>encuentro con <\/strong><a class=\"ft-link ft-link--decoration\" href=\"https:\/\/www.lne.es\/oviedo\/premios-princesa\/2025\/05\/14\/eduardo-mendoza-gran-clasico-novela-117379141.html\" rel=\"nofollow noopener\" target=\"_blank\">Eduardo Mendoza<\/a> en el marco del programa de los <a class=\"ft-link ft-link--decoration\" href=\"https:\/\/www.lne.es\/oviedo\/premios-princesa\/2025\/10\/17\/confirman-sospechas-princesa-leonor-casa-122731018.html\" rel=\"nofollow noopener\" target=\"_blank\">Premios Princesa<\/a> que tendr\u00e1 lugar a las 19.00 horas en Auditorio de Oviedo y en el que participan los clubes de lectura de Llanera. El <strong>martes, d\u00eda 21,<\/strong> se ofrece una de las iniciativas para p\u00fablico familiar en la Casa de Cultura de Llanera, con un <strong>musical<\/strong> a cargo El Arca de Mozart a partir de las 19.00 horas.<\/p>\n<p>Entrega de libros para los beb\u00e9s reci\u00e9n nacidos<\/p>\n<p class=\"ft-text\"><strong>Del 21 al 30 de octubre<\/strong> est\u00e1 previsto el desarrollo de <a class=\"ft-link ft-link--decoration\" href=\"https:\/\/www.lne.es\/redactor\/2021\/04\/10\/llanera-apuesta-cultura-edad-escolar-46200825.html\" rel=\"nofollow noopener\" target=\"_blank\">\u00abUn libro bajo el brazo\u00bb, <\/a> con la entrega de libros a los beb\u00e9s reci\u00e9n nacidos del concejo tanto en la biblioteca de Posada como en la de Lugo en el horario habitual de los equipamientos. En estas mismas fechas tendr\u00e1 tambi\u00e9n lugar la propuesta \u00ab<strong>Ad\u00f3ptame, libros buscan due\u00f1o\u00bb, <\/strong>tambi\u00e9n en ambas bibliotecas durante su horario de apertura normal.<\/p>\n<p class=\"ft-text\">El <strong>mi\u00e9rcoles 22 <\/strong>est\u00e1 programada la actividad <a class=\"ft-link ft-link--decoration\" href=\"https:\/\/www.lne.es\/llanera\/2022\/03\/29\/llanera-lleva-literatura-pequenos-celebrar-64409755.html\" rel=\"nofollow noopener\" target=\"_blank\">\u00abBibliotecario por un d\u00eda\u00bb, <\/a>para p\u00fablico infantil a patrir de 8 a\u00f1os, en horario de 17.00 a 19.00 horas en las bibliotecas de Lugo y Posada.<\/p>\n<p>\u00abEs medianoche en casi todo el cuerpo\u00bb<\/p>\n<p class=\"ft-text\">El <strong>viernes 24,<\/strong> es el <strong>acto institucional por el D\u00eda de la Biblioteca,<\/strong> a las 18.00 horas en la Casa de Cultura de Lugo. Despu\u00e9s, sobre las 19.00 horas, tendr\u00e1 lugar el espect\u00e1culo po\u00e9tico <strong>\u00abEs medianoche en casi todo el cuerpo\u00bb<\/strong> a cargo de Gema Fern\u00e1ndez Mart\u00ednez.<\/p>\n<p class=\"ft-text\">La semana siguiente, ya el<strong> martes 28 de octubre<\/strong>, la Compa\u00f1\u00eda del Alba protagoniza \u00ab<strong>Lo que me cont\u00f3 la t\u00eda Carola\u00bb,<\/strong> narraci\u00f3n oral para p\u00fablico a partir de los 5 a\u00f1os que tendr\u00e1 lugar en la Casa de Cultura de Posada. El <strong>mi\u00e9rcoles 29<\/strong> hay una nueva jornada de <a class=\"ft-link ft-link--decoration\" href=\"https:\/\/www.lne.es\/llanera\/2025\/07\/21\/biblioteca-casa-viaja-centros-sociales-119894733.html\" rel=\"nofollow noopener\" target=\"_blank\">\u00abLa biblioteca en casa\u00bb, <\/a>en el marco de las iniciativas frente a la soledad no deseada y se desarrollar\u00e1 a partir de las 17.00 horas en el centro sociocultural de Santa Cruz. Esta \u00faltima actividad est\u00e1 coordinada por Gloria Sagasti.<\/p>\n<p class=\"ft-text\">El <strong>jueves 30 y el viernes 31 <\/strong>se desarrollar\u00e1n adem\u00e1s sesiones de los <strong>clubes de lectura<\/strong> infantil y juvenil, tambi\u00e9n bajo la coordinaci\u00f3n de Gloria Sagasti, y de adultos, a cargo de Fernando Men\u00e9ndez.<\/p>\n","protected":false},"excerpt":{"rendered":"Una biblioteca no es solo un lugar donde se guardan libros, \u00abes donde nacen historias\u00ab. Y, por ello,&hellip;\n","protected":false},"author":2,"featured_media":187188,"comment_status":"","ping_status":"","sticky":false,"template":"","format":"standard","meta":{"footnotes":""},"categories":[172],"tags":[8286,224,47545,437,146,147,25,24,28450,225,17196,2676,52593,843,52594,23],"class_list":{"0":"post-187187","1":"post","2":"type-post","3":"status-publish","4":"format-standard","5":"has-post-thumbnail","7":"category-libros","8":"tag-bibliotecas","9":"tag-books","10":"tag-eduardo-mendoza","11":"tag-encuentro","12":"tag-entertainment","13":"tag-entretenimiento","14":"tag-es","15":"tag-espana","16":"tag-historias","17":"tag-libros","18":"tag-llanera","19":"tag-lugar","20":"tag-nacen","21":"tag-premio","22":"tag-premios-princesa","23":"tag-spain"},"share_on_mastodon":{"url":"","error":""},"_links":{"self":[{"href":"https:\/\/www.europesays.com\/es\/wp-json\/wp\/v2\/posts\/187187","targetHints":{"allow":["GET"]}}],"collection":[{"href":"https:\/\/www.europesays.com\/es\/wp-json\/wp\/v2\/posts"}],"about":[{"href":"https:\/\/www.europesays.com\/es\/wp-json\/wp\/v2\/types\/post"}],"author":[{"embeddable":true,"href":"https:\/\/www.europesays.com\/es\/wp-json\/wp\/v2\/users\/2"}],"replies":[{"embeddable":true,"href":"https:\/\/www.europesays.com\/es\/wp-json\/wp\/v2\/comments?post=187187"}],"version-history":[{"count":0,"href":"https:\/\/www.europesays.com\/es\/wp-json\/wp\/v2\/posts\/187187\/revisions"}],"wp:featuredmedia":[{"embeddable":true,"href":"https:\/\/www.europesays.com\/es\/wp-json\/wp\/v2\/media\/187188"}],"wp:attachment":[{"href":"https:\/\/www.europesays.com\/es\/wp-json\/wp\/v2\/media?parent=187187"}],"wp:term":[{"taxonomy":"category","embeddable":true,"href":"https:\/\/www.europesays.com\/es\/wp-json\/wp\/v2\/categories?post=187187"},{"taxonomy":"post_tag","embeddable":true,"href":"https:\/\/www.europesays.com\/es\/wp-json\/wp\/v2\/tags?post=187187"}],"curies":[{"name":"wp","href":"https:\/\/api.w.org\/{rel}","templated":true}]}}