{"id":187189,"date":"2025-10-19T13:19:08","date_gmt":"2025-10-19T13:19:08","guid":{"rendered":"https:\/\/www.europesays.com\/es\/187189\/"},"modified":"2025-10-19T13:19:08","modified_gmt":"2025-10-19T13:19:08","slug":"javier-ruiz-se-duplica-este-lunes-en-la-1-de-rtve-para-estar-tambien-por-la-tarde-en-directo-al-grano","status":"publish","type":"post","link":"https:\/\/www.europesays.com\/es\/187189\/","title":{"rendered":"Javier Ruiz se duplica este lunes en La 1 de RTVE para estar tambi\u00e9n por la tarde en &#8216;Directo al grano&#8217;"},"content":{"rendered":"<p class=\"article-text\">\n        <strong>La 1 de RTVE<\/strong> vive, como <a href=\"https:\/\/www.eldiario.es\/vertele\/audiencias-tv\/la-1-rtve-dispara-audiencias-radiografia-explosivo-auge-programas-diarios_1_12679932.html\" data-mrf-recirculation=\"links-noticia\" class=\"link\" rel=\"nofollow noopener\" target=\"_blank\">analizamos <\/a>esta semana, un momento dulce en el que casi todos sus programas diarios experimentan un explosivo auge que ha llevado a la cadena p\u00fablica incluso a disputar el liderazgo a Antena 3. Y a la vez, la derecha y ultraderecha elevan sus ataques contra la corporaci\u00f3n y se\u00f1alan a algunos de sus presentadores.\n    <\/p>\n<p>    <a href=\"https:\/\/www.eldiario.es\/vertele\/audiencias-tv\/la-1-rtve-dispara-audiencias-radiografia-explosivo-auge-programas-diarios_1_12679932.html\" data-mrf-recirculation=\"saber-mas\" data-dl-event=\"saber-mas\" rel=\"nofollow noopener\" target=\"_blank\"><\/p>\n<p class=\"know-more__title\">An\u00e1lisis | La 1 dispara sus audiencias: radiograf\u00eda del explosivo auge de sus programas diarios en RTVE<\/p>\n<p>            <img decoding=\"async\" class=\"lazy\" loading=\"lazy\" data-src=\"https:\/\/static.eldiario.es\/clip\/0b40740a-04a9-489b-a114-ba6d7e0578d3_16-9-aspect-ratio_default_0.jpg\" src=\"data:image\/svg+xml,%3Csvg xmlns=\" http:=\"\" viewbox=\"0 0 880 495\" alt=\"La 1 dispara sus audiencias: radiograf\u00eda del explosivo auge de sus programas diarios en RTVE\"\/><\/p>\n<p>                        <\/a><\/p>\n<p class=\"article-text\">\n        Uno de los atacados es <strong>Javier Ruiz<\/strong>, que desde que se incorpor\u00f3 a <strong>Ma\u00f1aneros 360<\/strong> ha llevado al programa presentado por Adela Gonz\u00e1lez a vivir su mejor momento, con cuotas que incluso se aproximan al impensable list\u00f3n del 20% que ya ha alcanzado su compa\u00f1ero de franja, La hora de La 1.\n    <\/p>\n<p class=\"article-text\">\n        El innegable tir\u00f3n del presentador se ver\u00e1 <strong>este lunes por partida doble<\/strong>. Y es que Javier Ruiz estar\u00e1 al frente de Ma\u00f1aneros 360 junto a Adela Gonz\u00e1lez, como cada d\u00eda, pero <strong>por la tarde estar\u00e1 en <\/strong><strong>Directo al grano<\/strong>.\n    <\/p>\n<p class=\"article-text\">\n        Los presentadores del magac\u00edn vespertino, <strong>Marta Flich y Gonzalo Mir\u00f3<\/strong> (tambi\u00e9n se\u00f1alados por trabajar en RTVE), se encargaron de anunciarlo y emplazar a sus espectadores para este lunes 20 de octubre:\n    <\/p>\n<p class=\"article-text\">\n        \u201cAntes de irnos hay que\u00a0recordarle a todo el mundo que se prepare\u00a0porque\u00a0<strong>el lunes viene a <\/strong><strong>Directo al grano<\/strong><strong> Javier Ruiz\u201d<\/strong>, dijeron, sin aclarar m\u00e1s detalles sobre el paso del presentador de Ma\u00f1aneros  360 a su programa en la tarde.\n    <\/p>\n<p>    <a href=\"https:\/\/www.eldiario.es\/vertele\/audiencias-tv\/ruleta-11-9-vuelve-noche-lider-bailando-estrellas-cae-5-1_1_12695901.html\" data-mrf-recirculation=\"saber-mas-abajo\" data-dl-event=\"saber-mas-abajo\" rel=\"nofollow noopener\" target=\"_blank\"><\/p>\n<p class=\"know-more__title\">&#8216;La Ruleta&#8217; (11.9%) vuelve a la noche l\u00edder sobre &#8216;Bailando con las estrellas&#8217;, y &#8216;Cu\u00e1nto, cu\u00e1nto, cu\u00e1nto&#8217; cae a 5.1%<\/p>\n<p>            <img decoding=\"async\" class=\"lazy\" loading=\"lazy\" data-src=\"https:\/\/static.eldiario.es\/clip\/a7060837-1c0d-46c3-a14e-d5c1e8d85c80_16-9-aspect-ratio_default_0.jpg\" src=\"data:image\/svg+xml,%3Csvg xmlns=\" http:=\"\" viewbox=\"0 0 880 495\" alt=\"'La Ruleta' (11.9%) vuelve a la noche l\u00edder sobre 'Bailando con las estrellas', y 'Cu\u00e1nto, cu\u00e1nto, cu\u00e1nto' cae a 5.1%\"\/><\/p>\n<p>                        <\/a><\/p>\n<p class=\"article-text\">\n        Javier Ruiz acudir\u00e1 de forma puntual, no para sumarse a la n\u00f3mina de colaboradores y mucho menos para ser copresentador, y sigue al frente del magac\u00edn matinal. Ser\u00e1 un invitado ocasional para poder profundizar en la actualidad econ\u00f3mica y pol\u00edtica.\n    <\/p>\n","protected":false},"excerpt":{"rendered":"La 1 de RTVE vive, como analizamos esta semana, un momento dulce en el que casi todos sus&hellip;\n","protected":false},"author":2,"featured_media":187190,"comment_status":"","ping_status":"","sticky":false,"template":"","format":"standard","meta":{"footnotes":""},"categories":[171],"tags":[3099,2125,4291,146,147,25,24,22509,5264,1051,518,5106,23,11054,214],"class_list":{"0":"post-187189","1":"post","2":"type-post","3":"status-publish","4":"format-standard","5":"has-post-thumbnail","7":"category-tv","8":"tag-3099","9":"tag-directo","10":"tag-duplica","11":"tag-entertainment","12":"tag-entretenimiento","13":"tag-es","14":"tag-espana","15":"tag-grano","16":"tag-javier","17":"tag-lunes","18":"tag-rtve","19":"tag-ruiz","20":"tag-spain","21":"tag-tarde","22":"tag-tv"},"share_on_mastodon":{"url":"","error":""},"_links":{"self":[{"href":"https:\/\/www.europesays.com\/es\/wp-json\/wp\/v2\/posts\/187189","targetHints":{"allow":["GET"]}}],"collection":[{"href":"https:\/\/www.europesays.com\/es\/wp-json\/wp\/v2\/posts"}],"about":[{"href":"https:\/\/www.europesays.com\/es\/wp-json\/wp\/v2\/types\/post"}],"author":[{"embeddable":true,"href":"https:\/\/www.europesays.com\/es\/wp-json\/wp\/v2\/users\/2"}],"replies":[{"embeddable":true,"href":"https:\/\/www.europesays.com\/es\/wp-json\/wp\/v2\/comments?post=187189"}],"version-history":[{"count":0,"href":"https:\/\/www.europesays.com\/es\/wp-json\/wp\/v2\/posts\/187189\/revisions"}],"wp:featuredmedia":[{"embeddable":true,"href":"https:\/\/www.europesays.com\/es\/wp-json\/wp\/v2\/media\/187190"}],"wp:attachment":[{"href":"https:\/\/www.europesays.com\/es\/wp-json\/wp\/v2\/media?parent=187189"}],"wp:term":[{"taxonomy":"category","embeddable":true,"href":"https:\/\/www.europesays.com\/es\/wp-json\/wp\/v2\/categories?post=187189"},{"taxonomy":"post_tag","embeddable":true,"href":"https:\/\/www.europesays.com\/es\/wp-json\/wp\/v2\/tags?post=187189"}],"curies":[{"name":"wp","href":"https:\/\/api.w.org\/{rel}","templated":true}]}}