{"id":187208,"date":"2025-10-19T13:30:08","date_gmt":"2025-10-19T13:30:08","guid":{"rendered":"https:\/\/www.europesays.com\/es\/187208\/"},"modified":"2025-10-19T13:30:08","modified_gmt":"2025-10-19T13:30:08","slug":"un-deporte-en-ascenso-y-que-exporta-a-los-mejores-jugadores","status":"publish","type":"post","link":"https:\/\/www.europesays.com\/es\/187208\/","title":{"rendered":"un deporte en ascenso y que exporta a los mejores jugadores"},"content":{"rendered":"<p>    <a href=\"https:\/\/www.sitioandino.com.ar\/perfil\/42-martin-sebastian-colucci\" title=\"Sitio Andino | Mart\u00edn Sebasti\u00e1n Colucci\" alt=\"Sitio Andino | Mart\u00edn Sebasti\u00e1n Colucci\" class=\"article-body__author-name\" target=\"_blank\" rel=\"nofollow noopener\"><\/p>\n<p>                        <img decoding=\"async\" src=\"https:\/\/www.sitioandino.com.ar\/css-custom\/335\/lazy.svg\" data-td-src-property=\"https:\/\/media.sitioandino.com.ar\/p\/a86ff1bcd3caf33c484d3d56ff917aa5\/adjuntos\/335\/autores\/000\/773\/0000773993\/sebastian-colucci.jpg\" alt=\"\" class=\"figure-img author-detail__figure-img\" width=\"\" height=\"\"\/>  <\/a>   Por\u00a0<a href=\"https:\/\/www.sitioandino.com.ar\/perfil\/42-martin-sebastian-colucci\" title=\"Sitio Andino | Mart\u00edn Sebasti\u00e1n Colucci\" alt=\"Sitio Andino | Mart\u00edn Sebasti\u00e1n Colucci\" class=\"article-body__author-name\" target=\"_blank\" rel=\"nofollow noopener\">Mart\u00edn Sebasti\u00e1n Colucci<\/a>   19 de octubre de 2025 &#8211; 10:15      <\/p>\n<p data-start=\"738\" data-end=\"1034\">El <strong data-start=\"741\" data-end=\"765\"><a href=\"https:\/\/www.sitioandino.com.ar\/balonmano-a4932\" target=\"_blank\" rel=\"follow nofollow noopener\">balonmano<\/a> en el plano local <\/strong>vive un presente de expansi\u00f3n que lo ubica entre los deportes m\u00e1s practicados de la <strong>provincia de Mendoza<\/strong>. Con cada vez m\u00e1s jugadores en las categor\u00edas formativas y con logros importantes a nivel nacional, el handball mendocino se consolida como una disciplina en pleno ascenso.<\/p>\n<p data-start=\"1036\" data-end=\"1407\">Clubes como <strong data-start=\"1048\" data-end=\"1126\">Regatas, Municipalidad de Maip\u00fa, Etiec, la UNCuyo y San Lorenzo de Russell<\/strong> se han convertido en pilares de este crecimiento, aportando talentos, entrenadores y espacios de competencia. La <strong data-start=\"1240\" data-end=\"1286\">Asociaci\u00f3n Mendocina de Balonmano (AMEBAL)<\/strong> es la entidad que coordina este proceso y proyecta un futuro con mayor presencia en el plano nacional e internacional.<\/p>\n<p>  <strong>Un presente de logros y crecimiento<\/strong>  <\/p>\n<p data-start=\"1455\" data-end=\"1641\">\u201cEl <strong data-start=\"1459\" data-end=\"1499\">balonmano de Mendoza est\u00e1 en ascenso<\/strong>. Hoy ocupa el tercer lugar entre los deportes no profesionales, detr\u00e1s del b\u00e1squet y el futsal\u201d, explic\u00f3 Mariano Juan, referente de AMEBAL.<\/p>\n<p>  <strong>Referentes que inspiran a las nuevas generaciones<\/strong>  <\/p>\n<p data-start=\"1993\" data-end=\"2284\">El crecimiento tambi\u00e9n se sostiene en los referentes locales. \u201c<strong data-start=\"2056\" data-end=\"2266\">Tenemos muchos jugadores mendocinos que hoy la rompen en Europa y Buenos Aires. Los hermanos Lucentini, <a href=\"https:\/\/www.sitioandino.com.ar\/andino-sports\/juegos-panamericanos-repasa-como-les-fue-los-mendocinos-una-nueva-jornada-n5706304\" target=\"_blank\" rel=\"follow nofollow noopener\">Mart\u00edn Maya en Boca<\/a>, Luciana Martinelli en Brasil, y Macarena Sans en la Selecci\u00f3n son ejemplos claros<\/strong>\u201d, remarc\u00f3 Juan.<\/p>\n<p data-start=\"2286\" data-end=\"2559\">La formaci\u00f3n de los m\u00e1s chicos es otro eje central. AMEBAL incorpor\u00f3 la categor\u00eda preinfantil mixta (de 5 a 11 a\u00f1os), con la idea de garantizar continuidad competitiva a largo plazo. <strong>\u201cLos resultados deportivos a nivel nacional los veremos en cuatro o cinco a\u00f1os\u201d, <\/strong> agreg\u00f3.<\/p>\n<p> <strong>Desaf\u00edos y proyecci\u00f3n futura<\/strong>  <\/p>\n<p data-start=\"2600\" data-end=\"2821\">Uno de los grandes retos est\u00e1 en la infraestructura. \u201c<strong data-start=\"2654\" data-end=\"2802\">Necesitamos m\u00e1s estadios cubiertos con medidas reglamentarias (40&#215;20) y pisos de calidad, como parquet o goma. Hoy hay muy pocos en la provincia<\/strong>\u201d, advirti\u00f3 Juan.<\/p>\n<p data-start=\"2823\" data-end=\"3099\"><strong><a href=\"https:\/\/www.sitioandino.com.ar\/andino-sports\/handball-argentina-fue-campeon-y-subcampeon-el-sur-centro-menores-protagonismo-mendocino-n5708369\" target=\"_blank\" rel=\"follow nofollow noopener\">El objetivo a mediano plazo es claro: que Mendoza est\u00e9 presente en todas las finales nacionales<\/a><\/strong>. Adem\u00e1s, AMEBAL busca federalizar el deporte en municipios como Las Heras, La Paz y Guaymall\u00e9n, y volver a tener presencia en la Liga Federal, adem\u00e1s de los Nacionales de Clubes.<\/p>\n<p>  <strong> Maip\u00fa es tierra de campeones en masculino y femenino<\/strong>  <\/p>\n<p data-start=\"988\" data-end=\"1375\">El entrenador del equipo masculino, <strong data-start=\"1024\" data-end=\"1040\">Mart\u00edn Cueto<\/strong>, resalt\u00f3 lo que significa volver a levantar un trofeo: \u201cVolver a salir campeones, tanto para el club como para el equipo, es muy importante. Maip\u00fa ven\u00eda de quince a\u00f1os consecutivos de t\u00edtulos y el a\u00f1o pasado se cort\u00f3 la racha. <strong>Haber recuperado esa confianza es clave, aunque el verdadero objetivo es ser campe\u00f3n anual<\/strong>\u201d, explic\u00f3.<\/p>\n<p data-start=\"1377\" data-end=\"1646\">Sobre la clave del rendimiento, Cueto fue contundente: \u201c<strong>La regularidad est\u00e1 en el entrenamiento<\/strong>. Somos un deporte amateur y entrenamos tres veces por semana. Esas seis horas tienen que ser a full, con concentraci\u00f3n y compromiso. Eso fue lo que marc\u00f3 la diferencia\u201d.<\/p>\n<p data-start=\"1648\" data-end=\"1894\">En cuanto al nivel del handball mendocino, el DT reconoci\u00f3: \u201c<strong>Estamos por debajo de Buenos Aires, que es la mejor plaza del pa\u00eds<\/strong>. Adem\u00e1s, hemos perdido nivel en inferiores y ese es el primer paso que Maip\u00fa debe mejorar para crecer en primera\u201d.<\/p>\n<p>handball Maip\u00fa hombres   <\/p>\n<p>  <img decoding=\"async\" src=\"https:\/\/www.sitioandino.com.ar\/css-custom\/335\/lazy.svg\" data-td-src-property=\"https:\/\/media.sitioandino.com.ar\/p\/df042955db3b13279c2e65d444572eff\/adjuntos\/335\/imagenes\/000\/812\/0000812990\/790x0\/smart\/handball-maipu-hombres.webp\" alt=\"\" title=\"\" width=\"790\" height=\"undefined\" id=\"751731-Libre-1102472559_embed\"\/>    <\/p>\n<p data-start=\"1896\" data-end=\"2141\">De cara al futuro, Cueto ya piensa en el gran desaf\u00edo: \u201c<strong>La semana que viene jugamos el Nacional de Clubes A en C\u00f3rdoba<\/strong>. Queremos competir al m\u00e1ximo y mantener la plaza para Mendoza.<strong> Nuestro objetivo mayor es el t\u00edtulo anual en la provincia<\/strong>\u201d.<\/p>\n<p data-start=\"2233\" data-end=\"2560\">Por su parte, el entrenador de la rama femenina, <strong data-start=\"2282\" data-end=\"2297\">Gaspar Pona<\/strong>, valor\u00f3 la entrega del plantel: \u201cPara nosotros como equipo <strong>significa una alegr\u00eda enorme poder dejar al club en lo m\u00e1s alto. Despu\u00e9s de que en 2024 no se pudo dar,<\/strong> asegurar una plaza al Nacional A del 2026 te da much\u00edsima satisfacci\u00f3n y felicidad\u201d, expres\u00f3.<\/p>\n<p data-start=\"2562\" data-end=\"2893\">Sobre las claves del campeonato, Pona destac\u00f3: \u201c<strong>La clave fue el sacrificio de todas. Las chicas entendieron que los resultados no vienen solos.<\/strong> Hubo entrega en cada entrenamiento, tanto en lo f\u00edsico como en lo t\u00e9cnico-t\u00e1ctico. Desde el cuerpo t\u00e9cnico nos enfocamos en los detalles que nos permitieran dar ese salto de calidad\u201d.<\/p>\n<p>handball Maip\u00fa mujeres   <\/p>\n<p>  <img decoding=\"async\" src=\"https:\/\/www.sitioandino.com.ar\/css-custom\/335\/lazy.svg\" data-td-src-property=\"https:\/\/media.sitioandino.com.ar\/p\/5e708674a6f4aafdbb553227048feac9\/adjuntos\/335\/imagenes\/000\/812\/0000812992\/790x0\/smart\/handball-maipu-mujeres.webp\" alt=\"\" title=\"\" width=\"790\" height=\"undefined\" id=\"751732-Libre-53925085_embed\"\/>    <\/p>\n<p data-start=\"2895\" data-end=\"3245\">Respecto al panorama general del deporte en Mendoza, opin\u00f3: \u201c<strong>El handball de la provincia no est\u00e1 en su mejor momento. La emigraci\u00f3n de tantos jugadores al exterior o a Buenos Aires nos resta calidad.<\/strong> Seguimos siendo un deporte amateur y cuesta mucho progresar. Aun as\u00ed, con esfuerzo seguimos consiguiendo resultados importantes a nivel nacional\u201d.<\/p>\n<p data-start=\"3247\" data-end=\"3498\">Finalmente, Pona puso la mira en lo que viene: \u201c<strong>El objetivo inmediato es mantener el invicto en el Clausura y competir al m\u00e1ximo en el Nacional A, <\/strong>el torneo m\u00e1s importante del pa\u00eds. Es un orgullo representar a Mendoza y buscaremos hacer historia\u201d.<\/p>\n","protected":false},"excerpt":{"rendered":"Por\u00a0Mart\u00edn Sebasti\u00e1n Colucci 19 de octubre de 2025 &#8211; 10:15 El balonmano en el plano local vive un&hellip;\n","protected":false},"author":2,"featured_media":187209,"comment_status":"","ping_status":"","sticky":false,"template":"","format":"standard","meta":{"footnotes":""},"categories":[278],"tags":[376,168,25,24,375,23,167],"class_list":{"0":"post-187208","1":"post","2":"type-post","3":"status-publish","4":"format-standard","5":"has-post-thumbnail","7":"category-balonmano","8":"tag-balonmano","9":"tag-deportes","10":"tag-es","11":"tag-espana","12":"tag-handball","13":"tag-spain","14":"tag-sports"},"share_on_mastodon":{"url":"","error":""},"_links":{"self":[{"href":"https:\/\/www.europesays.com\/es\/wp-json\/wp\/v2\/posts\/187208","targetHints":{"allow":["GET"]}}],"collection":[{"href":"https:\/\/www.europesays.com\/es\/wp-json\/wp\/v2\/posts"}],"about":[{"href":"https:\/\/www.europesays.com\/es\/wp-json\/wp\/v2\/types\/post"}],"author":[{"embeddable":true,"href":"https:\/\/www.europesays.com\/es\/wp-json\/wp\/v2\/users\/2"}],"replies":[{"embeddable":true,"href":"https:\/\/www.europesays.com\/es\/wp-json\/wp\/v2\/comments?post=187208"}],"version-history":[{"count":0,"href":"https:\/\/www.europesays.com\/es\/wp-json\/wp\/v2\/posts\/187208\/revisions"}],"wp:featuredmedia":[{"embeddable":true,"href":"https:\/\/www.europesays.com\/es\/wp-json\/wp\/v2\/media\/187209"}],"wp:attachment":[{"href":"https:\/\/www.europesays.com\/es\/wp-json\/wp\/v2\/media?parent=187208"}],"wp:term":[{"taxonomy":"category","embeddable":true,"href":"https:\/\/www.europesays.com\/es\/wp-json\/wp\/v2\/categories?post=187208"},{"taxonomy":"post_tag","embeddable":true,"href":"https:\/\/www.europesays.com\/es\/wp-json\/wp\/v2\/tags?post=187208"}],"curies":[{"name":"wp","href":"https:\/\/api.w.org\/{rel}","templated":true}]}}