{"id":187223,"date":"2025-10-19T13:41:08","date_gmt":"2025-10-19T13:41:08","guid":{"rendered":"https:\/\/www.europesays.com\/es\/187223\/"},"modified":"2025-10-19T13:41:08","modified_gmt":"2025-10-19T13:41:08","slug":"9-titulos-para-entender-cuidarte-y-sentirte-menos-sola","status":"publish","type":"post","link":"https:\/\/www.europesays.com\/es\/187223\/","title":{"rendered":"9 t\u00edtulos para entender, cuidarte y sentirte menos sola"},"content":{"rendered":"<p>La literatura sobre<a title=\" c\u00e1ncer de mama \" href=\"https:\/\/www.larazon.es\/madrid\/fuente-cibeles-ilumina-hoy-rosa-dia-mundial-cancer-mama_2025101968f4b434dc27b32ca38c1509.html\" target=\"_blank\" rel=\"nofollow noopener\"> c\u00e1ncer de mama <\/a>es amplia y heterog\u00e9nea: conviven obras divulgativas firmadas por especialistas, relatos en primera persona, <b>gu\u00edas de autocuidado y propuestas con tono ligero que alivian el d\u00eda a d\u00eda.<\/b> Leer no sustituye al criterio m\u00e9dico, pero s\u00ed ayuda a comprender el proceso, a<b> poner palabras a emociones complejas y a mejorar el acompa\u00f1amiento desde la familia o la amistad.<\/b> Este listado busca un equilibrio entre fuentes fiables, voces diversas y formatos accesibles.<\/p>\n<p>A continuaci\u00f3n, nueve recomendaciones organizadas en formato breve para que sea f\u00e1cil elegir seg\u00fan lo que cada lector necesite: <b>contexto cl\u00ednico, apoyo psicol\u00f3gico, inspiraci\u00f3n pr\u00e1ctica o simplemente una historia donde mirarse.<\/b><\/p>\n<p>1) Superar el c\u00e1ncer despu\u00e9s del c\u00e1ncer &#8211; Antol\u00edn Yag\u00fce<img decoding=\"async\" loading=\"lazy\" src=\"https:\/\/www.europesays.com\/es\/wp-content\/uploads\/2025\/10\/superar-cancer-despues-cancer-antolin-yague_58.jpg\" alt=\"Superar el c\u00e1ncer despu\u00e9s del c\u00e1ncer de Antol\u00edn Yag\u00fce\" width=\"640\" height=\"640\"\/><b>Superar el c\u00e1ncer despu\u00e9s del c\u00e1ncer de Antol\u00edn Yag\u00fce<\/b>Casa del Libro<\/p>\n<p>Habla de la vuelta a la vida cotidiana, los miedos a la reca\u00edda, la fatiga y c\u00f3mo reconstruir rutinas de sue\u00f1o, alimentaci\u00f3n y movimiento sin presi\u00f3n ni culpa. <b>Ideal para el tramo de revisi\u00f3n y la etapa de readaptaci\u00f3n.<\/b><\/p>\n<p>2) El desaf\u00edo del c\u00e1ncer &#8211; Charo Antequera Jurado<img decoding=\"async\" loading=\"lazy\" src=\"https:\/\/www.europesays.com\/es\/wp-content\/uploads\/2025\/10\/desafio-cancer-charo-antequera-jurado_123.jpg\" alt=\"El desaf\u00edo del c\u00e1ncer de Charo Antequera Jurado\" width=\"667\" height=\"1000\"\/><b>El desaf\u00edo del c\u00e1ncer de Charo Antequera Jurado<\/b>Amazon<\/p>\n<p>Psicolog\u00eda aplicada al proceso oncol\u00f3gico, explicada con cercan\u00eda. <b>Ofrece pautas para manejar la ansiedad antes de pruebas, comunicar lo que necesitas a tu entorno y distinguir informaci\u00f3n fiable de ruido.<\/b> \u00datil tanto para pacientes como para quienes acompa\u00f1an.<\/p>\n<p>3) Mi querida amiga: una gu\u00eda de bienestar &#8211; Annabel Arcos Ruiz<img decoding=\"async\" loading=\"lazy\" src=\"https:\/\/www.europesays.com\/es\/wp-content\/uploads\/2025\/10\/querida-amiga-guia-bienestar-annabel-arcos-ruiz_123.jpg\" alt=\"Mi querida amiga: una gu\u00eda de bienestar de Annabel Arcos Ruiz\" width=\"1596\" height=\"2518\"\/><b>Mi querida amiga: una gu\u00eda de bienestar de Annabel Arcos Ruiz<\/b>Amazon<\/p>\n<p><b>Manual de autocuidado con enfoque pr\u00e1ctico y amable.<\/b> Rituales de piel, descanso, nutrici\u00f3n suave, peque\u00f1os gestos para sostener el \u00e1nimo y recordatorios que levantan en d\u00edas dif\u00edciles. Buen regalo para una amiga que acaba de empezar tratamiento.<\/p>\n<p>4) Chris venci\u00f3 al c\u00e1ncer: plan completo &#8211; Chris Wark<img decoding=\"async\" loading=\"lazy\" src=\"https:\/\/www.europesays.com\/es\/wp-content\/uploads\/2025\/10\/chris-vencio-cancer-plan-completo-chris-wark_123.jpg\" alt=\"Chris venci\u00f3 al c\u00e1ncer: plan completo de Chris Wark\" width=\"1500\" height=\"2173\"\/><b>Chris venci\u00f3 al c\u00e1ncer: plan completo de Chris Wark<\/b>Amazon<\/p>\n<p>Relato de paciente con recomendaciones de estilo de vida. <b>Aporta ideas sobre alimentaci\u00f3n, gesti\u00f3n del estr\u00e9s y mentalidad.<\/b> T\u00f3matelo como complemento inspirador y contr\u00e1stalo siempre con tu onc\u00f3logo\/a para adaptar cualquier cambio a tu caso.<\/p>\n<p>5) C\u00e1ncer. Manual de supervivencia &#8211; Javier de Castro<img decoding=\"async\" loading=\"lazy\" src=\"https:\/\/www.europesays.com\/es\/wp-content\/uploads\/2025\/10\/cancer-manual-supervivencia-doctor-javier-castro_123.jpg\" alt=\"C\u00e1ncer. Manual de supervivencia del doctor Javier de Castro\" width=\"634\" height=\"1000\"\/><b>C\u00e1ncer. Manual de supervivencia del doctor Javier de Castro<\/b>Amazon<\/p>\n<p>Gu\u00eda clara escrita por un especialista. <b>Explica pruebas, tratamientos y efectos secundarios con lenguaje comprensible, y a\u00f1ade \u00abqu\u00e9 esperar\u00bb en cada fase. <\/b>Buen punto de partida para entender el proceso sin perderse en tecnicismos.<\/p>\n<p>6) Te invito a un mojito &#8211; Mabel Lozano y Paka D\u00edaz<img decoding=\"async\" loading=\"lazy\" src=\"https:\/\/www.europesays.com\/es\/wp-content\/uploads\/2025\/10\/invito-mojito-mabel-lozano-paka-diaz_123.jpg\" alt=\"Te invito a un mojito de Mabel Lozano y Paka D\u00edaz\" width=\"850\" height=\"1304\"\/><b>Te invito a un mojito de Mabel Lozano y Paka D\u00edaz<\/b>Amazon<\/p>\n<p><b>Habla de c\u00e1ncer de mama con humor y sin tapujos<\/b>: sexo, autoestima, amistades, trabajo\u2026 Ese tono desenfadado ayuda a quitar peso cuando todo parece demasiado serio. Perfecto para leer a ratos.<\/p>\n<p>7) Mi vida con el bicho: superar el c\u00e1ncer de mama &#8211; Steffi Mallebrein<img decoding=\"async\" loading=\"lazy\" src=\"https:\/\/www.europesays.com\/es\/wp-content\/uploads\/2025\/10\/7-vida-bicho-superar-cancer-mama-steffi-mallebrein_123.jpg\" alt=\"7) Mi vida con el bicho: superar el c\u00e1ncer de mama de Steffi Mallebrein\" width=\"659\" height=\"1000\"\/><b>7) Mi vida con el bicho: superar el c\u00e1ncer de mama de Steffi Mallebrein<\/b>Amazon<\/p>\n<p>Acompa\u00f1a con dibujos y textos cortos los momentos clave del proceso: diagn\u00f3stico, cirug\u00eda, ca\u00edda del pelo, vuelta a mirarte al espejo. <b>Reconforta por su honestidad y su lenguaje visual.<\/b><\/p>\n","protected":false},"excerpt":{"rendered":"La literatura sobre c\u00e1ncer de mama es amplia y heterog\u00e9nea: conviven obras divulgativas firmadas por especialistas, relatos en&hellip;\n","protected":false},"author":2,"featured_media":187224,"comment_status":"","ping_status":"","sticky":false,"template":"","format":"standard","meta":{"footnotes":""},"categories":[172],"tags":[224,146,147,25,24,225,23],"class_list":{"0":"post-187223","1":"post","2":"type-post","3":"status-publish","4":"format-standard","5":"has-post-thumbnail","7":"category-libros","8":"tag-books","9":"tag-entertainment","10":"tag-entretenimiento","11":"tag-es","12":"tag-espana","13":"tag-libros","14":"tag-spain"},"share_on_mastodon":{"url":"","error":""},"_links":{"self":[{"href":"https:\/\/www.europesays.com\/es\/wp-json\/wp\/v2\/posts\/187223","targetHints":{"allow":["GET"]}}],"collection":[{"href":"https:\/\/www.europesays.com\/es\/wp-json\/wp\/v2\/posts"}],"about":[{"href":"https:\/\/www.europesays.com\/es\/wp-json\/wp\/v2\/types\/post"}],"author":[{"embeddable":true,"href":"https:\/\/www.europesays.com\/es\/wp-json\/wp\/v2\/users\/2"}],"replies":[{"embeddable":true,"href":"https:\/\/www.europesays.com\/es\/wp-json\/wp\/v2\/comments?post=187223"}],"version-history":[{"count":0,"href":"https:\/\/www.europesays.com\/es\/wp-json\/wp\/v2\/posts\/187223\/revisions"}],"wp:featuredmedia":[{"embeddable":true,"href":"https:\/\/www.europesays.com\/es\/wp-json\/wp\/v2\/media\/187224"}],"wp:attachment":[{"href":"https:\/\/www.europesays.com\/es\/wp-json\/wp\/v2\/media?parent=187223"}],"wp:term":[{"taxonomy":"category","embeddable":true,"href":"https:\/\/www.europesays.com\/es\/wp-json\/wp\/v2\/categories?post=187223"},{"taxonomy":"post_tag","embeddable":true,"href":"https:\/\/www.europesays.com\/es\/wp-json\/wp\/v2\/tags?post=187223"}],"curies":[{"name":"wp","href":"https:\/\/api.w.org\/{rel}","templated":true}]}}