{"id":187249,"date":"2025-10-19T14:01:09","date_gmt":"2025-10-19T14:01:09","guid":{"rendered":"https:\/\/www.europesays.com\/es\/187249\/"},"modified":"2025-10-19T14:01:09","modified_gmt":"2025-10-19T14:01:09","slug":"pellicer-calca-el-once-del-depor-ante-el-leganes-y-un-jugador-se-cae-de-la-convocatoria-a-ultima-hora","status":"publish","type":"post","link":"https:\/\/www.europesays.com\/es\/187249\/","title":{"rendered":"Pellicer calca el once del D\u00e9por ante el Legan\u00e9s&#8230; y un jugador se cae de la convocatoria a \u00faltima hora"},"content":{"rendered":"<p>            <a href=\"https:\/\/www.merchanendirecto.es\/wp-content\/uploads\/2025\/08\/malaga-cf-al-wakrah-amistoso-pretemporada-alineacion-once-1-scaled.webp\" data-caption=\"Foto: Radio MARCA M\u00e1laga (Jos\u00e9 Manuel Campos)\" rel=\"nofollow noopener\" target=\"_blank\"><img loading=\"lazy\" decoding=\"async\" width=\"696\" height=\"463\" class=\"entry-thumb td-modal-image\" src=\"https:\/\/www.europesays.com\/es\/wp-content\/uploads\/2025\/10\/malaga-cf-al-wakrah-amistoso-pretemporada-alineacion-once-1-696x463.webp.webp\"   alt=\"\" title=\"malaga-cf-al-wakrah-amistoso-pretemporada-alineacion-once-1\"\/><\/a>Foto: Radio MARCA M\u00e1laga (Jos\u00e9 Manuel Campos)<\/p>\n<p>Si hab\u00eda una semana para repetir alineaci\u00f3n, era esta. Tras el tres a cero ante el Deportivo de la Coru\u00f1a, <strong>Sergio Pellicer<\/strong> se decanta por partir con los mismos once futbolistas de inicio, una apuesta poco com\u00fan en el t\u00e9cnico de Nules. <strong>Murillo <\/strong>volver\u00e1 a ejercer de central, dejando el lateral diestro para <strong>Rafita<\/strong>. Montero esperar\u00e1 desde el banquillo. Ni Brasanac ni Dotor, que pas\u00f3 un proceso viral durante la semana, encuentran su hueco. Para el gol, <strong>Joaqu\u00edn Mu\u00f1oz<\/strong> suma su segunda titularidad consecutiva desde que se recuperara de sus problemas en el aductor derecho. Izan Merino tambi\u00e9n deber\u00e1 ser paciente y se sentar\u00e1 en el banco de Butarque ante un <strong>Juanpe <\/strong>que estuvo imperial contra los de Hidalgo. Pellicer calca el once del D\u00e9por ante el Legan\u00e9s\u2026 y un jugador se cae de la convocatoria a \u00faltima hora.<\/p>\n<p><strong>Once del M\u00e1laga CF: Alfonso Herrero, Rafita, Diego Murillo, Einar Galilea, Dani S\u00e1nchez, Juanpe, Dani Lorenzo, Rafa, Larrubia, Joaqu\u00edn Mu\u00f1oz y Chupete. <\/strong><\/p>\n<p><strong>Josu\u00e9 Dorrio<\/strong> se cae de la convocatoria a \u00faltima hora acusando un proceso viral que esta semana ha golpeado a algunos jugadores malaguistas como Herrero y Dotor, que s\u00ed se recuperaron a tiempo. <\/p>\n","protected":false},"excerpt":{"rendered":"Foto: Radio MARCA M\u00e1laga (Jos\u00e9 Manuel Campos) Si hab\u00eda una semana para repetir alineaci\u00f3n, era esta. Tras el&hellip;\n","protected":false},"author":2,"featured_media":187250,"comment_status":"","ping_status":"","sticky":false,"template":"","format":"standard","meta":{"footnotes":""},"categories":[268],"tags":[4659,25168,168,25,24,280,282,52601,4174,1963,531,281,23,167],"class_list":{"0":"post-187249","1":"post","2":"type-post","3":"status-publish","4":"format-standard","5":"has-post-thumbnail","7":"category-futbol","8":"tag-alineacion","9":"tag-cd-leganes","10":"tag-deportes","11":"tag-es","12":"tag-espana","13":"tag-football","14":"tag-futbol","15":"tag-jornada-10","16":"tag-laliga-hypermotion","17":"tag-malaga-cf","18":"tag-once","19":"tag-soccer","20":"tag-spain","21":"tag-sports"},"share_on_mastodon":{"url":"","error":""},"_links":{"self":[{"href":"https:\/\/www.europesays.com\/es\/wp-json\/wp\/v2\/posts\/187249","targetHints":{"allow":["GET"]}}],"collection":[{"href":"https:\/\/www.europesays.com\/es\/wp-json\/wp\/v2\/posts"}],"about":[{"href":"https:\/\/www.europesays.com\/es\/wp-json\/wp\/v2\/types\/post"}],"author":[{"embeddable":true,"href":"https:\/\/www.europesays.com\/es\/wp-json\/wp\/v2\/users\/2"}],"replies":[{"embeddable":true,"href":"https:\/\/www.europesays.com\/es\/wp-json\/wp\/v2\/comments?post=187249"}],"version-history":[{"count":0,"href":"https:\/\/www.europesays.com\/es\/wp-json\/wp\/v2\/posts\/187249\/revisions"}],"wp:featuredmedia":[{"embeddable":true,"href":"https:\/\/www.europesays.com\/es\/wp-json\/wp\/v2\/media\/187250"}],"wp:attachment":[{"href":"https:\/\/www.europesays.com\/es\/wp-json\/wp\/v2\/media?parent=187249"}],"wp:term":[{"taxonomy":"category","embeddable":true,"href":"https:\/\/www.europesays.com\/es\/wp-json\/wp\/v2\/categories?post=187249"},{"taxonomy":"post_tag","embeddable":true,"href":"https:\/\/www.europesays.com\/es\/wp-json\/wp\/v2\/tags?post=187249"}],"curies":[{"name":"wp","href":"https:\/\/api.w.org\/{rel}","templated":true}]}}