{"id":187251,"date":"2025-10-19T14:02:09","date_gmt":"2025-10-19T14:02:09","guid":{"rendered":"https:\/\/www.europesays.com\/es\/187251\/"},"modified":"2025-10-19T14:02:09","modified_gmt":"2025-10-19T14:02:09","slug":"preguntan-a-la-cantante-vanesa-martin-a-que-partido-votara-en-las-proximas-elecciones-y-no-se-corta-en-su-respuesta-aquellos-politicos-como","status":"publish","type":"post","link":"https:\/\/www.europesays.com\/es\/187251\/","title":{"rendered":"Preguntan a la cantante Vanesa Mart\u00edn a qu\u00e9 partido votar\u00e1 en las pr\u00f3ximas elecciones y no se corta en su respuesta: \u00abAquellos pol\u00edticos como&#8230;\u00bb"},"content":{"rendered":"<p style=\"\">Los ciudadanos, de manera casi inconsciente, esperan que los <a href=\"https:\/\/www.abc.es\/noticias\/famosos\/\" title=\"www.abc.es\" data-voc-vtm-id=\"in-text-traffic\" data-mrf-link=\"www.abc.es\" rel=\"nofollow noopener\" target=\"_blank\">rostros conocidos de Espa\u00f1a<\/a> se pronuncien sobre <strong>cuestiones pol\u00edticas y sociales<\/strong>. Sin embargo, no todos los famosos suelen <a href=\"https:\/\/www.abc.es\/recreo\/preguntan-anabel-pantoja-partido-votado-ultimas-elecciones-20251010131227-nt.html\" title=\"www.abc.es\" data-voc-vtm-id=\"in-text-traffic\" data-mrf-link=\"www.abc.es\" rel=\"nofollow noopener\" target=\"_blank\">exponer sus opiniones p\u00fablicamente<\/a>, especialmente si son temas que distan mucho de sus profesiones.<\/p>\n<p style=\"\">Ya  &#8230; sea por estrategia o por preservar su imagen, muchos artistas, actores, presentadores o creadores contenido prefieren <strong>mantenerse al margen<\/strong>. A pesar de haber tomado la decisi\u00f3n de no posicionarse, en ocasiones concretas s\u00ed lo han hecho. <\/p>\n<p class=\"voc-p\" style=\"\">Este es el caso de <a href=\"https:\/\/www.abc.es\/cultura\/musica\/vanesa-martin-entiendo-gente-gay-vote-partidos-20230719133455-nt.html\" title=\"www.abc.es\" data-voc-vtm-id=\"in-text-traffic\" data-mrf-link=\"www.abc.es\" rel=\"nofollow noopener\" target=\"_blank\">Vanesa Mart\u00edn<\/a>. La cantante ha hablado m\u00e1s de una vez sobre asuntos personales como, por ejemplo, <a href=\"https:\/\/www.abc.es\/gente\/vanesa-martin-confiesa-reaccion-madre-confesarle-homosexualidad-20231015123310-nt.html\" title=\"www.abc.es\" data-voc-vtm-id=\"in-text-traffic\" data-mrf-link=\"www.abc.es\" rel=\"nofollow noopener\" target=\"_blank\">su orientaci\u00f3n sexual<\/a>. Ahora, la malague\u00f1a <strong>se ha enfrentado a varias preguntas<\/strong> en Ac2ality y ha sido muy clara en sus respuestas.<\/p>\n<p>\nPreguntan a Vanesa Mart\u00edn a qu\u00e9 partido pol\u00edtico vot\u00f3 en las \u00faltimas elecciones generales\n<\/p>\n<p class=\"voc-p\" style=\"\"><strong>\u00ab\u00bfA qui\u00e9n votaste en las pasadas elecciones?\u00bb<\/strong>. Esta es la primera pregunta que le han hecho a Vanesa Mart\u00edn en Ac2ality y esto es lo que ha dicho: \u00ab<strong>No vot\u00e9<\/strong>. Creo que hay que votar, pero <strong>no estaba empadronada en ning\u00fan sitio<\/strong>. Lo descubr\u00ed cuando fui\u00bb. <\/p>\n<p>\nPreguntan a Vanesa Mart\u00edn a qu\u00e9 partido pol\u00edtico votar\u00e1 en las pr\u00f3ximas elecciones generales\n<\/p>\n<p class=\"voc-p\" style=\"\">Tras la revelaci\u00f3n de Vanesa Mart\u00edn sobre que no pudo ejercer su derecho a voto en los <a href=\"https:\/\/www.abc.es\/elecciones\/elecciones-generales\/resultados\/\" title=\"www.abc.es\" data-voc-vtm-id=\"in-text-traffic\" data-mrf-link=\"www.abc.es\" rel=\"nofollow noopener\" target=\"_blank\">comicios de 2023<\/a>, le han planteado una segunda cuesti\u00f3n: <strong>\u00ab\u00bfA qui\u00e9n vas a votar en las pr\u00f3ximas elecciones?\u00bb<\/strong>. La artista no se ha cortado al contestar. \u00abNo se qui\u00e9n se va a presentar, pueden pasar tantas cosas&#8230; Estoy tan desencantada de la pol\u00edtica hoy en d\u00eda. <strong>Creo que son m\u00e1s estrellas del popo que pol\u00edticos<\/strong>\u00bb, sostiene.<\/p>\n<p class=\"voc-p\" style=\"\">Despu\u00e9s de esta reflexi\u00f3n, la malague\u00f1a, de 44 a\u00f1os, ha revelado un nombre. \u00abYo votar\u00eda a <a href=\"https:\/\/www.abc.es\/internacional\/muere-uruguayo-pepe-mujica-presidente-pobre-mundo-20250513212047-nt.html\" title=\"www.abc.es\" data-voc-vtm-id=\"in-text-traffic\" data-mrf-link=\"www.abc.es\" rel=\"nofollow noopener\" target=\"_blank\">Mujica<\/a> todo el rato. Es un hombre que ha muerto hace poco y es un fil\u00f3sofo. <strong>Aquellos pol\u00edticos como Julio Anguita, Mujica&#8230;<\/strong>\u00bb, se\u00f1ala.<\/p>\n<p>\nPreguntan a Vanesa Mart\u00edn qu\u00e9 tema social le gustar\u00eda que estuviese m\u00e1s presente en la agenda pol\u00edtica\n<\/p>\n<p class=\"voc-p\" style=\"\">Por \u00faltimo, le han preguntado a Vanesa Mart\u00edn qu\u00e9 tema social le gustar\u00eda que estuviese m\u00e1s presente en la agenda pol\u00edtica. La cantante lo tiene claro. \u00abLa <strong>igualdad de oportunidades<\/strong> en todo, que <a href=\"https:\/\/www.abc.es\/recreo\/sergio-gutierrez-experto-inmobiliario-fin-subidas-vivienda-20251019203333-nt.html\" title=\"www.abc.es\" data-voc-vtm-id=\"in-text-traffic\" data-mrf-link=\"www.abc.es\" rel=\"nofollow noopener\" target=\"_blank\">se regulara el precio de la vivienda<\/a>, que hubiera <strong>ley dura contra los que maltratan animales<\/strong>&#8230; Obviamente la <strong>violencia machista<\/strong>, que no vayas a denunciar y no te hagan caso\u00bb, concluye.<\/p>\n","protected":false},"excerpt":{"rendered":"Los ciudadanos, de manera casi inconsciente, esperan que los rostros conocidos de Espa\u00f1a se pronuncien sobre cuestiones pol\u00edticas&hellip;\n","protected":false},"author":2,"featured_media":187252,"comment_status":"","ping_status":"","sticky":false,"template":"","format":"standard","meta":{"footnotes":""},"categories":[174],"tags":[52602,4328,255,4708,4374,146,147,25,24,256,1730,1045,1670,14025,7411,8013,23,6953,29770],"class_list":{"0":"post-187251","1":"post","2":"type-post","3":"status-publish","4":"format-standard","5":"has-post-thumbnail","7":"category-famosos","8":"tag-aquellos","9":"tag-cantante","10":"tag-celebrities","11":"tag-corta","12":"tag-elecciones","13":"tag-entertainment","14":"tag-entretenimiento","15":"tag-es","16":"tag-espana","17":"tag-famosos","18":"tag-martin","19":"tag-partido","20":"tag-politicos","21":"tag-preguntan","22":"tag-proximas","23":"tag-respuesta","24":"tag-spain","25":"tag-vanesa","26":"tag-votara"},"share_on_mastodon":{"url":"","error":""},"_links":{"self":[{"href":"https:\/\/www.europesays.com\/es\/wp-json\/wp\/v2\/posts\/187251","targetHints":{"allow":["GET"]}}],"collection":[{"href":"https:\/\/www.europesays.com\/es\/wp-json\/wp\/v2\/posts"}],"about":[{"href":"https:\/\/www.europesays.com\/es\/wp-json\/wp\/v2\/types\/post"}],"author":[{"embeddable":true,"href":"https:\/\/www.europesays.com\/es\/wp-json\/wp\/v2\/users\/2"}],"replies":[{"embeddable":true,"href":"https:\/\/www.europesays.com\/es\/wp-json\/wp\/v2\/comments?post=187251"}],"version-history":[{"count":0,"href":"https:\/\/www.europesays.com\/es\/wp-json\/wp\/v2\/posts\/187251\/revisions"}],"wp:featuredmedia":[{"embeddable":true,"href":"https:\/\/www.europesays.com\/es\/wp-json\/wp\/v2\/media\/187252"}],"wp:attachment":[{"href":"https:\/\/www.europesays.com\/es\/wp-json\/wp\/v2\/media?parent=187251"}],"wp:term":[{"taxonomy":"category","embeddable":true,"href":"https:\/\/www.europesays.com\/es\/wp-json\/wp\/v2\/categories?post=187251"},{"taxonomy":"post_tag","embeddable":true,"href":"https:\/\/www.europesays.com\/es\/wp-json\/wp\/v2\/tags?post=187251"}],"curies":[{"name":"wp","href":"https:\/\/api.w.org\/{rel}","templated":true}]}}