{"id":187255,"date":"2025-10-19T14:04:14","date_gmt":"2025-10-19T14:04:14","guid":{"rendered":"https:\/\/www.europesays.com\/es\/187255\/"},"modified":"2025-10-19T14:04:14","modified_gmt":"2025-10-19T14:04:14","slug":"isabel-allende-saca-su-segundo-libro-infantil-inspirado-en-su-hijo-en-un-dia-de-halloween-2","status":"publish","type":"post","link":"https:\/\/www.europesays.com\/es\/187255\/","title":{"rendered":"Isabel Allende saca su segundo libro infantil inspirado en su hijo en un d\u00eda de Halloween"},"content":{"rendered":"<p class=\"paragraph\">El <b>segundo libro infantil de Isabel <\/b><b>Allende<\/b><b>, &#8216;Perla y la pirata&#8217;<\/b>, ilustrado por <b>Sandy Rodr\u00edguez<\/b> y en las librer\u00edas desde este oto\u00f1o, se le ocurri\u00f3 un d\u00eda de Halloween y est\u00e1 <b>inspirado en su hijo Nico<\/b>, que \u00abun d\u00eda se perdi\u00f3 cuando era chico y nos dio un susto tremendo\u00bb, pero la protagonista indiscutible y quien narra la historia es la perrita Perla. <\/p>\n<p class=\"paragraph\">En una entrevista con EFE, Allende explica que la idea del vecino de enfrente de Nico y Perla, el adolescente que llega un d\u00eda con el s\u00edmbolo pirata marcado en la camiseta, la vespa y el estuche de su guitarra, le sobrevino un 31 de octubre, festividad de Halloween, cuando tres ni\u00f1os de su calle se disfrazaron de corsarios. <\/p>\n<p class=\"paragraph\">Una de las<b> originalidades de libro<\/b>, editado por Penguin Kid, es que <b>se cuenta desde el punto de vista de la perrita<\/b>, enfadada porque los humanos, dice, \u00abdeber\u00edan aprender &#8216;guau&#8217; el idioma de los perros, y &#8216;miau&#8217;, el de los gatos\u00bb. <\/p>\n<p class=\"paragraph\"><b>ALLENDE \u00abTRADUCE\u00bb UN CUENTO ESCRITO EN &#8216;GUAU&#8217;<\/b><\/p>\n<p class=\"paragraph\">Y por ese desconocimiento de la lengua de la perrita, Allende escribe una breve introducci\u00f3n al inicio del libro, donde revela que como<b> ella habla &#8216;guau&#8217; puede traducir al espa\u00f1ol la nueva aventura de Perla<\/b> y escribirla, ya que las patas de la perrita \u00abno est\u00e1n hechas para el teclado\u00bb. <\/p>\n<p class=\"paragraph\">Allende explica que conoci\u00f3 el universo de Perla cuando la perrita, un d\u00eda en el parque, la convid\u00f3 a tomar t\u00e9 en su casa, donde conoci\u00f3 a Nico, a Lucy, a la gata, al pirata y al mago que estaba de visita. <\/p>\n<p class=\"paragraph\">\u00abEsta aventura les pas\u00f3 a Nico y a Perla de verdad\u00bb afirma Allende, que quiere que sus peque\u00f1os lectores \u00abcomprendan que jam\u00e1s ser\u00e1n abandonados, y que no se les ocurra aventurarse solos\u00bb. <\/p>\n<p class=\"paragraph\">Como explica la autora, con este cuento revive un suceso similar ocurrido en la infancia de su hijo. <\/p>\n<p class=\"paragraph\"><b>EL TERER LIBRO, &#8216;PERLA Y LA PRINCESA&#8217;, PARA 2026 <\/b><\/p>\n<p class=\"paragraph\">El texto sigue la historia de la perrita y Nico, personajes principales ya del primer \u00e1lbum infantil de Allende (&#8216;Perla, la s\u00faper perrita&#8217;) que promete seguir creciendo con un tercer libro de la serie para 2026: &#8216;Perla y la Princesa&#8217;. <\/p>\n<p class=\"paragraph\">Allende comenta que<b> su perrita Perla es \u00abexacta\u00bb a las del libro<\/b>: \u00abUn terrier adoptado de un refugio, chica, negra, alegre y atrevida\u00bb. <\/p>\n<p class=\"paragraph\">\u00abHe tenido muchas mascotas en mi larga vida, pero ninguna tan divertida como Perla\u00bb. <\/p>\n<p class=\"paragraph\">En este \u00e1lbum infantil, Allende relata las aventuras de Nico, un d\u00eda que cansado de esperar a su madre, que se retrasa al ir a buscarle al colegio, toma la \u00abmala idea\u00bb de volver andando a casa solo. <\/p>\n<p class=\"paragraph\">Y ah\u00ed entra el juego la perrita, el pirata y su vespa, y un calcet\u00edn de Nico que sirve para rastrear su olor. <\/p>\n<p class=\"paragraph\"><b>EL EMPUJE PARA ESCRIBIR INFANTIL VINO DE UNA NI\u00d1A, CAMILA<\/b><\/p>\n<p class=\"paragraph\">Allende comenta que su<b> incursi\u00f3n en la literatura infantil <\/b>viene de su agente Johanna Castillo, que le sugiri\u00f3 que escribiera para ni\u00f1os peque\u00f1os cuando le coment\u00f3 que <b>Camila<\/b>, la <b>nieta de una amiga<\/b>, iba a verla todas las semanas para rebuscar entre su<b> pila de libros infantiles<\/b>. <\/p>\n<p class=\"paragraph\">\u00abCamila viene a verme dos veces por semana desde que cumpli\u00f3 un a\u00f1o, ahora tiene cinco. Entra en mi casa y va directamente a la pila de libros infantiles, sabe varios de memoria y tambi\u00e9n me pide que le invente cuentos\u00bb. <\/p>\n<p class=\"paragraph\">Allende reconoce que <b>se divirti\u00f3 tanto con el primero que pens\u00f3 en hacer una serie<\/b>, as\u00ed que el tercer libro infantil llegar\u00e1 en 2026 \u00aby habr\u00e1 otros m\u00e1s en el futuro, pero Perla ser\u00e1 siempre la protagonista\u00bb. <\/p>\n<p class=\"paragraph\"><b>DESPERTAR EL INTER\u00c9S DEL NI\u00d1O Y SEDUCIR AL ADULTO<\/b><\/p>\n<p class=\"paragraph\">\u00abEn la serie &#8216;Perla&#8217; quiero referirme a ciertos temas que afectan a los ni\u00f1os y no siempre se atreven a hablar, como el<b> &#8216;bullying&#8217; en la escuela, el miedo al abandono o enamorarse <\/b>porque s\u00ed los peque\u00f1itos tambi\u00e9n se enamoran\u00bb, afirma. <\/p>\n<p class=\"paragraph\">La escritora admite que el p\u00fablico de estos libros es muy joven y, a veces, son los padres quienes tienen que leerles el libro: \u00abEso significa que hay que tocar temas que a los ni\u00f1os les importen, pero al tiempo hay que seducir a los adultos. No es tarea f\u00e1cil\u00bb. <\/p>\n<p class=\"paragraph\">Recuerda que en los libros infantiles ella pone la historia, pero es la<b> ilustradora Sandra Rodr\u00edguez <\/b>la que \u00abaporta todo lo dem\u00e1s\u00bb. <\/p>\n<p class=\"paragraph\">Allende se siente c\u00f3moda escribiendo para ni\u00f1os, pero la literatura para adultos a la que se ha dedicado durante cuarenta a\u00f1os: \u00abEse es mi fuerte\u00bb.<\/p>\n","protected":false},"excerpt":{"rendered":"El segundo libro infantil de Isabel Allende, &#8216;Perla y la pirata&#8217;, ilustrado por Sandy Rodr\u00edguez y en las&hellip;\n","protected":false},"author":2,"featured_media":187256,"comment_status":"","ping_status":"","sticky":false,"template":"","format":"standard","meta":{"footnotes":""},"categories":[172],"tags":[52606,224,146,147,25,24,1729,1496,225,12850,1566,23],"class_list":{"0":"post-187255","1":"post","2":"type-post","3":"status-publish","4":"format-standard","5":"has-post-thumbnail","7":"category-libros","8":"tag-allende","9":"tag-books","10":"tag-entertainment","11":"tag-entretenimiento","12":"tag-es","13":"tag-espana","14":"tag-isabel","15":"tag-libro","16":"tag-libros","17":"tag-saca","18":"tag-segundo","19":"tag-spain"},"share_on_mastodon":{"url":"","error":""},"_links":{"self":[{"href":"https:\/\/www.europesays.com\/es\/wp-json\/wp\/v2\/posts\/187255","targetHints":{"allow":["GET"]}}],"collection":[{"href":"https:\/\/www.europesays.com\/es\/wp-json\/wp\/v2\/posts"}],"about":[{"href":"https:\/\/www.europesays.com\/es\/wp-json\/wp\/v2\/types\/post"}],"author":[{"embeddable":true,"href":"https:\/\/www.europesays.com\/es\/wp-json\/wp\/v2\/users\/2"}],"replies":[{"embeddable":true,"href":"https:\/\/www.europesays.com\/es\/wp-json\/wp\/v2\/comments?post=187255"}],"version-history":[{"count":0,"href":"https:\/\/www.europesays.com\/es\/wp-json\/wp\/v2\/posts\/187255\/revisions"}],"wp:featuredmedia":[{"embeddable":true,"href":"https:\/\/www.europesays.com\/es\/wp-json\/wp\/v2\/media\/187256"}],"wp:attachment":[{"href":"https:\/\/www.europesays.com\/es\/wp-json\/wp\/v2\/media?parent=187255"}],"wp:term":[{"taxonomy":"category","embeddable":true,"href":"https:\/\/www.europesays.com\/es\/wp-json\/wp\/v2\/categories?post=187255"},{"taxonomy":"post_tag","embeddable":true,"href":"https:\/\/www.europesays.com\/es\/wp-json\/wp\/v2\/tags?post=187255"}],"curies":[{"name":"wp","href":"https:\/\/api.w.org\/{rel}","templated":true}]}}