{"id":187269,"date":"2025-10-19T14:12:12","date_gmt":"2025-10-19T14:12:12","guid":{"rendered":"https:\/\/www.europesays.com\/es\/187269\/"},"modified":"2025-10-19T14:12:12","modified_gmt":"2025-10-19T14:12:12","slug":"el-caso-aleman-que-hizo-fracasar-a-walmart","status":"publish","type":"post","link":"https:\/\/www.europesays.com\/es\/187269\/","title":{"rendered":"el caso alem\u00e1n que hizo fracasar a Walmart"},"content":{"rendered":"<p>Resulta raro que una de las grandes empresas del mundo no opere en Europa. Sus razones tiene y, l\u00f3gicamente, no es ning\u00fan capricho, ya que el pasado ya se lo ha demostrado. Se trata de la estadounidense <b>Walmart<\/b>, el mayor minorista del mundo, decimotercera compa\u00f1\u00eda con mayor capitalizaci\u00f3n burs\u00e1til y cuyos due\u00f1os, <a href=\"https:\/\/www.eleconomista.es\/actualidad\/noticias\/12023440\/11\/22\/La-fortuna-de-los-Walton-asi-se-creo-el-imperio-minorista-mas-grande-del-mundo.html\" rel=\"nofollow noopener\" target=\"_blank\">los hermanos Walton<\/a>, se ubican entre las quince personas con mayor patrimonio.<\/p>\n<p>Actualmente, Walmart tiene <b>10.197 tiendas<\/b> (4.606 en Estados Unidos y 5.591 fuera del pa\u00eds), estando presente en 18 pa\u00edses, entre los que se encuentran: Canad\u00e1, Botsuana, Malawi, Mozambique, Namibia, Sud\u00e1frica, Esuatini, Lesoto, Zambia, Costa Rica, El Salvador, Guatemala, Honduras, Nicaragua, Chile, India, M\u00e9xico y China. Tan solo en Europa es posible encontrar una filial de Walmart en el Reino Unido, pero bajo el nombre de ASDA.<\/p>\n<p>En el resto del Viejo Continente no hay rastro del imperio minorista m\u00e1s grande del mundo, cuyo bagaje volvi\u00f3 a superar las expectativas, con un beneficio neto de 19.346 millones de d\u00f3lares en su ejercicio de 2024, un 25,3% m\u00e1s interanual. Adem\u00e1s, puede presumir de ser, pr\u00e1cticamente a\u00f1o tras a\u00f1o, en la empresa con mayores ingresos del mundo: el a\u00f1o pasado factur\u00f3 648.100 millones de d\u00f3lares, por delante de Amazon, segunda, con 574.800 millones.<\/p>\n<p>Sin embargo, su <b>experiencia en Alemania<\/b> no fue nada satisfactoria. El gigante estadounidense ingres\u00f3 al mercado alem\u00e1n en 1997, comprando 21 filiales del consorcio Wertkauf (equivalente a El Corte Ingl\u00e9s en Espa\u00f1a) por unos 435 millones de d\u00f3lares, aunque finalmente solo consigui\u00f3 adquirir una plaza debido a la legislaci\u00f3n alemana. Por otro lado, en 1998 se hizo con 74 tiendas de Interspar por unos 875 millones, haciendo gala de una estrategia muy agresiva. Para Interspar supuso una jugada redonda, ya que un par de a\u00f1os antes los hab\u00eda comprado por unos 100 millones.<\/p>\n<p>Finalmente, en 2006, Walmart vendi\u00f3 sus tiendas a Metro, retir\u00e1ndose del pa\u00eds tras ocho a\u00f1os de esfuerzo por avanzar en este mercado. Esta incursi\u00f3n europea le hizo perder 1.000 millones de d\u00f3lares. \u00abDespu\u00e9s de concentrar nuestras actividades en \u00e1reas en las que pensamos que nuestra estrategia de crecimiento tendr\u00eda el mayor \u00e9xito, se fue haciendo cada vez m\u00e1s claro que con la actual situaci\u00f3n econ\u00f3mica en Alemania es dif\u00edcil alcanzar el tama\u00f1o y los resultados a los que aspiramos\u00bb, explic\u00f3 el vicepresidente de la compa\u00f1\u00eda, Michael Duke.<\/p>\n<p>Por qu\u00e9 no funcion\u00f3 Walmart en Alemania<\/p>\n<p>Uno de los grandes problemas que se le presentaron a Walmart en terreno alem\u00e1n fue su <b>pol\u00edtica de precios<\/b>. El minorista con el eslogan \u00abprecios bajos todos los d\u00edas\u00bb utiliza el dumping en su estrategia de precios y en Alemania este punto est\u00e1 fuertemente regulado. Adem\u00e1s Lidl y Aldi, maestros en el precio, ten\u00edan mucho mejor adaptado su surtido al gusto del consumidor alem\u00e1n.<\/p>\n<p>Por otro lado, Walmart intent\u00f3 introducir en Alemania su misma <b>cultura de servicio<\/b>, pero sin ning\u00fan \u00e9xito. Buscaron aplicar las mismas campa\u00f1as de marketing y t\u00e9cnicas de venta americanas. Por ejemplo, sus empleados saludaban a los clientes con sonrisas constantes. Esto en Alemania tuvo un impacto m\u00e1s negativo que positivo, y fue malinterpretado como una actitud falsa o incluso inapropiada.<\/p>\n<p>                            <img decoding=\"async\" src=\"https:\/\/www.europesays.com\/es\/wp-content\/uploads\/2025\/10\/770x_walmart-alemania-alamy.jpg\" loading=\"lazy\"\/><\/p>\n<p>                            Wal-Mart en la ciudad alemana de Ratingen, en 1999 Foto: Alamy<\/p>\n<p>Tambi\u00e9n subestimaron a la <b>competencia<\/b>. Mientras que Walmart ha sido considerado principalmente una tienda \u00fanica y de bajo costo para casi cualquier cosa que una persona pueda necesitar, en cambio, en Alemania se valora la calidad de los productos tanto como el precio. No estaban dispuestos a abandonar las peque\u00f1as cadenas de supermercados en las que siempre hab\u00edan comprado, siempre bien considerados en el pa\u00eds y de mucha calidad. Walmart no esperaba tanta resiliencia de las 14 cadenas de hipermercados populares en toda Alemania, y no lograron adaptarse ni siquiera despu\u00e9s de descubrirlo.<\/p>\n<p>Adem\u00e1s, centralizaba sus decisiones desde Estados Unidos, lo que generaba una falta de respuesta \u00e1gil a las particularidades del mercado alem\u00e1n. Se ignoraron las recomendaciones de los equipos locales, generando dificultades en la toma de decisiones.<\/p>\n<p>Con todo esto, <b>Walmart no hizo estudios de mercado<\/b> sobre el coste y la rentabilidad de sus locales. Tambi\u00e9n demostr\u00f3 tener poco conocimiento de la normativa comercial alemana y tampoco respet\u00f3 a sus competidores en cuanto a su pol\u00edtica de precios. En resumen, el fracaso de Walmart en Alemania es un claro ejemplo de lo importante que es conocer las diferencias culturales para la expansi\u00f3n de un negocio en un mercado extranjero.<\/p>\n<p>WhatsApp<a href=\"https:\/\/api.whatsapp.com\/send?text=https:\/\/www.eleconomista.es\/retail-consumo\/noticias\/13597398\/10\/25\/por-que-el-imperio-de-los-precios-bajos-todos-los-dias-no-tiene-tiendas-en-europa-el-caso-aleman-que-hizo-fracasar-a-walmart.html?utm_source%3Dwhatsapp%26utm_medium%3Dshare_button&amp;id=1648118629957_whatsapp\" target=\"_blank\" data-action=\"share\/whatsapp\/share\" aria-label=\"Compartir en Whatsapp\" rel=\"nofollow noopener\"><\/a>Facebook<a id=\"fb-share\" href=\"#\" target=\"_blank\" rel=\"noopener noreferrer\" aria-label=\"Compartir en Facebook\"><\/a>Twitter<a href=\"https:\/\/twitter.com\/share?text=Por+qu%C3%A9+el+imperio+de+los+%22precios+bajos+todos+los+d%C3%ADas%22+no+tiene+tiendas+en+Europa%3A+el+caso+alem%C3%A1n+que+hizo+fracasar+a+Walmart&amp;url=https:\/\/www.eleconomista.es\/retail-consumo\/noticias\/13597398\/10\/25\/por-que-el-imperio-de-los-precios-bajos-todos-los-dias-no-tiene-tiendas-en-europa-el-caso-aleman-que-hizo-fracasar-a-walmart.html&amp;via=elEconomistaes&amp;id=1648118839245_twitter\" target=\"_blank\" aria-label=\"Compartir en Twitter\" rel=\"nofollow noopener\"><\/a>Linkedin<a href=\"https:\/\/linkedin.com\/share?text=https:\/\/www.eleconomista.es\/retail-consumo\/noticias\/13597398\/10\/25\/por-que-el-imperio-de-los-precios-bajos-todos-los-dias-no-tiene-tiendas-en-europa-el-caso-aleman-que-hizo-fracasar-a-walmart.html&amp;via=elEconomistaes\" target=\"_blank\" aria-label=\"Compartir en linkedin\" rel=\"nofollow noopener\"><\/a>Beloud<a href=\"https:\/\/beloud.com\/share?text=Por+qu%C3%A9+el+imperio+de+los+%22precios+bajos+todos+los+d%C3%ADas%22+no+tiene+tiendas+en+Europa%3A+el+caso+alem%C3%A1n+que+hizo+fracasar+a+Walmart&amp;url=https:\/\/www.eleconomista.es\/retail-consumo\/noticias\/13597398\/10\/25\/por-que-el-imperio-de-los-precios-bajos-todos-los-dias-no-tiene-tiendas-en-europa-el-caso-aleman-que-hizo-fracasar-a-walmart.html&amp;via=elEconomistaes&amp;id=1648118839245_beloud\" target=\"_blank\" aria-label=\"Compartir en beloud\" rel=\"nofollow noopener\"><\/a>Bluesky<a href=\"https:\/\/bsky.app\/intent\/compose?text=https:\/\/bsky.app\/intent\/compose?text=https:\/\/www.eleconomista.es\/retail-consumo\/noticias\/13597398\/10\/25\/por-que-el-imperio-de-los-precios-bajos-todos-los-dias-no-tiene-tiendas-en-europa-el-caso-aleman-que-hizo-fracasar-a-walmart.html&amp;url=https:\/\/www.eleconomista.es\/retail-consumo\/noticias\/13597398\/10\/25\/por-que-el-imperio-de-los-precios-bajos-todos-los-dias-no-tiene-tiendas-en-europa-el-caso-aleman-que-hizo-fracasar-a-walmart.html&amp;via=elEconomistaes&amp;id=1648118839245_bluesky\" target=\"_blank\" aria-label=\"Compartir en bluesky\" rel=\"nofollow noopener\"><\/a><\/p>\n<p><script async src=\"https:\/\/platform.twitter.com\/widgets.js\" charset=\"utf-8\"><\/script><\/p>\n","protected":false},"excerpt":{"rendered":"Resulta raro que una de las grandes empresas del mundo no opere en Europa. Sus razones tiene y,&hellip;\n","protected":false},"author":2,"featured_media":187270,"comment_status":"","ping_status":"","sticky":false,"template":"","format":"standard","meta":{"footnotes":""},"categories":[80],"tags":[82,95,94,25,24,11416,23],"class_list":{"0":"post-187269","1":"post","2":"type-post","3":"status-publish","4":"format-standard","5":"has-post-thumbnail","7":"category-economia","8":"tag-business","9":"tag-economia","10":"tag-economy","11":"tag-es","12":"tag-espana","13":"tag-retail-consumo","14":"tag-spain"},"share_on_mastodon":{"url":"","error":""},"_links":{"self":[{"href":"https:\/\/www.europesays.com\/es\/wp-json\/wp\/v2\/posts\/187269","targetHints":{"allow":["GET"]}}],"collection":[{"href":"https:\/\/www.europesays.com\/es\/wp-json\/wp\/v2\/posts"}],"about":[{"href":"https:\/\/www.europesays.com\/es\/wp-json\/wp\/v2\/types\/post"}],"author":[{"embeddable":true,"href":"https:\/\/www.europesays.com\/es\/wp-json\/wp\/v2\/users\/2"}],"replies":[{"embeddable":true,"href":"https:\/\/www.europesays.com\/es\/wp-json\/wp\/v2\/comments?post=187269"}],"version-history":[{"count":0,"href":"https:\/\/www.europesays.com\/es\/wp-json\/wp\/v2\/posts\/187269\/revisions"}],"wp:featuredmedia":[{"embeddable":true,"href":"https:\/\/www.europesays.com\/es\/wp-json\/wp\/v2\/media\/187270"}],"wp:attachment":[{"href":"https:\/\/www.europesays.com\/es\/wp-json\/wp\/v2\/media?parent=187269"}],"wp:term":[{"taxonomy":"category","embeddable":true,"href":"https:\/\/www.europesays.com\/es\/wp-json\/wp\/v2\/categories?post=187269"},{"taxonomy":"post_tag","embeddable":true,"href":"https:\/\/www.europesays.com\/es\/wp-json\/wp\/v2\/tags?post=187269"}],"curies":[{"name":"wp","href":"https:\/\/api.w.org\/{rel}","templated":true}]}}