{"id":187273,"date":"2025-10-19T14:14:08","date_gmt":"2025-10-19T14:14:08","guid":{"rendered":"https:\/\/www.europesays.com\/es\/187273\/"},"modified":"2025-10-19T14:14:08","modified_gmt":"2025-10-19T14:14:08","slug":"muere-la-joven-arrollada-por-una-vaca-en-san-froilan","status":"publish","type":"post","link":"https:\/\/www.europesays.com\/es\/187273\/","title":{"rendered":"Muere la joven arrollada por una vaca en San Froil\u00e1n"},"content":{"rendered":"<p>Tras permanecer dos semanas ingresada en la<strong> Uci del Hula\u00a0<\/strong>la joven de <strong>33\u00a0a\u00f1os de edad,<\/strong> que fue <a target=\"_blank\" href=\"https:\/\/www.elprogreso.es\/articulo\/lugo\/fuga-carrera-gran-vaca-desfile-san-froilan-deja-heridas-mujer-nina\/202510051512051913037.html\" rel=\"nofollow noopener\">arrollada por una vaca en el desfile de ganado<\/a> por las calles del centro de la ciudad durante las fiestas patronales de <strong>San Froil\u00e1n,<\/strong> falleci\u00f3 al no poder superar las heridas del suceso.\u00a0<\/p>\n<p>El accidente tuvo lugar el pasado<strong> 5 de octubre<\/strong> cuando una vaca que participaba en el desfile se asust\u00f3 y se escap\u00f3. La res arroll\u00f3 a la joven cuando estaba se encontraba en la<strong> R\u00faa Bispo Aguirre.<\/strong><\/p>\n<p>La joven, que resid\u00eda en Vilagarc\u00eda de Arousa, permanec\u00eda desde entonces en la<strong> Uci del Hula<\/strong>.<\/p>\n<p>El Concello de Lugo expresa sus condolencias a la familia y amigos de la v\u00edctima<\/p>\n<p>El<strong> Concello de Lugo<\/strong> ha expresado este domingo \u00abo seu m\u00e1is fondo pesar\u00bb por el fallecimiento de la joven que fue arrollada por una vaca en el desfile de ganado de San Froil\u00e1n.<\/p>\n<p>\u00abO goberno local traslada o seu m\u00e1is sincero <strong>p\u00e9same<\/strong> e todo o seu <strong>cari\u00f1o <\/strong>\u00e1 familia e \u00e1s persoas achegadas, nun momento de enorme dor que conmociona a toda a cidade\u00bb, dice en un comunicado p\u00fablico.<\/p>\n<p>El Concello traslad\u00f3 su \u00a0agradecimiento a \u00abtodas as persoas e servizos de emerxencia que prestaron a s\u00faa colaboraci\u00f3n e apoio durante aquel suceso\u00bb.<\/p>\n<p>\u00abO Concello de Lugo acompa\u00f1a coa s\u00faa solidariedade e agarimo \u00e1 familia e amizades da v\u00edtima nestes <strong>dif\u00edciles momentos<\/strong>\u00ab, a\u00f1adi\u00f3.<\/p>\n","protected":false},"excerpt":{"rendered":"Tras permanecer dos semanas ingresada en la Uci del Hula\u00a0la joven de 33\u00a0a\u00f1os de edad, que fue arrollada&hellip;\n","protected":false},"author":2,"featured_media":187274,"comment_status":"","ping_status":"","sticky":false,"template":"","format":"standard","meta":{"footnotes":""},"categories":[8],"tags":[17,18,43412,25,24,13,14,11,19,20,7318,9,10,15,16,52608,23,257,12,21,22],"class_list":{"0":"post-187273","1":"post","2":"type-post","3":"status-publish","4":"format-standard","5":"has-post-thumbnail","7":"category-espana","8":"tag-breaking-news","9":"tag-breakingnews","10":"tag-desfile","11":"tag-es","12":"tag-espana","13":"tag-featured-news","14":"tag-featurednews","15":"tag-headlines","16":"tag-latest-news","17":"tag-latestnews","18":"tag-lugo","19":"tag-news","20":"tag-noticias","21":"tag-noticias-destacadas","22":"tag-noticiasdestacadas","23":"tag-san-froilan","24":"tag-spain","25":"tag-sucesos","26":"tag-titulares","27":"tag-ultimas-noticias","28":"tag-ultimasnoticias"},"share_on_mastodon":{"url":"","error":""},"_links":{"self":[{"href":"https:\/\/www.europesays.com\/es\/wp-json\/wp\/v2\/posts\/187273","targetHints":{"allow":["GET"]}}],"collection":[{"href":"https:\/\/www.europesays.com\/es\/wp-json\/wp\/v2\/posts"}],"about":[{"href":"https:\/\/www.europesays.com\/es\/wp-json\/wp\/v2\/types\/post"}],"author":[{"embeddable":true,"href":"https:\/\/www.europesays.com\/es\/wp-json\/wp\/v2\/users\/2"}],"replies":[{"embeddable":true,"href":"https:\/\/www.europesays.com\/es\/wp-json\/wp\/v2\/comments?post=187273"}],"version-history":[{"count":0,"href":"https:\/\/www.europesays.com\/es\/wp-json\/wp\/v2\/posts\/187273\/revisions"}],"wp:featuredmedia":[{"embeddable":true,"href":"https:\/\/www.europesays.com\/es\/wp-json\/wp\/v2\/media\/187274"}],"wp:attachment":[{"href":"https:\/\/www.europesays.com\/es\/wp-json\/wp\/v2\/media?parent=187273"}],"wp:term":[{"taxonomy":"category","embeddable":true,"href":"https:\/\/www.europesays.com\/es\/wp-json\/wp\/v2\/categories?post=187273"},{"taxonomy":"post_tag","embeddable":true,"href":"https:\/\/www.europesays.com\/es\/wp-json\/wp\/v2\/tags?post=187273"}],"curies":[{"name":"wp","href":"https:\/\/api.w.org\/{rel}","templated":true}]}}