{"id":187277,"date":"2025-10-19T14:16:08","date_gmt":"2025-10-19T14:16:08","guid":{"rendered":"https:\/\/www.europesays.com\/es\/187277\/"},"modified":"2025-10-19T14:16:08","modified_gmt":"2025-10-19T14:16:08","slug":"el-bm-estudiantes-cae-en-su-casa-25-32","status":"publish","type":"post","link":"https:\/\/www.europesays.com\/es\/187277\/","title":{"rendered":"El BM Estudiantes cae en su casa (25-32)"},"content":{"rendered":"<p><strong>El <a href=\"https:\/\/elfarodeceuta.es\/bm-estudiantes-cae-primera-vez-temporada-32-25\/\" rel=\"nofollow noopener\" target=\"_blank\">Balonmano Estudiantes<\/a> de Ceuta ten\u00eda por delante su partido de la cuarta jornada de Divisi\u00f3n de Honor<\/strong>. Las \u2018Guerreras Afrikanas\u2019 volv\u00edan a jugar como locales tras dos visitas seguidas, C\u00f3rdoba y Madrid, en las que se cosech\u00f3 un empate y una derrota.<\/p>\n<p><strong>Es innegable pensar que las ceut\u00edes podr\u00edan llegar con ganas de redimirse del partido en la capital ante <a href=\"https:\/\/elfarodeceuta.es\/bm-estudiantes-impone-sin-piedad-debut-36-23\/\" rel=\"nofollow noopener\" target=\"_blank\">el Madrid Base Villaverde<\/a><\/strong>. Dos victorias seguidas, una con sobrada en el macados y otra por la m\u00ednima, fueron cortadas tras un 32-25 en un choque dif\u00edcil. Ahora, ten\u00edan por delante al <strong><a href=\"https:\/\/elfarodeceuta.es\/faro-deportivo-larbi-ahmed-nuestro-objetivo-sigue-siendo-mantenernos-balonmano\/\" rel=\"nofollow noopener\" target=\"_blank\">UCAM Murcia<\/a><\/strong> para buscar los sextos puntos de la temporada y seguir el camino hasta el objetivo de la permanencia.<\/p>\n<p>Primera parte<\/p>\n<p><strong>El partido no comenz\u00f3 lo mejor posible para el equipo local<\/strong>. R\u00e1pidamente, las murcianas se pusieron con un 0-3. Una buena defensa y un ataque m\u00e1s efectivo del Estudiantes hizo que se pusieran con un 4-4 en poco tiempo.<\/p>\n<p>El BM Estudiantes sigui\u00f3 dando todo con la intenci\u00f3n de tomar la delantera y as\u00ed fue. Llegando a estar con dos goles de distancia, con un 10-8.<\/p>\n<p><strong>Sin embargo, no lograban despegarse y las de la Universidad Cat\u00f3lica de Murcia segu\u00edan apretando e igualando el ritmo anotador<\/strong>. Al final, las Guerreras Afrikanas acabaron detr\u00e1s e el marcador al finalizar el primer tiempo. 14-15 en el luminoso.<\/p>\n<p>Segunda parte<\/p>\n<p>Al igual que al inicio del partido, las Guerreras Afrikanas comenzaron la segunda mitad peor que sus rivales. Al principio intercambiaron bien los golpes, pero ah\u00ed la balanza tir\u00f3 para el lado murciano.<\/p>\n<p><strong>Con el partido 16-16, las del UCAM metieron dos tantos muy seguidos<\/strong>. Cuando las de Ceuta se quisieron dar cuenta, ya estaban cuatro atr\u00e1s con un 18-22 y 15\u2019 por jugar. La distancia empezaba a ser sonada.<\/p>\n<p><strong>A falta de 7\u2019 minutos, el choque ya estaba con un 21-26 y se hac\u00eda la remontada una gesta demasiado \u00e9pica para las del Estudiantes<\/strong>. Consiguieron mantenerse a cinco tantos mucho tiempo, pero sin amenazar el poder de las visitantes.<\/p>\n<p>Al final, los puntos no pudieron llegar, pero el equipo luch\u00f3. <strong>25-32 en el luminoso y la primera derrota como local del BM Estudiantes.<\/strong><\/p>\n","protected":false},"excerpt":{"rendered":"El Balonmano Estudiantes de Ceuta ten\u00eda por delante su partido de la cuarta jornada de Divisi\u00f3n de Honor.&hellip;\n","protected":false},"author":2,"featured_media":187278,"comment_status":"","ping_status":"","sticky":false,"template":"","format":"standard","meta":{"footnotes":""},"categories":[278],"tags":[376,168,25,24,375,23,167],"class_list":{"0":"post-187277","1":"post","2":"type-post","3":"status-publish","4":"format-standard","5":"has-post-thumbnail","7":"category-balonmano","8":"tag-balonmano","9":"tag-deportes","10":"tag-es","11":"tag-espana","12":"tag-handball","13":"tag-spain","14":"tag-sports"},"share_on_mastodon":{"url":"","error":""},"_links":{"self":[{"href":"https:\/\/www.europesays.com\/es\/wp-json\/wp\/v2\/posts\/187277","targetHints":{"allow":["GET"]}}],"collection":[{"href":"https:\/\/www.europesays.com\/es\/wp-json\/wp\/v2\/posts"}],"about":[{"href":"https:\/\/www.europesays.com\/es\/wp-json\/wp\/v2\/types\/post"}],"author":[{"embeddable":true,"href":"https:\/\/www.europesays.com\/es\/wp-json\/wp\/v2\/users\/2"}],"replies":[{"embeddable":true,"href":"https:\/\/www.europesays.com\/es\/wp-json\/wp\/v2\/comments?post=187277"}],"version-history":[{"count":0,"href":"https:\/\/www.europesays.com\/es\/wp-json\/wp\/v2\/posts\/187277\/revisions"}],"wp:featuredmedia":[{"embeddable":true,"href":"https:\/\/www.europesays.com\/es\/wp-json\/wp\/v2\/media\/187278"}],"wp:attachment":[{"href":"https:\/\/www.europesays.com\/es\/wp-json\/wp\/v2\/media?parent=187277"}],"wp:term":[{"taxonomy":"category","embeddable":true,"href":"https:\/\/www.europesays.com\/es\/wp-json\/wp\/v2\/categories?post=187277"},{"taxonomy":"post_tag","embeddable":true,"href":"https:\/\/www.europesays.com\/es\/wp-json\/wp\/v2\/tags?post=187277"}],"curies":[{"name":"wp","href":"https:\/\/api.w.org\/{rel}","templated":true}]}}