{"id":187279,"date":"2025-10-19T14:17:17","date_gmt":"2025-10-19T14:17:17","guid":{"rendered":"https:\/\/www.europesays.com\/es\/187279\/"},"modified":"2025-10-19T14:17:17","modified_gmt":"2025-10-19T14:17:17","slug":"se-inicia-la-feria-del-senor-de-los-milagros-2025","status":"publish","type":"post","link":"https:\/\/www.europesays.com\/es\/187279\/","title":{"rendered":"SE INICIA LA FERIA DEL SE\u00d1OR DE LOS MILAGROS 2025"},"content":{"rendered":"<p data-start=\"97\" data-end=\"423\">Lima empieza a vivir desde hoy una de sus celebraciones m\u00e1s emblem\u00e1ticas: la <strong data-start=\"181\" data-end=\"229\">Feria Taurina del Se\u00f1or de los Milagros<\/strong>, que marcar\u00e1 el inicio de una nueva temporada de grandes expectativas en la hist\u00f3rica <strong data-start=\"316\" data-end=\"333\">Plaza de Acho<\/strong>, el coso m\u00e1s antiguo de Am\u00e9rica y uno de los templos mayores de la tauromaquia mundial.<\/p>\n<p>La Plaza de Acho, patrimonio y s\u00edmbolo de la afici\u00f3n<\/p>\n<p data-start=\"486\" data-end=\"858\">Fundada en 1766, la Plaza de Toros de Acho no solo constituye un monumento arquitect\u00f3nico de valor incalculable, sino tambi\u00e9n un s\u00edmbolo cultural de la capital peruana. Su car\u00e1cter patrimonial y su historia \u2014que abarca m\u00e1s de dos siglos y medio de tauromaquia\u2014 la convierten en un escenario \u00fanico, donde la tradici\u00f3n y el arte del toreo adquieren una dimensi\u00f3n especial.<\/p>\n<p data-start=\"860\" data-end=\"1054\">Este a\u00f1o, el recinto ha sido objeto de mejoras estructurales y un embellecimiento notable, lo que refuerza su condici\u00f3n de espacio emblem\u00e1tico dentro del conjunto monumental del R\u00edmac.<\/p>\n<p>Carteles de primer nivel<\/p>\n<p data-start=\"1089\" data-end=\"1446\">La <strong data-start=\"1092\" data-end=\"1146\">edici\u00f3n 2025 de la Feria del Se\u00f1or de los Milagros<\/strong> contar\u00e1 con <strong data-start=\"1159\" data-end=\"1204\">cuatro corridas de toros y dos novilladas<\/strong>, programadas entre hoy 18 de octubre y el 2 de noviembre. Los carteles oficiales presentan una combinaci\u00f3n equilibrada entre figuras consagradas del toreo mundial, j\u00f3venes promesas y ganader\u00edas de prestigio, tanto nacionales como espa\u00f1olas.<\/p>\n<p data-start=\"1448\" data-end=\"1473\"><strong data-start=\"1448\" data-end=\"1471\">Carteles oficiales:<\/strong><\/p>\n<ul data-start=\"1475\" data-end=\"2281\">\n<li data-start=\"1475\" data-end=\"1588\">\n<p data-start=\"1477\" data-end=\"1588\"><strong data-start=\"1477\" data-end=\"1502\">S\u00e1bado 18 de octubre:<\/strong> Novillos de San Jos\u00e9 del Monte para Felipe Negret, Joaqu\u00edn Caro y Josuel Mallqui.<\/p>\n<\/li>\n<li data-start=\"1589\" data-end=\"1718\">\n<p data-start=\"1591\" data-end=\"1718\"><strong data-start=\"1591\" data-end=\"1617\">Domingo 19 de octubre:<\/strong> Toros de San Pedro y Salamanca para Morenito de Aranda, Alfonso de Lima y Jes\u00fas Enrique Colombo.<\/p>\n<\/li>\n<li data-start=\"1719\" data-end=\"1826\">\n<p data-start=\"1721\" data-end=\"1826\"><strong data-start=\"1721\" data-end=\"1746\">S\u00e1bado 25 de octubre:<\/strong> Novillos de Camponuevo para Jos\u00e9 Antonio Guerra, Pedro Luis y Tom\u00e1s Bastos.<\/p>\n<\/li>\n<li data-start=\"1827\" data-end=\"1948\">\n<p data-start=\"1829\" data-end=\"1948\"><strong data-start=\"1829\" data-end=\"1855\">Domingo 26 de octubre:<\/strong> Toros de Paij\u00e1n y Domingo Hern\u00e1ndez para David Galv\u00e1n, Fernando Adri\u00e1n y Joaqu\u00edn Gald\u00f3s.<\/p>\n<\/li>\n<li data-start=\"1949\" data-end=\"2097\">\n<p data-start=\"1951\" data-end=\"2097\"><strong data-start=\"1951\" data-end=\"1977\">S\u00e1bado 1 de noviembre:<\/strong> Toros de N\u00fa\u00f1ez del Cuvillo y Domingo Hern\u00e1ndez y un matador que reemplace a Morante de la Puebla, Sebasti\u00e1n Castella y Alejandro Talavante.\u00a0 Como se sabe, la expectaci\u00f3n en torno al cartel del 1 de noviembre se ha visto sacudida por una noticia inesperada: <strong data-start=\"115\" data-end=\"232\">Morante de la Puebla anunci\u00f3 su retiro de los ruedos tras cortarse la coleta en la plaza de Las Ventas, en Madrid<\/strong>, en un gesto sorpresivo que marc\u00f3 el cierre de una brillante trayectoria art\u00edstica. Ante este acontecimiento, la organizaci\u00f3n de la Feria del Se\u00f1or de los Milagros eval\u00faa posibles sustituciones para mantener el nivel del cartel, que originalmente reun\u00eda a tres de las figuras m\u00e1s destacadas del toreo contempor\u00e1neo.<\/p>\n<\/li>\n<li data-start=\"2098\" data-end=\"2281\">\n<p data-start=\"2100\" data-end=\"2281\"><strong data-start=\"2100\" data-end=\"2127\">Domingo 2 de noviembre:<\/strong> Corrida extraordinaria en la que <strong data-start=\"2161\" data-end=\"2180\">Andr\u00e9s Roca Rey<\/strong> lidiar\u00e1 seis toros en solitario de las ganader\u00edas N\u00fa\u00f1ez del Cuvillo, Domingo Hern\u00e1ndez y Paij\u00e1n.<\/p>\n<\/li>\n<\/ul>\n<p data-start=\"2283\" data-end=\"2620\">La presencia de figuras como\u00a0 <strong data-start=\"2338\" data-end=\"2350\">Castella<\/strong>, <strong data-start=\"2352\" data-end=\"2365\">Talavante<\/strong> y <strong data-start=\"2368\" data-end=\"2380\">Roca Rey entre otros<\/strong> garantiza un nivel art\u00edstico excepcional. En particular, la encerrona del diestro peruano el 2 de noviembre \u2014con motivo de sus diez a\u00f1os de alternativa\u2014 ser\u00e1 uno de los acontecimientos m\u00e1s esperados de la temporada taurina internacional.<\/p>\n<p>El Museo Taurino de Acho: una reapertura esperada<\/p>\n<p data-start=\"2680\" data-end=\"3141\">En paralelo a la feria, la Beneficencia de Lima han anunciado la <strong data-start=\"2774\" data-end=\"2814\">reapertura del Museo Taurino de Acho<\/strong>, que presentar\u00e1 una <strong data-start=\"2835\" data-end=\"2869\">renovada exposici\u00f3n<\/strong>. Fundado en 1962, este museo alberga una de las colecciones taurinas m\u00e1s importantes de Sudam\u00e9rica y el mundo: trajes de luces, capotes, carteles hist\u00f3ricos, fotograf\u00edas, esculturas y objetos de gran valor hist\u00f3rico y art\u00edstico vinculados a la tauromaquia peruana e internacional.<\/p>\n<p data-start=\"3143\" data-end=\"3315\">La nueva museograf\u00eda busca realzar la dimensi\u00f3n patrimonial y cultural de la tauromaquia y se centra en la historia de la Plaza de Acho, sus hitos y las grandes figuras del toreo que han pasado por su ruedo subrayando la influencia que esta tradici\u00f3n ha tenido en la historia y el arte del Per\u00fa.<\/p>\n<p>Una feria de tradici\u00f3n y renovaci\u00f3n<\/p>\n<p data-start=\"3361\" data-end=\"3754\">La Feria del Se\u00f1or de los Milagros 2025 reafirma la vigencia de la Plaza de Acho como epicentro de la tauromaquia en el continente. La calidad de los carteles, el retorno de figuras de renombre, la presencia de la m\u00e1xima figura nacional y la revitalizaci\u00f3n del museo consolidan una edici\u00f3n de alto nivel, donde tradici\u00f3n y modernidad se entrelazan en el marco incomparable de la Lima morada.<\/p>\n<p data-start=\"3756\" data-end=\"3936\" data-is-last-node=\"\" data-is-only-node=\"\">La ciudad y su afici\u00f3n se preparan as\u00ed para seis tardes de emoci\u00f3n, arte y cultura, en una feria que promete ocupar un lugar destacado en la historia reciente del toreo en el Per\u00fa.<\/p>\n","protected":false},"excerpt":{"rendered":"Lima empieza a vivir desde hoy una de sus celebraciones m\u00e1s emblem\u00e1ticas: la Feria Taurina del Se\u00f1or de&hellip;\n","protected":false},"author":2,"featured_media":187280,"comment_status":"","ping_status":"","sticky":false,"template":"","format":"standard","meta":{"footnotes":""},"categories":[277],"tags":[373,168,25,24,23,167,374],"class_list":{"0":"post-187279","1":"post","2":"type-post","3":"status-publish","4":"format-standard","5":"has-post-thumbnail","7":"category-toreo","8":"tag-bullfighting","9":"tag-deportes","10":"tag-es","11":"tag-espana","12":"tag-spain","13":"tag-sports","14":"tag-toreo"},"share_on_mastodon":{"url":"","error":""},"_links":{"self":[{"href":"https:\/\/www.europesays.com\/es\/wp-json\/wp\/v2\/posts\/187279","targetHints":{"allow":["GET"]}}],"collection":[{"href":"https:\/\/www.europesays.com\/es\/wp-json\/wp\/v2\/posts"}],"about":[{"href":"https:\/\/www.europesays.com\/es\/wp-json\/wp\/v2\/types\/post"}],"author":[{"embeddable":true,"href":"https:\/\/www.europesays.com\/es\/wp-json\/wp\/v2\/users\/2"}],"replies":[{"embeddable":true,"href":"https:\/\/www.europesays.com\/es\/wp-json\/wp\/v2\/comments?post=187279"}],"version-history":[{"count":0,"href":"https:\/\/www.europesays.com\/es\/wp-json\/wp\/v2\/posts\/187279\/revisions"}],"wp:featuredmedia":[{"embeddable":true,"href":"https:\/\/www.europesays.com\/es\/wp-json\/wp\/v2\/media\/187280"}],"wp:attachment":[{"href":"https:\/\/www.europesays.com\/es\/wp-json\/wp\/v2\/media?parent=187279"}],"wp:term":[{"taxonomy":"category","embeddable":true,"href":"https:\/\/www.europesays.com\/es\/wp-json\/wp\/v2\/categories?post=187279"},{"taxonomy":"post_tag","embeddable":true,"href":"https:\/\/www.europesays.com\/es\/wp-json\/wp\/v2\/tags?post=187279"}],"curies":[{"name":"wp","href":"https:\/\/api.w.org\/{rel}","templated":true}]}}