{"id":187291,"date":"2025-10-19T14:26:19","date_gmt":"2025-10-19T14:26:19","guid":{"rendered":"https:\/\/www.europesays.com\/es\/187291\/"},"modified":"2025-10-19T14:26:19","modified_gmt":"2025-10-19T14:26:19","slug":"los-florez-una-saga-entre-la-genialidad-y-el-escandalo","status":"publish","type":"post","link":"https:\/\/www.europesays.com\/es\/187291\/","title":{"rendered":"Los Fl\u00f3rez, una saga entre la genialidad y el esc\u00e1ndalo"},"content":{"rendered":"<p>                                    <img decoding=\"async\" loading=\"lazy\" src=\"https:\/\/www.europesays.com\/es\/wp-content\/uploads\/2025\/10\/65f858e51d8d8.jpeg\" alt=\"Ver\u00f3nica Vi\u00f1as\" width=\"40\" height=\"40\" data-full-src=\"https:\/\/www.europesays.com\/es\/wp-content\/uploads\/2025\/10\/65f858e51d8d8.jpeg\"\/><\/p>\n<p class=\"paragraph\">Una de las sagas leonesas m\u00e1s fascinantes \u2014con permiso de los Panero\u2014 es sin duda la de los Fl\u00f3rez Herques. Una estirpe que ha dejado huella en el callejero. Entre sus miembros m\u00e1s ilustres hay arquitectos, escritores, emprendedores, pol\u00edticos y hasta un asesino.<\/p>\n<p class=\"paragraph\">Un linaje muy extenso en el que sobresalen Santiago Fl\u00f3rez Herques, alcalde y diputado a Cortes por Sahag\u00fan; su hermano Pablo, que milit\u00f3 en el progresismo avanzado y fue comandante de la milia nacional; el escritor Dar\u00edo Fern\u00e1ndez Fl\u00f3rez, que naveg\u00f3 entre el esc\u00e1ndalo y el olvido; el arquitecto Antonio Fl\u00f3rez, modernizador de la educaci\u00f3n espa\u00f1ola; y, el m\u00e1s extravante de todos, Rogelio Herques, escritor y fraticida.<\/p>\n<p class=\"paragraph\">Una familia singular que es el retrato de una Espa\u00f1a convulsa, marcada por guerras, exilios y revoluciones culturales. Los Fl\u00f3rez Herques, personajes de un innegable magnetismo, parecen sacados de una novela en la que se mezclan por igual ambici\u00f3n y tragedia.<\/p>\n<p class=\"paragraph\">Todo comienza con Pablo Fl\u00f3rez Herques, una figura casi mitol\u00f3gica en el siglo XIX en Sahag\u00fan. Rico, influyente y emparentado con los Herques Ibarreta, una familia de origen germano-holand\u00e9s que destilaba poder y excentricidad. Su gran fortuna, forjada en la subasta de bienes desamortizados, se convirti\u00f3 en el cimiento de una saga que no escapar\u00eda al peso de su propio legado. Su primo, Rogelio Herques Ibarreta fue el protagonista del cap\u00edtulo m\u00e1s oscuro de esta historia.<\/p>\n<p class=\"paragraph\"><b>Un personaje de Blasco Ib\u00e1\u00f1ez<\/b><\/p>\n<p class=\"paragraph\">En 1888, Rogelio, que hab\u00eda sido banquero en Nueva York, jugador empedernido y autor de La religi\u00f3n al alcance de todos, mat\u00f3 a su hermano Robustiano y a su cu\u00f1ada con un rev\u00f3lver antes de suicidarse. El magistral Blasco Ib\u00e1\u00f1ez inspir\u00f3 su novela El fantasma de las alas de oro en este estramb\u00f3tico personaje que acaba con la vida de su hermano por motivos pasionales. En Sahag\u00fan hay decenas de leyendas sobre el propietario de la lujosa Casa del Duende. Rogelio, un hombre descrito como \u00abjuerguista, deslenguado y pendenciero\u00bb est\u00e1 enterrado, seg\u00fan se dice, en el misterioso \u2018Sepulcro del Diablo\u2019.<\/p>\n<p class=\"paragraph\">A la sombra de Pablo y los Herques habr\u00eda que situar a Justino Fl\u00f3rez Llamas (1848-1927), padre de Antonio y abuelo de Dar\u00edo. Arquitecto y explorador minero, fue un hombre de acci\u00f3n y curiosidad insaciable. Su v\u00ednculo con la Instituci\u00f3n Libre de Ense\u00f1anza, cuna del pensamiento liberal espa\u00f1ol, molde\u00f3 a sus descendientes. Su legado no fue solo material \u2014financi\u00f3 la Residencia de Mayores de San Mam\u00e9s con la herencia familiar\u2014, sino tambi\u00e9n intelectual, al inculcar en su hijo Antonio un compromiso con la modernizaci\u00f3n de Espa\u00f1a.<\/p>\n<p class=\"paragraph\"><b>El arquitecto de las escuelas<\/b><\/p>\n<p class=\"paragraph\">Antonio Fl\u00f3rez (1877-1941) es, sin duda, la estrella m\u00e1s luminosa de la saga. Nacido en Vigo, pero leon\u00e9s de coraz\u00f3n, su vida estuvo marcada por la Instituci\u00f3n Libre de Ense\u00f1anza y sus ideales. Formado en la Escuela de Arquitectura de Madrid, pensionado en Roma y disc\u00edpulo del gran Otto Wagner en Viena, absorbi\u00f3 un eclecticismo que fusionaba la tradici\u00f3n cl\u00e1sica con la modernidad. Fue maestro de los arquitectos leoneses Torbado y Ram\u00f3n Ca\u00f1as.<\/p>\n<p class=\"paragraph\">Su obra cumbre fue la Residencia de Estudiantes de Madrid, un faro de la cultura espa\u00f1ola donde se cruzaron Lorca, Dal\u00ed y Bu\u00f1uel. Como jefe de la Oficina T\u00e9cnica de Construcciones Escolares desde 1920, transform\u00f3 la educaci\u00f3n espa\u00f1ola con edificios funcionales y adaptados al entorno, como la Escuela Normal de Maestros de Le\u00f3n \u2014actual Instituto Claudio S\u00e1nchez Albornoz\u2014.<\/p>\n<p class=\"paragraph\">Su arquitectura, alabada por Leopoldo Torres Balb\u00e1s por su ruptura con el \u00abfalso regionalismo\u00bb, fue un canto a la practicidad y la belleza. Sin embargo, la Guerra Civil lo golpe\u00f3 con dureza: depurado por el r\u00e9gimen franquista, muri\u00f3 prematuramente en 1941, dejando un legado que a\u00fan resiste el paso del tiempo.<\/p>\n<p class=\"paragraph\"><b>El extra\u00f1o escritor<\/b><\/p>\n<p class=\"paragraph\">Si Antonio represent\u00f3 la luz, su sobrino Dar\u00edo Fern\u00e1ndez Fl\u00f3rez (nacido por casualidad en Valladolid debido al empleo militar ambulante de su padre) encarn\u00f3 las sombras. Una tragedia adolescente \u2014la p\u00e9rdida de una pierna\u2014 marc\u00f3 su juventud, pero no fren\u00f3 su voracidad intelectual. Formado en los jesuitas de Burgos, Grenoble y Madrid, donde estudi\u00f3 Derecho y Letras, Dar\u00edo se movi\u00f3 con soltura en los ambientes cosmopolitas de entreguerras como un aut\u00e9ntico dandi. Sus primeras novelas, Inquietud (1931) y Maelstr\u00f6m (1932), destilan esa atm\u00f3sfera europea.<\/p>\n<p class=\"paragraph\">Durante la Guerra Civil fue uno de los delatores de su compa\u00f1ero de facultad Juli\u00e1n Mar\u00edas, detenido y encarcelado en 1939, tal como cuenta su hijo Javier Mar\u00edas en Tu rostro ma\u00f1ana. Luego se enrol\u00f3 en el Ministerio de Propaganga y su pluma se volvi\u00f3 m\u00e1s terrenal, aunque sin renunciar a un aire intelectual.<\/p>\n<p class=\"paragraph\">Su novela Lola, espejo oscuro, la historia de una prostituta, pas\u00f3 la censura de los leoneses Leopoldo Panero y Valent\u00edn Garc\u00eda Yebra, y qued\u00f3 finalista en el Premio Nadal que gan\u00f3 otro leon\u00e9s, Jos\u00e9 Su\u00e1rez Carre\u00f1o. En 1956 public\u00f3 una autobiograf\u00eda fantasiosa bajo el t\u00edtulo Memorias de un se\u00f1orito.<\/p>\n","protected":false},"excerpt":{"rendered":"Una de las sagas leonesas m\u00e1s fascinantes \u2014con permiso de los Panero\u2014 es sin duda la de los&hellip;\n","protected":false},"author":2,"featured_media":187292,"comment_status":"","ping_status":"","sticky":false,"template":"","format":"standard","meta":{"footnotes":""},"categories":[173],"tags":[801,229,233,231,230,1154,232,234,146,147,25,24,3618,1645,13520,23],"class_list":{"0":"post-187291","1":"post","2":"type-post","3":"status-publish","4":"format-standard","5":"has-post-thumbnail","7":"category-arte-y-diseno","8":"tag-arquitectura","9":"tag-arte","10":"tag-arte-y-diseno","11":"tag-arts","12":"tag-arts-and-design","13":"tag-asesinatos","14":"tag-design","15":"tag-diseno","16":"tag-entertainment","17":"tag-entretenimiento","18":"tag-es","19":"tag-espana","20":"tag-guerra-civil","21":"tag-novela","22":"tag-sahagun","23":"tag-spain"},"share_on_mastodon":{"url":"","error":""},"_links":{"self":[{"href":"https:\/\/www.europesays.com\/es\/wp-json\/wp\/v2\/posts\/187291","targetHints":{"allow":["GET"]}}],"collection":[{"href":"https:\/\/www.europesays.com\/es\/wp-json\/wp\/v2\/posts"}],"about":[{"href":"https:\/\/www.europesays.com\/es\/wp-json\/wp\/v2\/types\/post"}],"author":[{"embeddable":true,"href":"https:\/\/www.europesays.com\/es\/wp-json\/wp\/v2\/users\/2"}],"replies":[{"embeddable":true,"href":"https:\/\/www.europesays.com\/es\/wp-json\/wp\/v2\/comments?post=187291"}],"version-history":[{"count":0,"href":"https:\/\/www.europesays.com\/es\/wp-json\/wp\/v2\/posts\/187291\/revisions"}],"wp:featuredmedia":[{"embeddable":true,"href":"https:\/\/www.europesays.com\/es\/wp-json\/wp\/v2\/media\/187292"}],"wp:attachment":[{"href":"https:\/\/www.europesays.com\/es\/wp-json\/wp\/v2\/media?parent=187291"}],"wp:term":[{"taxonomy":"category","embeddable":true,"href":"https:\/\/www.europesays.com\/es\/wp-json\/wp\/v2\/categories?post=187291"},{"taxonomy":"post_tag","embeddable":true,"href":"https:\/\/www.europesays.com\/es\/wp-json\/wp\/v2\/tags?post=187291"}],"curies":[{"name":"wp","href":"https:\/\/api.w.org\/{rel}","templated":true}]}}