{"id":187307,"date":"2025-10-19T14:36:09","date_gmt":"2025-10-19T14:36:09","guid":{"rendered":"https:\/\/www.europesays.com\/es\/187307\/"},"modified":"2025-10-19T14:36:09","modified_gmt":"2025-10-19T14:36:09","slug":"oleada-de-robos-en-museos-franceses-en-los-ultimos-meses","status":"publish","type":"post","link":"https:\/\/www.europesays.com\/es\/187307\/","title":{"rendered":"Oleada de robos en museos franceses en los \u00faltimos meses"},"content":{"rendered":"<p style=\"\">Los museos de Francia est\u00e1n sufriendo \u00faltimamente una <strong>oleada de robos<\/strong>. As\u00ed, el <strong>Museo de Historia Natural<\/strong> fue v\u00edctima de un robo la noche del <strong>lunes 15 al martes 16 de septiembre<\/strong>. Un grupo de delincuentes irrumpi\u00f3 en el edificio, aserrando una  &#8230; puerta de emergencia, se dirigieron a la galer\u00eda de geolog\u00eda y mineralog\u00eda para atacar una vitrina de seguridad que conten\u00eda varias <strong>pepitas de oro<\/strong>, \u00abejemplares de oro nativo de las colecciones nacionales que posee\u00bb, dijo el museo. Con un soplete, lograron romper la ventana y confiscar la colecci\u00f3n, valorada en <strong>unos 600.000 euros<\/strong>. \u00abSustrajeron cuatro pepitas de oro, algunas de los siglos XVIII y XIX, con un peso total de unos 6 kg, incluyendo una pepita de 5 kg hallada en Australia y adquirida hace unos veinte a\u00f1os\u00bb, declar\u00f3 Emmanuel Skoulios, subdirector general del Museo Nacional de Historia Natural, informa &#8216;Art Net&#8217;.<\/p>\n<p class=\"voc-p\" style=\"\">Unos d\u00edas antes, en la <strong>noche del mi\u00e9rcoles 3 al jueves 4 de septiembre<\/strong>, unos delincuentes robaron, en apenas unos minutos, <strong>tres piezas de cer\u00e1mica<\/strong> valoradas al menos en<strong> 6,5 millones de euros<\/strong> del <strong>Museo Adrien-Dubouch\u00e9 de Limoges<\/strong>. Alrededor de las 3 de la madrugada, varias personas entraron al museo forzando una ventana lateral de la instituci\u00f3n cultural. Aunque son\u00f3 la alarma, lo que provoc\u00f3 la intervenci\u00f3n de los guardias, los ladrones lograron robar tres piezas antes de huir. Los investigadores creen que se trat\u00f3 de un robo selectivo y una orden ejecutada por un equipo de profesionales.<\/p>\n<p class=\"voc-p\" style=\"\">El <strong>Museo Jacques Chirac, ubicado en Sarran (Corr\u00e8ze)<\/strong>, fue v\u00edctima de <strong>dos robos<\/strong> con dos d\u00edas de diferencia. La ma\u00f1ana del domingo 12 de octubre, cuatro hombres con pasamonta\u00f1as y armados con al menos<strong> una escopeta y armas blancas<\/strong> entraron en el museo mientras estaba abierto. Los ladrones amenazaron al personal de recepci\u00f3n y a varios visitantes. Pero el robo fue frustrado; se marcharon solo con el dinero en efectivo, unos 300 euros, y un reloj de colecci\u00f3n. Los cuatro ladrones eran esperados cerca del museo por un Audi A4 con dos encapuchados a bordo. Pero estos huyeron al ver que el robo se estaba descontrolando y prendieron fuego al veh\u00edculo&#8230; antes de ser finalmente detenidos en la estaci\u00f3n de tren de Issoudun. Menos de 48 horas despu\u00e9s, el museo, que alberga todos los <strong>regalos diplom\u00e1ticos<\/strong> recibidos por el presidente Jacques Chirac, fue objeto de otro robo. Durante la noche del 13 al 14 de octubre, varios delincuentes lograron entrar en el museo y robar varios objetos valiosos, entre ellos relojes y joyas, valorados en <strong>m\u00e1s de un mill\u00f3n de euros<\/strong>.<\/p>\n<p class=\"voc-p\" style=\"\">El <strong>20 de noviembre de 2024<\/strong>, cuatro delincuentes con guantes, capuchas y cascos entraron en el <strong>Museo Cognacq-Jay, ubicado en el distrito 3 de Par\u00eds<\/strong>, alrededor de las 10:30 h, mientras el edificio estaba abierto al p\u00fablico. Destrozaron una vitrina que conten\u00eda <strong>siete cajas de rap\u00e9<\/strong>, con hachas y bates de b\u00e9isbol. Estas preciosas piezas, de inestimable valor hist\u00f3rico y patrimonial, hab\u00edan sido prestadas por el Museo del Louvre, las Colecciones Reales del Reino Unido y el Museo Victoria &amp; Albert, como parte de la exposici\u00f3n &#8216;Lujo de bolsillo&#8217;. Tras un a\u00f1o de investigaci\u00f3n, la polic\u00eda recuper\u00f3 cinco de las siete cajas de rap\u00e9 la semana pasada.<\/p>\n<p class=\"voc-p\" style=\"\">Ese mismo a\u00f1o, el <strong>21 de noviembre<\/strong>, cuatro hombres robaron un tesoro de joyas durante un robo a mano armada en un <strong>museo de arte sacro en Hi\u00e9ron, Paray-le-Monial (Saona y Loira)<\/strong>. Llegaron al museo en motocicleta alrededor de las 16:00 h. Tres de ellos, con casco, entraron en el establecimiento, abierto al p\u00fablico, mientras el cuarto vigilaba el exterior. Tras disparar, los tres ladrones se dirigieron hacia la pieza central del museo,<strong> &#8216;Via Vitae&#8217;<\/strong> (1904). Esta pieza, del orfebre parisino <strong>Joseph Chaumet<\/strong>, que narra la vida de Jes\u00fas, est\u00e1 clasificada como tesoro nacional por el Ministerio de Cultura y su valor se estima <strong>entre 5 y 7 millones de euros<\/strong>. Robaron sus estatuillas de oro y marfil, as\u00ed como sus decoraciones de esmeralda, tras usar una motosierra para cortar el cristal blindado que proteg\u00eda la obra de casi tres metros de altura. Tambi\u00e9n cortaron parte de su base de m\u00e1rmol. Los ladrones huyeron en motocicletas, arrojando clavos a la calzada, inutilizando as\u00ed dos veh\u00edculos policiales que los segu\u00edan, se\u00f1al de que la operaci\u00f3n estaba bien preparada.<\/p>\n<p>\nOtros robos en el Louvre\n<\/p>\n<p class=\"voc-p\" style=\"\">El Louvre ha sido blanco de numerosos robos a lo largo de su historia. <strong>En 1995, en menos de siete meses, sufri\u00f3 tres<\/strong>. El 18 de enero una alabarda de 17 kilos fue robada del monumento esculpido por Martin Desjardins (1637-1694), expuesto en la Cour Puget. Una semana antes, un visitante hab\u00eda cortado con un c\u00fater un cuadro de Lancelot Th\u00e9odore Turpin de Criss\u00e9 (1782-1859), &#8216;Ciervo en un paisaje&#8217;, que colgaba en los salones Napole\u00f3n III del ala Richelieu. Y el 10 de julio, desapareci\u00f3 un pastel de Robert de Nanteuil (1623-1678), informa &#8216;Le Figaro&#8217;.<\/p>\n<p><img decoding=\"async\" loading=\"lazy\" src=\"https:\/\/www.europesays.com\/es\/wp-content\/uploads\/2025\/10\/robo-gioconda-U40702146612ljk-760x427@diario_abc.JPG\" class=\"voc-img\" width=\"760\" height=\"427\" alt=\"Vincenzo Peruggia, autor del robo de 'La Gioconda', durante el juicio\" data-voc-vtm-id=\"in-text-traffic\"\/><\/p>\n<p>Vincenzo Peruggia, autor del robo de &#8216;La Gioconda&#8217;, durante el juicio<\/p>\n<p>ABC<\/p>\n<p>\n1911: &#8216;La Gioconda&#8217; ha desaparecido\n<\/p>\n<p class=\"voc-p\" style=\"\">Pero, sin duda, el m\u00e1s c\u00e9lebre fue el de <strong>&#8216;La Gioconda&#8217;, de Leonardo da Vinci<\/strong>. El 21 de agosto de 1911, los guardas de seguridad del Louvre se dieron cuenta, en su ronda habitual, de que &#8216;La Gioconda&#8217; no colgaba en la pared del <strong>Salon Carr\u00e9<\/strong>. Hab\u00eda desaparecido. Solo estaba el hueco vac\u00edo en la pared y los clavos que sujetaban el cuadro. Dos d\u00edas despu\u00e9s, los peri\u00f3dicos de todo el mundo se hac\u00edan eco de la noticia en sus portadas. Aquel d\u00eda muri\u00f3 un cuadro y naci\u00f3 un icono universal. El Gobierno franc\u00e9s no tard\u00f3 en destituir al director y al jefe de seguridad del museo y sancionar a los guardas. Mientras la polic\u00eda inspeccionaba coches, trenes y barcos que entraban o sal\u00edan de Francia, hac\u00eda interrogatorios y buscaba, en vano, pistas, se suced\u00edan especulaciones de todo tipo.<\/p>\n<p class=\"voc-p\" style=\"\">Pero, <strong>\u00bfqui\u00e9n hab\u00eda \u00absecuestrado\u00bb a la Mona Lisa?<\/strong> Hab\u00eda teor\u00edas para todos los gustos: que si hab\u00eda sido un rico magnate (se puso hasta un nombre, <strong>J. P. Morgan<\/strong>), que si un fan\u00e1tico enamorado del retrato&#8230; Incluso hubo artistas en el punto de mira. El 7 de septiembre fue detenido <strong>Guillaume Apollinaire<\/strong> y poco despu\u00e9s el mism\u00edsimo <strong>Picass<\/strong>o. Se pens\u00f3 en ellos por varios motivos. El primero hab\u00eda incitado p\u00fablicamente a quemar el Louvre. Y se hallaron en el estudio de Picasso dos figuritas que eran propiedad del museo, en las que se hab\u00eda inspirado para &#8216;Las se\u00f1oritas de Avi\u00f1\u00f3n&#8217;. Ambos fueron puestos en libertad por falta de pruebas . Pasaban los d\u00edas y sin noticias de &#8216;La Gioconda&#8217;. Largas colas desfilaban por el Louvre para ver el trozo de pared donde antes colgaba el cuadro, algo ins\u00f3lito. Parec\u00eda el duelo en un entierro. Pasaron dos a\u00f1os y el cuadro ya no figuraba en el cat\u00e1logo del Louvre. Incluso le hab\u00edan sustituido por el &#8216;Baltasar Castiglione&#8217;, de Rafael.<\/p>\n<p class=\"voc-p\" style=\"\">Pero, cuando ya nadie albergaba esperanzas, salt\u00f3 la sorpresa. Un anticuario de Florencia, Alfredo Geri, recibi\u00f3 el 29 de noviembre de 1913 una carta firmada por &#8216;Leonardo&#8217;. En ella le comunicaba que ten\u00eda en su poder &#8216;La Gioconda&#8217; y que quer\u00eda devolverla a Italia. Geri le contest\u00f3 y quedaron en verse en Florencia. &#8216;Leonardo&#8217; viaj\u00f3 en tren desde Par\u00eds con el cuadro en una caja. Se aloj\u00f3 en un modesto hotel florentino. Geri acudi\u00f3 a la cita con Giovanni Poggi, conservador de la Galer\u00eda de los Uffizi. Ambos examinaron la obra: n\u00famero de inventario del Louvre en el reverso, los craquelados de la superficie pict\u00f3rica&#8230; No cab\u00eda duda. Era la Mona Lisa. Llamaron a la polic\u00eda.<\/p>\n<p class=\"voc-p\" style=\"\">&#8216;Leonardo&#8217; result\u00f3 ser <strong>Vincenzo Peruggia<\/strong>, un pintor y decorador italiano de 30 a\u00f1os que hab\u00eda trabajado en el Louvre. Algunas teor\u00edas dicen que era cristalero y que \u00e9l mismo fue quien le puso en su d\u00eda el cristal al cuadro. Sea como fuere, respondi\u00f3 a la polic\u00eda en el interrogatorio que su intenci\u00f3n era devolver el cuadro a Italia. Nace un patriota, un h\u00e9roe nacional. Hay quienes siguen creyendo hoy que detr\u00e1s del robo de &#8216;La Gioconda&#8217; hab\u00eda un cerebro oculto. Nunca se demostr\u00f3. La Mona Lisa hab\u00eda estado durante dos a\u00f1os a escasos tres kil\u00f3metros del Louvre. En la humilde casa de Peruggia, en el n\u00famero 5 de la Rue de l&#8217;Hospital Saint Louis, encerrada en un armario cerca de la cocina. Se celebr\u00f3 el juicio y Peruggia fue condenado a tres a\u00f1os de c\u00e1rcel, pero apenas estuvo doce meses.<\/p>\n","protected":false},"excerpt":{"rendered":"Los museos de Francia est\u00e1n sufriendo \u00faltimamente una oleada de robos. As\u00ed, el Museo de Historia Natural fue&hellip;\n","protected":false},"author":2,"featured_media":187308,"comment_status":"","ping_status":"","sticky":false,"template":"","format":"standard","meta":{"footnotes":""},"categories":[42],"tags":[17,18,13,14,18425,11,61,62,63,64,19,20,1140,3873,9,10,15,16,25362,11989,12,21,22,4421,65,66,67],"class_list":{"0":"post-187307","1":"post","2":"type-post","3":"status-publish","4":"format-standard","5":"has-post-thumbnail","7":"category-internacional","8":"tag-breaking-news","9":"tag-breakingnews","10":"tag-featured-news","11":"tag-featurednews","12":"tag-franceses","13":"tag-headlines","14":"tag-internacional","15":"tag-international","16":"tag-international-news","17":"tag-internationalnews","18":"tag-latest-news","19":"tag-latestnews","20":"tag-meses","21":"tag-museos","22":"tag-news","23":"tag-noticias","24":"tag-noticias-destacadas","25":"tag-noticiasdestacadas","26":"tag-oleada","27":"tag-robos","28":"tag-titulares","29":"tag-ultimas-noticias","30":"tag-ultimasnoticias","31":"tag-ultimos","32":"tag-world","33":"tag-world-news","34":"tag-worldnews"},"share_on_mastodon":{"url":"","error":""},"_links":{"self":[{"href":"https:\/\/www.europesays.com\/es\/wp-json\/wp\/v2\/posts\/187307","targetHints":{"allow":["GET"]}}],"collection":[{"href":"https:\/\/www.europesays.com\/es\/wp-json\/wp\/v2\/posts"}],"about":[{"href":"https:\/\/www.europesays.com\/es\/wp-json\/wp\/v2\/types\/post"}],"author":[{"embeddable":true,"href":"https:\/\/www.europesays.com\/es\/wp-json\/wp\/v2\/users\/2"}],"replies":[{"embeddable":true,"href":"https:\/\/www.europesays.com\/es\/wp-json\/wp\/v2\/comments?post=187307"}],"version-history":[{"count":0,"href":"https:\/\/www.europesays.com\/es\/wp-json\/wp\/v2\/posts\/187307\/revisions"}],"wp:featuredmedia":[{"embeddable":true,"href":"https:\/\/www.europesays.com\/es\/wp-json\/wp\/v2\/media\/187308"}],"wp:attachment":[{"href":"https:\/\/www.europesays.com\/es\/wp-json\/wp\/v2\/media?parent=187307"}],"wp:term":[{"taxonomy":"category","embeddable":true,"href":"https:\/\/www.europesays.com\/es\/wp-json\/wp\/v2\/categories?post=187307"},{"taxonomy":"post_tag","embeddable":true,"href":"https:\/\/www.europesays.com\/es\/wp-json\/wp\/v2\/tags?post=187307"}],"curies":[{"name":"wp","href":"https:\/\/api.w.org\/{rel}","templated":true}]}}