{"id":187324,"date":"2025-10-19T14:49:18","date_gmt":"2025-10-19T14:49:18","guid":{"rendered":"https:\/\/www.europesays.com\/es\/187324\/"},"modified":"2025-10-19T14:49:18","modified_gmt":"2025-10-19T14:49:18","slug":"de-nina-llore-amargamente-cuando-nos-mudamos-a-la-moncloa","status":"publish","type":"post","link":"https:\/\/www.europesays.com\/es\/187324\/","title":{"rendered":"De ni\u00f1a llor\u00e9 amargamente cuando nos mudamos a la Moncloa"},"content":{"rendered":"<p id=\"eJcxakCdhx\" data-wc=\"91\">Aunque siempre ha querido llevar una vida discreta y completamente alejada de los focos, su condici\u00f3n de ser &#8216;hija de&#8217; no se lo ha permitido del todo y ha marcado su vida para siempre. M\u00e1s a\u00fan si tu progenitor es un personaje p\u00fablico y de m\u00e1xima relevancia en la historia de nuestro pa\u00eds, como es el caso que nos ocupa. Ella es <strong>Mar\u00eda Gonz\u00e1lez Romero<\/strong>, la menor de los tres v\u00e1stagos del que fuera figura clave de la pol\u00edtica espa\u00f1ola y jefe del Ejecutivo durante m\u00e1s de una d\u00e9cada y media.<\/p>\n<p> <img src=\"https:\/\/www.europesays.com\/es\/wp-content\/uploads\/2025\/10\/d1982290ef61-maria3.jpg\"   width=\"755\" height=\"1024\" loading=\"lazy\" decoding=\"async\" alt=\"Media Image\" fetchpriority=\"auto\" class=\"image ho-image\"\/>\u00a9 GTRES<\/p>\n<p id=\"e0DFJBnVv_N\" data-wc=\"85\">Ha pasado ya mucho tiempo desde que la &#8216;coach&#8217; y abogada de 47 a\u00f1os experimentara con su familia la vor\u00e1gine de aquella \u00e9poca tan intensa y convulsa cuando su padre, <strong>Felipe Gonz\u00e1lez (83)<\/strong>, era el presidente del Gobierno y l\u00edder de los socialistas de una por entonces joven democracia que aqu\u00ed se viv\u00eda. Sin embargo, resulta imposible olvidar lo que tanto ella como su madre, <strong>Carmen Romero (78)<\/strong>, y sus dos hermanos mayores<strong>\u00a0-Pablo (53) y David (52)-\u00a0<\/strong>fueron testigos de excepci\u00f3n en primera persona.<\/p>\n<p> <img src=\"https:\/\/www.europesays.com\/es\/wp-content\/uploads\/2025\/10\/d5699f673b40-dla02114098.jpg\"   width=\"1024\" height=\"690\" loading=\"lazy\" decoding=\"async\" alt=\"Media Image\" fetchpriority=\"auto\" class=\"image ho-image\"\/>\u00a9 GTRES<\/p>\n<p id=\"e2evmGFKRt\" data-wc=\"84\"><strong>\u00abYo cumpl\u00ed cuatro a\u00f1os en octubre y nos mudamos en diciembre\u00bb<\/strong>, comienza diciendo Mar\u00eda para ponernos en contexto del momento en que siendo a\u00fan muy peque\u00f1a se instal\u00f3 con los suyos en la Moncloa. Fue en 1982, tras la victoria en aquel oto\u00f1o del PSOE en las elecciones generales por aplastante mayor\u00eda. \u00abMi recuerdo es de estar en un espacio muy grande, y m\u00e1s a los ojos de una ni\u00f1a\u00bb, apostilla sobre c\u00f3mo lo impresion\u00f3 nada m\u00e1s llegar el que era su nueva residencia.<\/p>\n<p> <img src=\"https:\/\/www.europesays.com\/es\/wp-content\/uploads\/2025\/10\/a8d7e3e3ce09-gettyimages-89453041.jpg\"   width=\"1024\" height=\"688\" loading=\"lazy\" decoding=\"async\" alt=\"Media Image\" fetchpriority=\"auto\" class=\"image ho-image\"\/>\u00a9 Getty Images<\/p>\n<p id=\"evde8TBkrCK\" data-wc=\"81\">Se trata de un testimonio in\u00e9dito que la tambi\u00e9n escritora ha dado durante su participaci\u00f3n en la nueva serie documental La \u00faltima llamada, estrenada esta semana por Movistar+, que entrevista y profundiza en el lado m\u00e1s personal de los 4 expresidentes vivos: <strong>Felipe Gonz\u00e1lez, Jos\u00e9 Mar\u00eda Aznar, Jos\u00e9 Luis Rodr\u00edguez Zapatero y Mariano Rajoy.<\/strong> Hablando a c\u00e1mara, la autora del libro Debajo de las palabras: C\u00f3mo la Comunicaci\u00f3n No Violenta puede mejorar tu vida\u00a0cuenta an\u00e9cdotas y detalles hasta ahora desconocidos.<\/p>\n<p> <img src=\"https:\/\/www.europesays.com\/es\/wp-content\/uploads\/2025\/10\/ddcd6ea1bfd4-maria1.jpg\"   width=\"1024\" height=\"451\" loading=\"lazy\" decoding=\"async\" alt=\"Media Image\" fetchpriority=\"auto\" class=\"image ho-image\"\/>\u00a9 Movistar+<br \/>\nUna ni\u00f1a en palacio<\/p>\n<p class=\"\" id=\"eWExARnrq-Y\" data-wc=\"120\">Confiesa Mar\u00eda que, mientras poco a poco se iban acomodando dentro de aquel enorme edificio oficial que les era tan ajeno, a veces se iba a <strong>\u00abla escalera, all\u00ed sentada y llorando amargamente porque me hab\u00eda perdido. Yo solo quer\u00eda volver a mi casa y aquello no ten\u00eda ning\u00fan sentido para m\u00ed\u00bb<\/strong>. Es m\u00e1s, se\u00f1ala que \u00ablos muebles que ten\u00edamos\u00bb en su anterior vivienda en Sevilla \u00ablos trajeron a una habitaci\u00f3n all\u00ed que hab\u00eda vac\u00eda, y ah\u00ed los metieron tapados con la t\u00edpicas s\u00e1banas blancas para que no les entrara mucho polvo\u00bb. De vez en cuando, explica que \u00abocasionalmente entraba\u00bb en dicho cuarto \u00aby me sentaba en un sof\u00e1 como para tener as\u00ed la sensaci\u00f3n de hogar\u00bb que hab\u00eda perdido.<\/p>\n<p> <img src=\"https:\/\/www.europesays.com\/es\/wp-content\/uploads\/2025\/10\/11e45cf1b1b1-dla00137122.jpg\"   width=\"650\" height=\"1024\" loading=\"lazy\" decoding=\"async\" alt=\"Media Image\" fetchpriority=\"auto\" class=\"image ho-image\"\/>\u00a9 GTRES<\/p>\n<p id=\"eijwiRRRIO8P\" data-wc=\"114\">Efectivamente, el propio Felipe Gonz\u00e1lez admite durante la grabaci\u00f3n que<strong>\u00a0\u00abmi hija peque\u00f1a fue la m\u00e1s afectada\u00bb\u00a0<\/strong>por el cambio de domicilio que tuvieron que afrontar. \u00abElla no sabe que yo lo pienso, pero con esa edad estaba en un lugar que le hizo perder la conciencia de que antes hab\u00eda vivido en otro sitio hasta que fue a la universidad\u00bb. Es decir, que Mar\u00eda pr\u00e1cticamente se crio entre los muros del palacio ya que pas\u00f3 su infancia y buena parte de su juventud all\u00ed durante 14 a\u00f1os, y no lo abandon\u00f3 hasta que alcanz\u00f3 la mayor\u00eda de edad y comenz\u00f3 a estudiar la carrera, cuando su padre dej\u00f3 su cargo en la pol\u00edtica.<\/p>\n<p> <img src=\"https:\/\/www.europesays.com\/es\/wp-content\/uploads\/2025\/10\/d8b00ee0e6e1-maria2.jpg\"   width=\"1024\" height=\"1024\" loading=\"lazy\" decoding=\"async\" alt=\"Media Image\" fetchpriority=\"auto\" class=\"image ho-image\"\/>\u00a9 ayaladelatorreabogados.com<\/p>\n<p id=\"eVx4qnOquI\" data-wc=\"68\">Curiosamente, aunque lo l\u00f3gico es pensar que el cambio era a mucho mejor, no es oro todo lo que reluce.<strong>\u00a0<\/strong>Al parecer, y esto es algo que llamada poderosamente la atenci\u00f3n, la -en teor\u00eda- lujosa casa del m\u00e1ximo responsable gubernamental<strong>\u00a0<\/strong>estaba <strong>\u00ababsolutamente destartalada y no funcionaba nada\u00bb.\u00a0<\/strong>Lo desvela Mar\u00eda \u00c1ngeles L\u00f3pez de Celis, quien fue secretaria de la Moncloa del 78 al 2010, en la citada docuserie.\u00a0<\/p>\n<p id=\"eyMJQPGoE-x\" data-wc=\"61\">\u00abSi estaba la gente trabajando, y en la vivienda enchufaban la plancha, se iban los plomos. No estaba en absoluto preparado para ser una sede como corresponde a una presidencia del gobierno\u00bb, subraya. Un hecho que, adem\u00e1s, corrobora el exl\u00edder socialista, casado en segundas nupcias desde 2012 con Mar Garc\u00eda Baquero:: <strong>\u00abAquello era realmente de cart\u00f3n piedra\u00bb<\/strong>, describe sobre el edificio.\u00a0<\/p>\n<p> <img src=\"https:\/\/www.europesays.com\/es\/wp-content\/uploads\/2025\/10\/29f1b4b91e7c-dla00195188.jpg\"   width=\"712\" height=\"1024\" loading=\"lazy\" decoding=\"async\" alt=\"Media Image\" fetchpriority=\"auto\" class=\"image ho-image\"\/>\u00a9 GTRES<\/p>\n<p id=\"ejRe2TPM011\" data-wc=\"59\">Por otro lado, en cuanto a c\u00f3mo era la convivencia con el personal de la Moncloa, explica L\u00f3pez de Celis que \u00aben la parte de abajo\u00bb estaban los empleados \u00aby en la arriba viv\u00eda la familia. Hab\u00eda una interconexi\u00f3n. <strong>Intent\u00e1bamos guardar mucho respeto a su intimidad, pero era muy dif\u00edcil<\/strong> porque todos entr\u00e1bamos y sal\u00edamos por la misma puerta\u00bb.<\/p>\n<p>As\u00ed vivieron la etapa m\u00e1s dura por el terrorismo<\/p>\n<p id=\"ecC3vEOR2G\" data-wc=\"99\">\u00abRecuerdo mucho de esos a\u00f1os el tener muy presente que ETA mataba con frecuencia y que, entre sus objetivos, tambi\u00e9n estaba mi propia familia\u00bb, se lamenta Mar\u00eda Gonz\u00e1lez.<strong>\u00a0\u00abY por m\u00e1s que hubiera mucha seguridad a nuestro alrededor, al irme a dormir por las noches ten\u00eda ese miedo\u00bb.<\/strong> Es decir, que \u00absi no hab\u00edan llegado todav\u00eda a casa (sus padres), no pod\u00eda dormir hasta que no les o\u00eda\u00bb, relata. \u00abMi madre, en concreto, siempre pasaba por la habitaci\u00f3n para darme un beso aunque estuviera dormida, pero yo me manten\u00eda despierta hasta que escuchaba los tacones por el pasillo\u00bb, narra.<\/p>\n<p> <img src=\"https:\/\/www.europesays.com\/es\/wp-content\/uploads\/2025\/10\/d41c6b9cd91a-dlu021310025.jpg\"   width=\"1024\" height=\"682\" loading=\"lazy\" decoding=\"async\" alt=\"Media Image\" fetchpriority=\"auto\" class=\"image ho-image\"\/>\u00a9 GTRES<\/p>\n<p id=\"eOcBmknB7m\" data-wc=\"96\">Paralelamente, en la lucha contra la banda terrorista, otro frente que se le abri\u00f3 al expresidente fue el tema de los GAL (la llamada guerra sucia contra los etarras), lo que supuso una de las mayores crisis para el gobierno de entonces.<strong>\u00a0\u00abFue una etapa dif\u00edcil porque lo percib\u00edamos con mucha sensaci\u00f3n de desequilibrio y de injusticia\u00bb<\/strong>, admite la que es licenciada en Derecho por la Universidad Aut\u00f3noma de Madrid. \u00abNo s\u00e9 quiz\u00e1 era mi propia percepci\u00f3n, pero en lo que yo he vivido, creo que el suyo era el trabajo m\u00e1s solitario del mundo\u00bb, enfatiza.<\/p>\n<p id=\"eN8AfXW5Tnw\" data-wc=\"62\">Sobre c\u00f3mo percib\u00edan todo aquello en el seno de su hogar, cuenta que \u00aben los momentos que compart\u00edamos en familia, el desayuno y la cena, que era lo que sol\u00edamos hacer juntos, <strong>no recuerdo que mi padre nos hablase de lo que hab\u00eda sucedido en el d\u00eda\u00a0<\/strong>o de sus preocupaciones. Al contrario, se met\u00eda para dentro y se mostraba bastante silencioso\u00bb.<\/p>\n<p> <img src=\"https:\/\/www.europesays.com\/es\/wp-content\/uploads\/2025\/10\/384fdb1bb76c-maria.jpg\"   width=\"734\" height=\"1024\" loading=\"lazy\" decoding=\"async\" alt=\"Media Image\" fetchpriority=\"auto\" class=\"image ho-image\"\/>\u00a9 plataformaeditorial.com<\/p>\n<p class=\"\" id=\"ecpVsDQeHo\" data-wc=\"132\">Casada y con tres hijos, la que a su vez fue coordinadora del gabinete de su progenitor durante 9 a\u00f1os tambi\u00e9n ha hablado de la personalidad de su padre, ineludiblemente marcada por el lugar que le vio nacer. Cuando eta un ni\u00f1o, \u00ab\u00e9l era muy de estar tiempo consigo mismo y con sus cosas. Y eso luego tiene que ver con su relaci\u00f3n con la responsabilidad y con el trabajo\u00bb, afirma Mar\u00eda Gonz\u00e1lez. \u00abMi abuelo ten\u00eda unas cuantas vacas y viv\u00edan de la leche, el queso y lo que dieran\u00bb, a\u00f1ade. Cuenta que cuando el patriarca ve\u00eda \u00abjugando a lo chiquillos\u00bb por delante de la casa, <strong>\u00ables dec\u00eda: \u00a1qu\u00e9 pan m\u00e1s a lo tonto com\u00e9is!\u00bb.<\/strong> Una expresi\u00f3n que se refiere a que estos deb\u00edan trabajar y esforzase m\u00e1s para ganarse el jornal.<\/p>\n<p> <img src=\"https:\/\/www.europesays.com\/es\/wp-content\/uploads\/2025\/10\/1850565a395e-dlu328908009.jpg\"   width=\"682\" height=\"1024\" loading=\"lazy\" decoding=\"async\" alt=\"Media Image\" fetchpriority=\"auto\" class=\"image ho-image\"\/>\u00a9 GTRES<br \/>\nLa pasi\u00f3n de su padre por los bons\u00e1is<\/p>\n<p id=\"edDgPZujkOVG\" data-wc=\"51\">La que es mediadora civil, familiar y mercantil tambi\u00e9n ha comentado la conocida afici\u00f3n de Felipe Gonz\u00e1lez por los bons\u00e1is, a ra\u00edz de la cual este forj\u00f3 amistad con el experto en naturaleza y paisajista Luis Vallejo. \u00ab<strong>Hicieron un t\u00e1ndem muy interesante porque los dos, en alguna medida se parecen\u00bb<\/strong>, recuerda.<\/p>\n<p id=\"e8v1S1OFfsY\" data-wc=\"74\">\u00abSe llevaban muy bien ya que ambos son dos introvertidos de libro, y estaban muy a gusto juntos en silencio.. podando durante tres horas\u00bb, explica con una sonrisa. \u00abHicieron un huerto tambi\u00e9n, explotando ese lado de campo que tiene mi padre y esa necesidad de empezar y terminar los proyectos, Es decir: <strong>plantar, germinar, salir y recoger<\/strong>\u00ab, se\u00f1ala. Adem\u00e1s, \u00abcreo que lo necesitaba porque era de los pocos momentos que ten\u00eda de descanso\u00bb, concluye.<\/p>\n","protected":false},"excerpt":{"rendered":"Aunque siempre ha querido llevar una vida discreta y completamente alejada de los focos, su condici\u00f3n de ser&hellip;\n","protected":false},"author":2,"featured_media":187325,"comment_status":"","ping_status":"","sticky":false,"template":"","format":"standard","meta":{"footnotes":""},"categories":[174],"tags":[517,255,146,147,25,24,256,23],"class_list":{"0":"post-187324","1":"post","2":"type-post","3":"status-publish","4":"format-standard","5":"has-post-thumbnail","7":"category-famosos","8":"tag-actualidad","9":"tag-celebrities","10":"tag-entertainment","11":"tag-entretenimiento","12":"tag-es","13":"tag-espana","14":"tag-famosos","15":"tag-spain"},"share_on_mastodon":{"url":"","error":""},"_links":{"self":[{"href":"https:\/\/www.europesays.com\/es\/wp-json\/wp\/v2\/posts\/187324","targetHints":{"allow":["GET"]}}],"collection":[{"href":"https:\/\/www.europesays.com\/es\/wp-json\/wp\/v2\/posts"}],"about":[{"href":"https:\/\/www.europesays.com\/es\/wp-json\/wp\/v2\/types\/post"}],"author":[{"embeddable":true,"href":"https:\/\/www.europesays.com\/es\/wp-json\/wp\/v2\/users\/2"}],"replies":[{"embeddable":true,"href":"https:\/\/www.europesays.com\/es\/wp-json\/wp\/v2\/comments?post=187324"}],"version-history":[{"count":0,"href":"https:\/\/www.europesays.com\/es\/wp-json\/wp\/v2\/posts\/187324\/revisions"}],"wp:featuredmedia":[{"embeddable":true,"href":"https:\/\/www.europesays.com\/es\/wp-json\/wp\/v2\/media\/187325"}],"wp:attachment":[{"href":"https:\/\/www.europesays.com\/es\/wp-json\/wp\/v2\/media?parent=187324"}],"wp:term":[{"taxonomy":"category","embeddable":true,"href":"https:\/\/www.europesays.com\/es\/wp-json\/wp\/v2\/categories?post=187324"},{"taxonomy":"post_tag","embeddable":true,"href":"https:\/\/www.europesays.com\/es\/wp-json\/wp\/v2\/tags?post=187324"}],"curies":[{"name":"wp","href":"https:\/\/api.w.org\/{rel}","templated":true}]}}