{"id":187326,"date":"2025-10-19T14:50:22","date_gmt":"2025-10-19T14:50:22","guid":{"rendered":"https:\/\/www.europesays.com\/es\/187326\/"},"modified":"2025-10-19T14:50:22","modified_gmt":"2025-10-19T14:50:22","slug":"el-mirador-entre-disenos-y-viajes-imposibles","status":"publish","type":"post","link":"https:\/\/www.europesays.com\/es\/187326\/","title":{"rendered":"El Mirador: Entre dise\u00f1os y viajes imposibles"},"content":{"rendered":"<p><a class=\"v-mdl-ath__fig-a\" href=\"https:\/\/www.elcorreo.com\/autor\/joseba-fiestras-1987.html\" title=\"Joseba Fiestras\" rel=\"nofollow noopener\" target=\"_blank\"><br \/>\n<img decoding=\"async\" class=\"v-mdl-ath__img\" src=\"https:\/\/www.europesays.com\/es\/wp-content\/uploads\/2025\/10\/autor-1987-foto-2.png\" alt=\"Joseba Fiestras\"\/><br \/>\n<\/a><\/p>\n<p class=\"v-mdl-ath__p v-mdl-ath__p--6\">\nDomingo, 19 de octubre 2025, 00:11<\/p>\n<p class=\"v-p\">Entre barricas y b\u00f3vedas, el vino se convierte en arte. Las bodegas del siglo XXI ya no solo fermentan uvas, fermentan ideas. Y arquitectos de todo el mundo reinterpretan la tradici\u00f3n vitivin\u00edcola con espacios que mezclan acero y piedra, luz y silencio, historia y vanguardia. En cada rinc\u00f3n, el dise\u00f1o busca lo mismo que el vino en su copa: equilibrio, car\u00e1cter y emoci\u00f3n. No es de extra\u00f1ar que la delegaci\u00f3n en \u00c1lava del Colegio Oficial de Arquitectos Vasco-navarro centre las V Jornadas Creaci\u00f3n en &#8216;Arquitectura y vino&#8217;. Y en este contexto brindaron la conferencia del arquitecto portugu\u00e9s Jos\u00e9 Manuel Carvalho Ara\u00fajo, ganador del concurso internacional para el dise\u00f1o de las sedes de EDA Drinks &amp; Wine Campus en Laguardia y la capital alavesa. Elisa Ucar, directora del citado campus, present\u00f3 la ponencia,\u2006titulada\u2006 \u2006 &#8216;Compromises&#8217; y aprovech\u00f3 para avanzar que las obras de estos edificios comenzar\u00e1n antes de que acabe el a\u00f1o.<\/p>\n<p class=\"v-p\">Carvalho acudi\u00f3 a Vitoria acompa\u00f1ado de buena parte de su equipo, procedente de la ciudad portuguesa de Braga, entre los que se encontraban sus hijos Jos\u00e9 y Hugo, Amadeu Clasen, que ameniz\u00f3 la velada pinchando m\u00fasica; y el arquitecto Joel Moniz.<\/p>\n<p class=\"v-p\">Paco Valderrama moder\u00f3 un\u2006coloquio en el que participaron profesionales como la navarra Maite Apeztegu\u00eda o el alav\u00e9s Jorge Ibarrondo. El presidente del COAVN \u00c1lava, Pablo Ortiz de Z\u00e1rate, estuvo arropado por miembros de su junta como Pepe Mart\u00ednez, Gorka Beitia, Javier Crespo, Raquel L\u00f3pez de Calle,\u2006Edurne Ochoa de Alda y Fernando Mart\u00ednez Hinojal, entre muchos otros.<\/p>\n<p class=\"v-p\">Por otro lado, Pangea celebr\u00f3 la inauguraci\u00f3n de su nueva Travel Store con una velada repleta de m\u00fasica, c\u00f3ctel y esp\u00edritu viajero que reuni\u00f3 a m\u00e1s de un centenar de invitados en el Txoko del C\u00edrculo Vitoriano. Durante la\u2006 presentaci\u00f3n,\u2006Patxi\u2006Hu\u00e9lamo,CEO de Book&amp;Road Travel, y\u2006Jos\u00e9 Miguel Cordero, director general de Pangea Vitoria, dirigieron unas palabras a los presentes, subrayando la importancia de este nuevo punto de encuentro con los viajeros locales. Aplaudieron sus palabras Ignacio Manrique, Miguel Garc\u00e9s, Jes\u00fas E chevarr\u00eda, Juanan Compa\u00f1\u00f3n y Patxi Cort\u00e1zar, entre otros.<\/p>\n<p>Reporta un error<\/p>\n","protected":false},"excerpt":{"rendered":"Domingo, 19 de octubre 2025, 00:11 Entre barricas y b\u00f3vedas, el vino se convierte en arte. Las bodegas&hellip;\n","protected":false},"author":2,"featured_media":187327,"comment_status":"","ping_status":"","sticky":false,"template":"","format":"standard","meta":{"footnotes":""},"categories":[173],"tags":[229,233,231,230,232,234,52640,146,147,25,24,20049,5983,23,226],"class_list":{"0":"post-187326","1":"post","2":"type-post","3":"status-publish","4":"format-standard","5":"has-post-thumbnail","7":"category-arte-y-diseno","8":"tag-arte","9":"tag-arte-y-diseno","10":"tag-arts","11":"tag-arts-and-design","12":"tag-design","13":"tag-diseno","14":"tag-disenos","15":"tag-entertainment","16":"tag-entretenimiento","17":"tag-es","18":"tag-espana","19":"tag-imposibles","20":"tag-mirador","21":"tag-spain","22":"tag-viajes"},"share_on_mastodon":{"url":"","error":""},"_links":{"self":[{"href":"https:\/\/www.europesays.com\/es\/wp-json\/wp\/v2\/posts\/187326","targetHints":{"allow":["GET"]}}],"collection":[{"href":"https:\/\/www.europesays.com\/es\/wp-json\/wp\/v2\/posts"}],"about":[{"href":"https:\/\/www.europesays.com\/es\/wp-json\/wp\/v2\/types\/post"}],"author":[{"embeddable":true,"href":"https:\/\/www.europesays.com\/es\/wp-json\/wp\/v2\/users\/2"}],"replies":[{"embeddable":true,"href":"https:\/\/www.europesays.com\/es\/wp-json\/wp\/v2\/comments?post=187326"}],"version-history":[{"count":0,"href":"https:\/\/www.europesays.com\/es\/wp-json\/wp\/v2\/posts\/187326\/revisions"}],"wp:featuredmedia":[{"embeddable":true,"href":"https:\/\/www.europesays.com\/es\/wp-json\/wp\/v2\/media\/187327"}],"wp:attachment":[{"href":"https:\/\/www.europesays.com\/es\/wp-json\/wp\/v2\/media?parent=187326"}],"wp:term":[{"taxonomy":"category","embeddable":true,"href":"https:\/\/www.europesays.com\/es\/wp-json\/wp\/v2\/categories?post=187326"},{"taxonomy":"post_tag","embeddable":true,"href":"https:\/\/www.europesays.com\/es\/wp-json\/wp\/v2\/tags?post=187326"}],"curies":[{"name":"wp","href":"https:\/\/api.w.org\/{rel}","templated":true}]}}