{"id":187328,"date":"2025-10-19T14:51:09","date_gmt":"2025-10-19T14:51:09","guid":{"rendered":"https:\/\/www.europesays.com\/es\/187328\/"},"modified":"2025-10-19T14:51:09","modified_gmt":"2025-10-19T14:51:09","slug":"la-feria-del-libro-antiguo-y-de-ocasion-registra-la-mejor-edicion-del-siglo-por-las-ventas-y-publico","status":"publish","type":"post","link":"https:\/\/www.europesays.com\/es\/187328\/","title":{"rendered":"La Feria del Libro Antiguo y de Ocasi\u00f3n registra la \u00abmejor edici\u00f3n del siglo\u00bb por las ventas y p\u00fablico"},"content":{"rendered":"<p class=\"ft-text\">El <a class=\"ft-link ft-link--decoration\" href=\"https:\/\/www.elcorreoweb.es\/tags\/ayuntamiento-de-sevilla\/\" rel=\"nofollow noopener\" target=\"_blank\">Ayuntamiento de Sevilla<\/a>, a trav\u00e9s del <strong>\u00c1rea de Turismo y Cultura<\/strong>, ha celebrado el \u00e9xito sin precedentes de la <a class=\"ft-link ft-link--decoration\" href=\"https:\/\/www.elcorreoweb.es\/cultura\/2025\/09\/25\/homenaje-rivero-taravillo-abre-feria-121955948.html\" rel=\"nofollow noopener\" target=\"_blank\">Feria del Libro Antiguo y de Ocasi\u00f3n de Sevilla (FLAO)<\/a>, que ha cerrado su \u00faltima edici\u00f3n como <strong>la mejor de lo que va de siglo<\/strong>. Seg\u00fan la <strong>Asociaci\u00f3n de Amigos del <\/strong><a class=\"ft-link ft-link--decoration\" href=\"https:\/\/www.elcorreoweb.es\/cultura\/2025\/09\/25\/despedida-rivero-taravillo-pregon-inaugural-121891614.html\" rel=\"nofollow noopener\" target=\"_blank\">Libro Antiguo de Sevilla<\/a>, organizadora del evento, la cita ha superado todas las expectativas, con un notable incremento tanto en <strong>ventas<\/strong> como en <strong>asistencia de p\u00fablico<\/strong>, consolid\u00e1ndose como una referencia nacional en el \u00e1mbito del libro antiguo.<\/p>\n<p class=\"ft-text\">En una nota de prensa, la Administraci\u00f3n local ha detallado que la cita se consolida como \u00abla tercera feria m\u00e1s importante del pa\u00eds en su sector, tanto por su volumen de ventas como por su repercusi\u00f3n cultural y la afluencia de p\u00fablico\u00bb.<\/p>\n<p>Ubicaci\u00f3n estrat\u00e9gica y nuevas fechas<\/p>\n<p class=\"ft-text\">El adelanto de las fechas y la ubicaci\u00f3n en la <strong>Plaza de San Francisco<\/strong>, estrenada en la pasada edici\u00f3n, han sido \u00abclaves\u00bb para alcanzar \u00ablas mejores cifras de asistencia y ventas de los \u00faltimos tiempos\u00bb, seg\u00fan el balance de la organizaci\u00f3n, que tambi\u00e9n ha destacado el \u00abinter\u00e9s creciente\u00bb del p\u00fablico joven por el <strong>libro antiguo y de colecci\u00f3n<\/strong>.<\/p>\n<p class=\"ft-text\">La delegada de Turismo y Cultura, <strong>Angie Moreno<\/strong>, ha considerado que esta feria es \u00abuna de las citas culturales m\u00e1s queridas por los sevillanos\u00bb y una \u00abse\u00f1a de identidad de nuestra agenda literaria\u00bb, y ha destacado que el apoyo del <strong>Ayuntamiento de Sevilla<\/strong> es \u00abuna apuesta por la cultura, por la lectura y por la memoria literaria de Sevilla\u00bb.<\/p>\n<p>Participaci\u00f3n nacional y oferta editorial<\/p>\n<p class=\"ft-text\">En concreto, esta edici\u00f3n n\u00famero 48 ha reunido en la Plaza de San Francisco a <strong>22 expositores procedentes de toda Espa\u00f1a<\/strong>, que desde el pasado <strong>29 de septiembre<\/strong> han ofrecido una \u00abselecta\u00bb muestra de <strong>libros antiguos<\/strong>, <strong>curiosos<\/strong> y <strong>descatalogados<\/strong>, junto con <strong>revistas<\/strong>, <strong>mapas<\/strong>, <strong>cartograf\u00eda<\/strong>, <strong>carteles antiguos<\/strong> y otras piezas de <strong>coleccionismo<\/strong>.<\/p>\n<p class=\"ft-text\">Adem\u00e1s, la <strong>FLAO<\/strong> ha contado con un \u00abamplio\u00bb programa de <strong>actividades paralelas gratuitas<\/strong> que ha registrado una \u00abexcelente\u00bb respuesta de p\u00fablico, entre las que han destacado las visitas guiadas a los fondos antiguos de la <strong>Biblioteca de la Universidad de Sevilla<\/strong>, la <strong>Biblioteca Colombina<\/strong> y la <strong>Real Academia Sevillana de Buenas Letras<\/strong>.<\/p>\n<p class=\"ft-text\">Asimismo, tambi\u00e9n ha catalogado como \u00abun \u00e9xito\u00bb los <strong>cuentacuentos del narrador Carloco<\/strong>, \u00abespecialmente\u00bb en los fines de semana, y la <strong>exposici\u00f3n fotogr\u00e1fica<\/strong> instalada en las propias casetas.<\/p>\n<p>Experiencia cultural, educativa y emocional<\/p>\n<p class=\"ft-text\">Adem\u00e1s de la oferta cultural, Moreno ha se\u00f1alado que las actividades complementarias \u00bb contribuyen a que la feria sea \u00abuna experiencia cultural, educativa y emocional\u00bb que conecta a \u00abgeneraciones distintas en torno a la lectura\u00bb.<\/p>\n<p class=\"ft-text\">Uno de los momentos \u00abm\u00e1s emotivos\u00bb de esta edici\u00f3n ha sido el <strong>homenaje al escritor, poeta y traductor Antonio Rivero Taravillo<\/strong>, quien iba a pronunciar el preg\u00f3n inaugural y cuya publicaci\u00f3n, editada por la feria, se ha agotado.<\/p>\n<p class=\"ft-text\">Tambi\u00e9n ha destacado la participaci\u00f3n de la feria en <strong>La Noche en Blanco<\/strong>, organizada por la asociaci\u00f3n <strong>sevillasemueve<\/strong>, el pasado 3 de octubre, cuando las casetas permanecieron abiertas hasta la 1,00 de la madrugada, recibiendo una \u00abgran afluencia\u00bb de visitantes.<\/p>\n<p class=\"ft-text\">Asimismo, durante la cita se present\u00f3 un volumen editado por la feria que re\u00fane &#8216;La vida imaginada&#8217; y &#8216;El mapa del lector de poes\u00eda&#8217;, de <strong>Jes\u00fas Marchamalo<\/strong>, con ilustraciones de <strong>Juan Vidaurre<\/strong> y pr\u00f3logos de <strong>Luis Mateo D\u00edez<\/strong> y <strong>Antonio Colinas<\/strong>, en un acto que cont\u00f3 con la participaci\u00f3n del propio Marchamalo y del escritor <strong>Jes\u00fas Carrasco<\/strong>.<\/p>\n<p class=\"ft-text\">El director de la Feria, <strong>Jos\u00e9 Manuel Quesada<\/strong>, ha valorado el inter\u00e9s de los libreros por hacer de Sevilla el \u00abpunto de encuentro de los amantes del libro antiguo, mirando al futuro con confianza y con ganas de seguir mejorando\u00bb, y ha insistido en \u00abla importancia del apoyo institucional para garantizar no solo la continuidad del evento, sino su crecimiento y su proyecci\u00f3n\u00bb.<\/p>\n<p class=\"ft-text\">Por su parte, Moreno ha afirmado que el <strong>Ayuntamiento<\/strong> seguir\u00e1 \u00abrespaldando esta feria\u00bb, porque es \u00abparte esencial de nuestro <strong>patrimonio cultural<\/strong>\u00bb y una cita que \u00absit\u00faa a <strong>Sevilla<\/strong> entre las grandes capitales del libro de <strong>Espa\u00f1a<\/strong>\u00ab.<\/p>\n","protected":false},"excerpt":{"rendered":"El Ayuntamiento de Sevilla, a trav\u00e9s del \u00c1rea de Turismo y Cultura, ha celebrado el \u00e9xito sin precedentes&hellip;\n","protected":false},"author":2,"featured_media":187329,"comment_status":"","ping_status":"","sticky":false,"template":"","format":"standard","meta":{"footnotes":""},"categories":[172],"tags":[22101,224,146,147,25,24,599,52641,1496,225,41433,2269,23],"class_list":{"0":"post-187328","1":"post","2":"type-post","3":"status-publish","4":"format-standard","5":"has-post-thumbnail","7":"category-libros","8":"tag-antiguo","9":"tag-books","10":"tag-entertainment","11":"tag-entretenimiento","12":"tag-es","13":"tag-espana","14":"tag-feria","15":"tag-feria-del-libro-antiguo","16":"tag-libro","17":"tag-libros","18":"tag-ocasion","19":"tag-registra","20":"tag-spain"},"share_on_mastodon":{"url":"","error":""},"_links":{"self":[{"href":"https:\/\/www.europesays.com\/es\/wp-json\/wp\/v2\/posts\/187328","targetHints":{"allow":["GET"]}}],"collection":[{"href":"https:\/\/www.europesays.com\/es\/wp-json\/wp\/v2\/posts"}],"about":[{"href":"https:\/\/www.europesays.com\/es\/wp-json\/wp\/v2\/types\/post"}],"author":[{"embeddable":true,"href":"https:\/\/www.europesays.com\/es\/wp-json\/wp\/v2\/users\/2"}],"replies":[{"embeddable":true,"href":"https:\/\/www.europesays.com\/es\/wp-json\/wp\/v2\/comments?post=187328"}],"version-history":[{"count":0,"href":"https:\/\/www.europesays.com\/es\/wp-json\/wp\/v2\/posts\/187328\/revisions"}],"wp:featuredmedia":[{"embeddable":true,"href":"https:\/\/www.europesays.com\/es\/wp-json\/wp\/v2\/media\/187329"}],"wp:attachment":[{"href":"https:\/\/www.europesays.com\/es\/wp-json\/wp\/v2\/media?parent=187328"}],"wp:term":[{"taxonomy":"category","embeddable":true,"href":"https:\/\/www.europesays.com\/es\/wp-json\/wp\/v2\/categories?post=187328"},{"taxonomy":"post_tag","embeddable":true,"href":"https:\/\/www.europesays.com\/es\/wp-json\/wp\/v2\/tags?post=187328"}],"curies":[{"name":"wp","href":"https:\/\/api.w.org\/{rel}","templated":true}]}}