{"id":187330,"date":"2025-10-19T14:52:15","date_gmt":"2025-10-19T14:52:15","guid":{"rendered":"https:\/\/www.europesays.com\/es\/187330\/"},"modified":"2025-10-19T14:52:15","modified_gmt":"2025-10-19T14:52:15","slug":"las-entranables-imagenes-del-exconcursante-de-operacion-triunfo-junto-a-su-bebe","status":"publish","type":"post","link":"https:\/\/www.europesays.com\/es\/187330\/","title":{"rendered":"las entra\u00f1ables im\u00e1genes del exconcursante de &#8216;Operaci\u00f3n Triunfo&#8217; junto a su beb\u00e9"},"content":{"rendered":"<p id=\"e4LrlzHPy0\" data-wc=\"64\"><strong>En Carlos Right no puede estar m\u00e1s contento<\/strong>. El exconcursante de Operaci\u00f3n Triunfo, concretamente de la edici\u00f3n de 2018, ha formado una preciosa familia junto a Claudia Torregrosa, la modelo con la que se cas\u00f3 en 2024 tras cuatro a\u00f1os de relaci\u00f3n, y de cuya boda \u00a1HOLA! fue testigo directo. Tiempo despu\u00e9s del &#8216;s\u00ed, quiero&#8217; lleg\u00f3 la feliz noticia: <strong>un beb\u00e9 estaba en camino<\/strong>.\u00a0<\/p>\n<p> <img src=\"https:\/\/www.europesays.com\/es\/wp-content\/uploads\/2025\/10\/b6863c6fd435-snapinstato567358905182951870.jpg\"   width=\"775\" height=\"1024\" loading=\"lazy\" decoding=\"async\" alt=\"Carlos Right, exconcursante de 'OT 2018', celebra los tres primeros meses de su beb\u00e9 \" fetchpriority=\"auto\" class=\"image ho-image\"\/>\u00a9 @carlosrightCarlos Right, exconcursante de &#8216;OT 2018&#8217;, celebra los tres primeros meses de su beb\u00e9 <\/p>\n<p id=\"eF70Ae0gZ-I\" data-wc=\"118\">Cuatro meses despu\u00e9s de su boda, <a class=\"hm-link ho-link\" href=\"https:\/\/www.hola.com\/actualidad\/20250107739496\/carlos-right-ot-padre\/\" data-mrf-recirculation=\"article-body-link\" rel=\"nofollow noopener\" target=\"_blank\">la feliz pareja anunciaba que estaban esperando su primer hijo, que naci\u00f3 el pasado 23 de julio<\/a>. Un a\u00f1o despu\u00e9s de su enlace, su peque\u00f1o ya ha cumplido 3 meses, una efem\u00e9ride emotiva que Carlos ha querido compartir en sus redes sociales: <strong>\u00abFelices 3 meses hijo\u00bb<\/strong>, ha expresado junto a un carrusel de im\u00e1genes en las que se le puede ver de lo m\u00e1s cari\u00f1oso junto al reci\u00e9n nacido. Levantando al peque\u00f1o al aire, Carlos muestra la complicidad que tiene con su primer hijo en estas fotos de lo m\u00e1s especiales. El entorno no puede ser m\u00e1s id\u00edlico, pues est\u00e1n rodeados de bosques, \u00e1rboles y de un ambiente de lo m\u00e1s oto\u00f1al.\u00a0<\/p>\n<p> <img src=\"https:\/\/www.europesays.com\/es\/wp-content\/uploads\/2025\/10\/924be3de3f52-snapinstato566698683182951870.jpg\"   width=\"776\" height=\"1024\" loading=\"lazy\" decoding=\"async\" alt=\"Carlos Right, exconcursante de 'OT 2018', celebra los tres primeros meses de su beb\u00e9 \" fetchpriority=\"auto\" class=\"image ho-image\"\/>\u00a9 @carlosright<\/p>\n<p> <img src=\"https:\/\/www.europesays.com\/es\/wp-content\/uploads\/2025\/10\/a161fb3b3b44-snapinstato568661242182951870.jpg\"   width=\"776\" height=\"1024\" loading=\"lazy\" decoding=\"async\" alt=\"Carlos Right, exconcursante de 'OT 2018', celebra los tres primeros meses de su beb\u00e9 \" fetchpriority=\"auto\" class=\"image ho-image\"\/>\u00a9 @carlosright<\/p>\n<p> <img src=\"https:\/\/www.europesays.com\/es\/wp-content\/uploads\/2025\/10\/5d24fae678de-snapinstato569029709182951870322835391199794989433564703n.jpg\"   width=\"776\" height=\"1024\" loading=\"lazy\" decoding=\"async\" alt=\"Media Image\" fetchpriority=\"auto\" class=\"image ho-image\"\/>\u00a9 @carlosright<\/p>\n<p data-wc=\"102\" id=\"eISMH9_y9w\">Carlos y Claudia, que <a class=\"hm-link ho-link\" href=\"https:\/\/www.hola.com\/actualidad\/20230826237774\/cantante-carlos-right-y-modelo-influencer-claudia-torregrosa-se-casan\/\" data-mrf-recirculation=\"article-body-link\" rel=\"nofollow noopener\" target=\"_blank\">se comprometieron en agosto de 2023<\/a>, viven juntos desde hace ya tiempo junto a su mascota, y ahora su beb\u00e9, en una casa que se compr\u00f3 \u00e9l. Su relaci\u00f3n comenz\u00f3 poco despu\u00e9s de la ruptura del cantante con <a class=\"hm-link ho-link\" href=\"https:\/\/www.hola.com\/actualidad\/20190717145973\/carlos-right-julia-ot-video-juntos\/\" data-mrf-recirculation=\"article-body-link\" rel=\"nofollow noopener\" target=\"_blank\">Julia Medina, su compa\u00f1era de\u00a0OT<\/a> y participante de Tu cara me suena. Para el d\u00eda de su boda, la pareja escogi\u00f3 un escenario muy especial como es Can Sabat\u00e9, finca r\u00fastica de procedencia medieval del siglo XII. Con vistas al monte de Montserrat, este enclave de indudable valor arquitect\u00f3nico se sit\u00faa a unos 40 minutos en coche de Barcelona.<\/p>\n<p> <img src=\"https:\/\/www.europesays.com\/es\/wp-content\/uploads\/2025\/10\/b7bdd0d64ad2-boda-claudia.jpg\"   width=\"878\" height=\"1024\" loading=\"lazy\" decoding=\"async\" alt=\"Plano entero de La boda de Carlos Right con Claudia Torregrosa\" fetchpriority=\"auto\" class=\"image ho-image\"\/>\u00a9 claudiatorregrosa_La boda de Carlos Right con Claudia Torregrosa<\/p>\n<p data-wc=\"54\" id=\"ebxuC1nUy1vR\">Rodeados de sus familiares y amigos, <strong>su enlace supuso una fecha que jam\u00e1s olvidar\u00e1n y que estuvo repleta de momentos<\/strong> verdaderamente emotivos y rom\u00e1nticos. Entre los invitados se encontraba, adem\u00e1s, Dave Zulueta, uno de sus compa\u00f1eros de micro y confidencias en la edici\u00f3n del talent show en la que Carlos particip\u00f3, la de 2018.\u00a0<\/p>\n<p> <img src=\"https:\/\/www.europesays.com\/es\/wp-content\/uploads\/2025\/10\/30a4a2a2bea7-snapinstato522132646185230544740279912484457957021945415n.jpg\"   width=\"821\" height=\"1024\" loading=\"lazy\" decoding=\"async\" alt=\"Carlos Right y Claudia Torregrosa dieron la bienvenida a su primer beb\u00e9 juntos el pasado mes de julio\" fetchpriority=\"auto\" class=\"image ho-image\"\/>\u00a9 @carlosrightCarlos Right y Claudia Torregrosa dieron la bienvenida a su primer beb\u00e9 juntos el pasado mes de julio<\/p>\n<p> <img src=\"https:\/\/www.europesays.com\/es\/wp-content\/uploads\/2025\/10\/c548c17de5a1-snapinstato523828643185230545100279917996406479421384413n.jpg\"   width=\"826\" height=\"1024\" loading=\"lazy\" decoding=\"async\" alt=\"Carlos Right y Claudia Torregrosa dieron la bienvenida a su primer beb\u00e9 juntos el pasado mes de julio\" fetchpriority=\"auto\" class=\"image ho-image\"\/>\u00a9 @carlosright<br \/>\nSu adi\u00f3s a la m\u00fasica<\/p>\n<p data-wc=\"74\" id=\"eQA6ZjOvWU\">En julio de 2023, <a class=\"hm-link ho-link\" href=\"https:\/\/www.hola.com\/actualidad\/20230704235160\/carlos-right-ot-anuncia-que-se-retira-de-la-musica\/\" data-mrf-recirculation=\"article-body-link\" rel=\"nofollow noopener\" target=\"_blank\"><strong>Carlos Right sorprend\u00eda a los seguidores de Operaci\u00f3n Triunfo al anunciar que dejaba la m\u00fasica<\/strong><\/a>. Con una emotiva carta, el por aquel entonces cantante se abr\u00eda en canal para expresar lo que hab\u00eda sentido tras su paso por el concurso, as\u00ed como las dificultades que tuvo que afrontar en la siempre complicada y competitiva industria musical.\u00a0<\/p>\n<p data-wc=\"60\" id=\"eug1yPojVtp\">\u201cOs quiero contar que dejo la industria musical. Un mundo en el que met\u00ed hace cinco a\u00f1os, sin saber nada de \u00e9l, cometiendo mil errores, siendo inocente y dej\u00e1ndome llevar. <strong>Un mundo que, a pesar de que me ha dado personas maravillosas, tambi\u00e9n me ha hecho mucho da\u00f1o y no va conmigo<\/strong>. Por eso, hoy me despido de \u00e9l\u00bb, admit\u00eda.\u00a0<\/p>\n<p> <img src=\"https:\/\/www.europesays.com\/es\/wp-content\/uploads\/2025\/10\/05b54533c26d-carlos-rigth-ig-t.jpg\"   width=\"1024\" height=\"614\" loading=\"lazy\" decoding=\"async\" alt=\"carlos rigth ig\" fetchpriority=\"auto\" class=\"image ho-image\"\/>\u00a9 carlosright<\/p>\n<p data-wc=\"85\" id=\"eQ1oeK8u8x\">\u201c<strong>Quiero que sep\u00e1is que me siento muy orgulloso de todo lo que hemos conseguido juntos<\/strong>; hemos hecho una gira preciosa por toda Espa\u00f1a, os he conocido, hemos cantado juntos, hemos conseguido n\u00fameros que nunca imagin\u00e9, hemos sonado en radio con cada single\u2026 Yo he cumplido un sue\u00f1o y vosotrxs estabais en \u00e9l. Y veo que lo que viene ahora no me va a hacer tan feliz como lo he sido, porque hay cosas que yo no puedo controlar y no est\u00e1n en mis manos\u201d, admit\u00eda.<\/p>\n","protected":false},"excerpt":{"rendered":"En Carlos Right no puede estar m\u00e1s contento. El exconcursante de Operaci\u00f3n Triunfo, concretamente de la edici\u00f3n de&hellip;\n","protected":false},"author":2,"featured_media":187331,"comment_status":"","ping_status":"","sticky":false,"template":"","format":"standard","meta":{"footnotes":""},"categories":[171],"tags":[517,146,147,25,24,222,23,214],"class_list":{"0":"post-187330","1":"post","2":"type-post","3":"status-publish","4":"format-standard","5":"has-post-thumbnail","7":"category-tv","8":"tag-actualidad","9":"tag-entertainment","10":"tag-entretenimiento","11":"tag-es","12":"tag-espana","13":"tag-operacion-triunfo","14":"tag-spain","15":"tag-tv"},"share_on_mastodon":{"url":"","error":""},"_links":{"self":[{"href":"https:\/\/www.europesays.com\/es\/wp-json\/wp\/v2\/posts\/187330","targetHints":{"allow":["GET"]}}],"collection":[{"href":"https:\/\/www.europesays.com\/es\/wp-json\/wp\/v2\/posts"}],"about":[{"href":"https:\/\/www.europesays.com\/es\/wp-json\/wp\/v2\/types\/post"}],"author":[{"embeddable":true,"href":"https:\/\/www.europesays.com\/es\/wp-json\/wp\/v2\/users\/2"}],"replies":[{"embeddable":true,"href":"https:\/\/www.europesays.com\/es\/wp-json\/wp\/v2\/comments?post=187330"}],"version-history":[{"count":0,"href":"https:\/\/www.europesays.com\/es\/wp-json\/wp\/v2\/posts\/187330\/revisions"}],"wp:featuredmedia":[{"embeddable":true,"href":"https:\/\/www.europesays.com\/es\/wp-json\/wp\/v2\/media\/187331"}],"wp:attachment":[{"href":"https:\/\/www.europesays.com\/es\/wp-json\/wp\/v2\/media?parent=187330"}],"wp:term":[{"taxonomy":"category","embeddable":true,"href":"https:\/\/www.europesays.com\/es\/wp-json\/wp\/v2\/categories?post=187330"},{"taxonomy":"post_tag","embeddable":true,"href":"https:\/\/www.europesays.com\/es\/wp-json\/wp\/v2\/tags?post=187330"}],"curies":[{"name":"wp","href":"https:\/\/api.w.org\/{rel}","templated":true}]}}