{"id":187344,"date":"2025-10-19T15:00:13","date_gmt":"2025-10-19T15:00:13","guid":{"rendered":"https:\/\/www.europesays.com\/es\/187344\/"},"modified":"2025-10-19T15:00:13","modified_gmt":"2025-10-19T15:00:13","slug":"israel-bombardea-el-sur-y-centro-de-gaza-tras-acusar-a-hamas-de-violar-el-alto-el-fuego-internacional","status":"publish","type":"post","link":"https:\/\/www.europesays.com\/es\/187344\/","title":{"rendered":"Israel bombardea el sur y centro de Gaza tras acusar a Ham\u00e1s de violar el alto el fuego | Internacional"},"content":{"rendered":"<p class=\"\">El estado de salud de <a href=\"https:\/\/elpais.com\/internacional\/2025-10-12\/el-alto-el-fuego-en-gaza-se-enfrenta-a-su-primera-gran-prueba.html\" target=\"_self\" rel=\"nofollow noopener\" title=\"https:\/\/elpais.com\/internacional\/2025-10-12\/el-alto-el-fuego-en-gaza-se-enfrenta-a-su-primera-gran-prueba.html\">la tregua que rige sobre la franja de Gaza<\/a> desde la semana pasada empeora por momentos. Las Fuerzas A\u00e9reas de Israel han llevado a cabo en la ma\u00f1ana de este domingo bombardeos contra la milicia Ham\u00e1s en Rafah, en el sur del enclave. El ej\u00e9rcito israel\u00ed ha afirmado en un comunicado que combatientes palestinos hab\u00edan abierto fuego con \u201cmisiles antitanque\u201d contra tropas israel\u00edes en la zona, y ha asegurado que la ofensiva es una respuesta a lo que ha descrito como una violaci\u00f3n \u201cflagrante\u201d del alto el fuego. Posteriormente, Israel tambi\u00e9n ha bombardeado Yabalia, en el norte del enclave, y Deir el Balah, en el centro.<\/p>\n<p class=\"\">El primer ministro israel\u00ed, Benjam\u00edn Netanyahu, ha emitido una nota en la que asegura que ha ordenado una \u201crespuesta contundente\u201d contra \u201cobjetivos terroristas\u201d. El anuncio de Netanyahu llega despu\u00e9s de una reuni\u00f3n que el jefe de Gobierno israel\u00ed ha mantenido con el ministro de Defensa, Israel Katz, y con algunos l\u00edderes del ej\u00e9rcito para evaluar la situaci\u00f3n y decidir c\u00f3mo responder, seg\u00fan la televisi\u00f3n israel\u00ed Canal 12.<\/p>\n<p class=\"\">Se desconoce por el momento el balance de muertos y heridos del ataque en Rafah. Un comunicado del Ministerio de Salud gazat\u00ed a primera hora de la tarde asegura que ocho gazat\u00edes han muerto durante las \u00faltimas 24 horas, pero no detalla cu\u00e1les de esas muertes est\u00e1n relacionadas con los \u00faltimos bombardeos israel\u00edes.<\/p>\n<p class=\"\"><a href=\"https:\/\/www.aljazeera.com\/news\/liveblog\/2025\/10\/19\/live-israel-continues-deadly-attacks-on-gaza-closes-rafah-crossing\" target=\"_self\" rel=\"nofollow noopener\" title=\"https:\/\/www.aljazeera.com\/news\/liveblog\/2025\/10\/19\/live-israel-continues-deadly-attacks-on-gaza-closes-rafah-crossing\">La televisi\u00f3n catar\u00ed Al Jazeera ha informado<\/a> de la detonaci\u00f3n de explosivos en Rafah que han ocasionado heridas a varios soldados israel\u00edes, tras lo que el ej\u00e9rcito israel\u00ed ha respondido con al menos tres ataques distintos, <a href=\"https:\/\/www.alarabiya.net\/\" target=\"_self\" rel=\"nofollow noopener\" title=\"https:\/\/www.alarabiya.net\/\">seg\u00fan la cadena saud\u00ed Al Arabiya<\/a>. De manera simult\u00e1nea, el ej\u00e9rcito israel\u00ed tambi\u00e9n ha lanzado un ataque en Yabalia, donde la agencia de noticias palestina WAFA informa de dos muertes, sin especificar si son civiles o militantes, y de varios heridos. El ataque en Deir el Balah ha causado tres v\u00edctimas mortales, seg\u00fan la prensa israel\u00ed.<\/p>\n<p class=\"\">Estos sucesos suponen una escalada b\u00e9lica que hace temblar la precaria tregua iniciada el pasado 11 de octubre. Desde ese momento y hasta este s\u00e1bado, Israel hab\u00eda matado a una treintena de gazat\u00edes en incidentes principalmente relacionados con el acercamiento hacia la l\u00ednea amarilla \u2014donde Israel ha anunciado que levantar\u00e1 vallas\u2014, que determina el territorio de la Franja hacia donde las tropas israel\u00edes se replegaron tras el acuerdo de paz sellado en Egipto. <\/p>\n<p class=\"\">El ultraderechista ministro de Seguridad Nacional de Israel, Itamar Ben Gvir, ha exigido que el ej\u00e9rcito israel\u00ed retome \u201clos combates a gran escala\u201d en Gaza. \u201cLa falsa creencia de que Ham\u00e1s cumplir\u00e1 el acuerdo de alto el fuego es peligrosa para nuestra seguridad\u201d, ha esgrimido en un comunicado. <\/p>\n<p class=\"\">Ham\u00e1s ha salido al paso asegurando que est\u00e1 comprometido con la tregua. As\u00ed lo ha subrayado Izzat al Risheq, miembro de la organizaci\u00f3n, en una declaraci\u00f3n en la que no hace menci\u00f3n a los incidentes en Rafah y en la que acusa a Israel de buscar \u201cpretextos para sus cr\u00edmenes\u201d y de \u201cintentar eludir\u201d la presi\u00f3n de los mediadores. El s\u00e1bado, Ham\u00e1s cifr\u00f3 en 47 las supuestas violaciones israel\u00edes del alto el fuego.<\/p>\n<p><img decoding=\"auto\" class=\"_re lazyload a_m-h\" height=\"276\"  width=\"414\"  src=\"https:\/\/www.europesays.com\/es\/wp-content\/uploads\/2025\/10\/ZXOZAQIVMRCPLG7D5WHDUNWHVM.jpg\" loading=\"lazy\"\/>Palestinas lloran ante los cuerpos de sus familiares, muertos por los ataques israel\u00edes, en el hospital Al Aqsa en Deir al Balah, este domingo.Abdel Kareem Hana (AP)Estancados en la primera fase<\/p>\n<p class=\"\">Lo cierto es que ambas partes acusan a la otra de incumplir la tregua. Las autoridades israel\u00edes difunden <a href=\"https:\/\/elpais.com\/internacional\/2025-10-19\/el-retraso-de-la-primera-fase-de-la-paz-en-gaza-diluye-el-optimismo-del-alto-el-fuego.html\" target=\"_self\" rel=\"nofollow noopener\" title=\"https:\/\/elpais.com\/internacional\/2025-10-19\/el-retraso-de-la-primera-fase-de-la-paz-en-gaza-diluye-el-optimismo-del-alto-el-fuego.html\">la idea de que Ham\u00e1s retiene cuerpos sin vida de rehenes que podr\u00eda devolver a Israel de manera inmediata<\/a>, algo que el movimiento palestino niega, argumentando que la devastaci\u00f3n en el enclave dificulta la b\u00fasqueda de los restos. <\/p>\n<p class=\"\">Este domingo, Israel ha confirmado la identidad de dos rehenes m\u00e1s \u2014el israel\u00ed, Ronen Engel, y el tailand\u00e9s Sonthaya Oakkharasri\u2014 cuyos cad\u00e1veres devolvi\u00f3 Ham\u00e1s la noche del s\u00e1bado. La milicia todav\u00eda tiene que entregar 16 de los 28 rehenes fallecidos desde octubre de 2023.<\/p>\n<p class=\"\">En un giro discursivo de 180 grados, la Casa Blanca emiti\u00f3 un comunicado en la noche del s\u00e1bado denunciando la existencia de \u201cinformaciones cre\u00edbles\u201d que indican \u201cuna violaci\u00f3n inminente del acuerdo de alto el fuego por parte de Ham\u00e1s contra la gente de Gaza\u201d. El texto hace referencia a la represi\u00f3n que Ham\u00e1s ha llevado a cabo desde el inicio de la tregua contra otros clanes armados en la Franja a los que acusa de colaborar con Israel, que ha incluido la ejecuci\u00f3n o el asesinato de al menos 30 personas, seg\u00fan el medio israel\u00ed The Jerusalem Post. <\/p>\n<p class=\"\">El comunicado advierte de que \u201csi Ham\u00e1s procede con este ataque\u201d, Estados Unidos tomar\u00e1 a cabo medidas \u201cpara proteger al pueblo de Gaza y preservar la integridad del alto el fuego\u201d. El martes, en un mensaje opuesto, el presidente estadounidense, Donald Trump, afirm\u00f3 que \u201clas ejecuciones de algunos miembros\u201d de unas pandillas no le importaban demasiado. <\/p>\n<p class=\"\">Ham\u00e1s ha rechazado este domingo las acusaciones de Estados Unidos y ha asegurado que \u201clo que Washington describe como civiles\u201d son en realidad \u201cmilicias financiadas por Israel\u201d con la misi\u00f3n de esparcir el caos en el enclave. El portal Axios ha informado de que la Casa Blanca prev\u00e9 enviar a Israel el lunes o el martes una delegaci\u00f3n dirigida por el vicepresidente, J.D. Vance, para apuntalar la aplicaci\u00f3n de la tregua y lograr que avance hacia su segunda fase. El enviado especial de Washington en la regi\u00f3n, Steve Witkoff, y el asesor y yerno de Trump, Jared Kuhsner, ser\u00e1n parte de la delegaci\u00f3n.<\/p>\n<p>Presi\u00f3n a Netanyahu<\/p>\n<p class=\"\">La reuni\u00f3n que Netanyahu ha mantenido este domingo para decidir los bombardeos sobre la Franja ha tenido lugar mientras distintos l\u00edderes de la oposici\u00f3n israel\u00ed presentaban un documento que exige que el fin de la guerra en Gaza suponga acabar con las \u201cexcusas\u201d para que el Gobierno de Israel se enfrente a la justicia por el fracaso en la estrategia de seguridad durante el ataque masivo de Ham\u00e1s del 7 de octubre de 2023. <\/p>\n<p class=\"\">El comunicado, presentado ante el presidente del Parlamento, llama a la convocatoria de lo que en Israel se conoce como \u201cel debate de las 40 firmas\u201d, una sesi\u00f3n plenaria que la oposici\u00f3n puede convocar una vez al mes y que el primer ministro est\u00e1 legalmente obligado a asistir. En este caso, la oposici\u00f3n pide un debate para establecer una comisi\u00f3n estatal de investigaci\u00f3n que rinda cuentas sobre los dirigentes del pa\u00eds. \u201cCon el fin de la guerra, ya no hay m\u00e1s excusas\u201d, dice el texto. \u201cEs imperativo establecer una comisi\u00f3n que examine los fallos [de las autoridades] y que restablezca la confianza de la poblaci\u00f3n [hacia la clase pol\u00edtica]\u201d.<\/p>\n<p class=\"\">El apoyo a la creaci\u00f3n de dicha comisi\u00f3n es mayoritario en Israel. Una encuesta llevada a cabo a finales de septiembre por parte de un centro asociado al Instituto Israel\u00ed de la Democracia reflejaba que un 74% de la poblaci\u00f3n aprueba la medida. La misma encuesta indicaba que el 64% de los israel\u00edes cree que Netanyahu deber\u00eda dimitir adem\u00e1s de enfrentarse a la justicia.<\/p>\n","protected":false},"excerpt":{"rendered":"El estado de salud de la tregua que rige sobre la franja de Gaza desde la semana pasada&hellip;\n","protected":false},"author":2,"featured_media":187345,"comment_status":"","ping_status":"","sticky":false,"template":"","format":"standard","meta":{"footnotes":""},"categories":[42],"tags":[17,18,68,70,71,72,13,14,73,69,75,11,61,62,63,64,74,19,20,9,10,15,16,77,76,12,21,22,65,66,67],"class_list":{"0":"post-187344","1":"post","2":"type-post","3":"status-publish","4":"format-standard","5":"has-post-thumbnail","7":"category-internacional","8":"tag-breaking-news","9":"tag-breakingnews","10":"tag-conflicto-arabe-israeli","11":"tag-conflictos","12":"tag-conflictos-armados","13":"tag-conflictos-internacionales","14":"tag-featured-news","15":"tag-featurednews","16":"tag-franja-gaza","17":"tag-guerra","18":"tag-hamas","19":"tag-headlines","20":"tag-internacional","21":"tag-international","22":"tag-international-news","23":"tag-internationalnews","24":"tag-israel","25":"tag-latest-news","26":"tag-latestnews","27":"tag-news","28":"tag-noticias","29":"tag-noticias-destacadas","30":"tag-noticiasdestacadas","31":"tag-oriente-proximo","32":"tag-palestina","33":"tag-titulares","34":"tag-ultimas-noticias","35":"tag-ultimasnoticias","36":"tag-world","37":"tag-world-news","38":"tag-worldnews"},"share_on_mastodon":{"url":"","error":""},"_links":{"self":[{"href":"https:\/\/www.europesays.com\/es\/wp-json\/wp\/v2\/posts\/187344","targetHints":{"allow":["GET"]}}],"collection":[{"href":"https:\/\/www.europesays.com\/es\/wp-json\/wp\/v2\/posts"}],"about":[{"href":"https:\/\/www.europesays.com\/es\/wp-json\/wp\/v2\/types\/post"}],"author":[{"embeddable":true,"href":"https:\/\/www.europesays.com\/es\/wp-json\/wp\/v2\/users\/2"}],"replies":[{"embeddable":true,"href":"https:\/\/www.europesays.com\/es\/wp-json\/wp\/v2\/comments?post=187344"}],"version-history":[{"count":0,"href":"https:\/\/www.europesays.com\/es\/wp-json\/wp\/v2\/posts\/187344\/revisions"}],"wp:featuredmedia":[{"embeddable":true,"href":"https:\/\/www.europesays.com\/es\/wp-json\/wp\/v2\/media\/187345"}],"wp:attachment":[{"href":"https:\/\/www.europesays.com\/es\/wp-json\/wp\/v2\/media?parent=187344"}],"wp:term":[{"taxonomy":"category","embeddable":true,"href":"https:\/\/www.europesays.com\/es\/wp-json\/wp\/v2\/categories?post=187344"},{"taxonomy":"post_tag","embeddable":true,"href":"https:\/\/www.europesays.com\/es\/wp-json\/wp\/v2\/tags?post=187344"}],"curies":[{"name":"wp","href":"https:\/\/api.w.org\/{rel}","templated":true}]}}