{"id":187350,"date":"2025-10-19T15:03:12","date_gmt":"2025-10-19T15:03:12","guid":{"rendered":"https:\/\/www.europesays.com\/es\/187350\/"},"modified":"2025-10-19T15:03:12","modified_gmt":"2025-10-19T15:03:12","slug":"petar-cikusa-ve-la-luz-despues-de-una-pesadilla","status":"publish","type":"post","link":"https:\/\/www.europesays.com\/es\/187350\/","title":{"rendered":"Petar Cikusa ve la luz despu\u00e9s de una pesadilla"},"content":{"rendered":"<p class=\"ft-text\"><strong>Petar Cikusa vivi\u00f3 un aut\u00e9ntico calvario la temporada pasada<\/strong>, que inici\u00f3 con 18 a\u00f1os hasta cumplir 19 el 8 de diciembre. El talentoso central y lateral izquierdo de Bordils enlaz\u00f3 lesiones musculares y leves problemas f\u00edsicos uno tras otro que le impidieron mostrar su mejor balonmano.<\/p>\n<p class=\"ft-text\">Lo peor lleg\u00f3 a comienzos del pasado mes de <strong>febrero con una <\/strong><a class=\"ft-link ft-link--decoration\" href=\"https:\/\/www.sport.es\/es\/noticias\/barca\/balonmano\/malas-noticias-barca-petar-cikusa-114159469\" rel=\"nofollow noopener\" target=\"_blank\">rotura del ligamento peroneo astragalino anterior en el tobillo izquierdo<\/a> que lo mantuvo dos meses KO y le impidi\u00f3 recuperar la forma. Con alguna excepci\u00f3n, el canterano fue pr\u00e1cticamente inexistente hasta final de curso.<\/p>\n<p class=\"ft-text\"><strong>El club ha confiado siempre en Petar y tambi\u00e9n en su hermano gemelo Djordje<\/strong>, quien ha regresado a muy buen nivel tras su cesi\u00f3n en el Montpellier (se ha convertido en un notable especialista defensivo). Sin embargo, <a class=\"ft-link ft-link--decoration\" href=\"https:\/\/www.sport.es\/es\/noticias\/barca\/balonmano\/barca-pone-deberes-petar-cikusa-119215724\" rel=\"nofollow noopener\" target=\"_blank\">al ahora central se le pusieron deberes para el verano<\/a>.<\/p>\n<p class=\"ft-text\">Poco a poco, Petar Cikusa va recuperando la chispa y, lo m\u00e1s importante, la confianza. De hecho, su hermano y compa\u00f1ero de piso <strong>Djordje explic\u00f3 recientemente a SPORT que lo hab\u00eda visto \u00abmucho m\u00e1s maduro<\/strong> y m\u00e1s centrado de lo que esperaba. La gente hablaba tanto que hasta estaba asustado, pero est\u00e1 muy centrado e incluso es el que se encarga de hacer la comida\u00bb.<\/p>\n<p><img decoding=\"async\" src=\"https:\/\/www.europesays.com\/es\/wp-content\/uploads\/2025\/10\/b15f2980-23cc-464e-a5e4-a43f356a2384_alta-libre-aspect-ratio_default_0.jpg\" width=\"1200\" height=\"675\" alt=\"Djordje Cikusa y Petar Cikusa, en el Palau\" class=\"ft-helper-img-rd\" loading=\"lazy\" hasdataaida=\"true\"\/><\/p>\n<p class=\"ft-helper-fontColor-quaternary ft-helper-fontSize-body-S ft-helper-spacer-t-xxs\">Djordje Cikusa y Petar Cikusa, en el Palau  \/ DANI BARBEITO<\/p>\n<p class=\"ft-text\">Acostumbrado a recibir fuertes golpes cada vez que desborda como el que se llev\u00f3 en el hombro izquierdo <a class=\"ft-link ft-link--decoration\" href=\"https:\/\/www.sport.es\/es\/noticias\/barca\/balonmano\/barca-aferra-nguessan-dormir-lider-122739371\" rel=\"nofollow noopener\" target=\"_blank\">ante el Bidasoa Irun en el Palau (33-31)<\/a>, <strong>el internacional espa\u00f1ol va ganando peso y fuerza f\u00edsica muy poco a poco<\/strong> y se mostr\u00f3 feliz y otra vez con la confianza muy elevada en declaraciones a SPORT.<\/p>\n<p class=\"ft-text\"><strong>\u00abLa pasada temporada me la pas\u00e9 de lesi\u00f3n en lesi\u00f3n<\/strong>, por decirlo as\u00ed. Este a\u00f1o voy entrenamiento a entrenamiento y partido y partido. A\u00fan queda mucha temporada y lo m\u00e1s bonito es cuando est\u00e1s jugando bien. Pero bueno, se trata de seguir trabajando duro y de seguir en la din\u00e1mica del equipo\u00bb, coment\u00f3 tras la trabajada victoria blaugrana.<\/p>\n<p class=\"ft-text\">En cuanto al curso pasado, Petar Cikusa admite que la confianza \u00abno siempre puede estar al m\u00e1ximo. Me toc\u00f3 toda la temporada pasada y el principio de la actual estar un poco mal, pero ahora <strong>estoy recuperando esa confianza con el equipo y conmigo mismo<\/strong>, as\u00ed que estoy muy contento\u00bb, prosigue.<\/p>\n<p><img decoding=\"async\" src=\"https:\/\/www.europesays.com\/es\/wp-content\/uploads\/2025\/10\/4c58340b-ec40-44b4-96c3-d5b5228d4b4c_alta-libre-aspect-ratio_default_0.jpg\" width=\"1200\" height=\"675\" alt=\"Petar Cikusa, defendido por el nuevo 'Hispano' Mario Nevado\" class=\"ft-helper-img-rd\" loading=\"lazy\" hasdataaida=\"true\"\/><\/p>\n<p class=\"ft-helper-fontColor-quaternary ft-helper-fontSize-body-S ft-helper-spacer-t-xxs\">Petar Cikusa, defendido por el nuevo &#8216;Hispano&#8217; Mario Nevado  \/ DANI BARBEITO<\/p>\n<p class=\"ft-text\">Pese a las portadas deportivas y al eco medi\u00e1tico, a\u00fan es un jugador en formaci\u00f3n. <strong>\u00abAl final la gente no se da cuenta <\/strong><a class=\"ft-link ft-link--decoration\" href=\"https:\/\/www.sport.es\/es\/noticias\/barca\/balonmano\/djordje-cikusa-exhibe-mayoria-edad-95755737\" rel=\"nofollow noopener\" target=\"_blank\">de que tengo 19 a\u00f1os<\/a> y es muy complicado tener esa presi\u00f3n a mi edad. Tengo claro que siempre voy a tener presi\u00f3n, pero tengo la confianza de todos y estoy un poco m\u00e1s centrado. Por suerte me ayudan mucho el club, mis compa\u00f1eros y el staff. Yo estoy feliz\u00bb, afirma.<\/p>\n<p class=\"ft-text\">En cierto modo, las lesiones fueron en cierto modo una cura de humildad. \u00abS\u00ed, mi primera temporada nadie me conoc\u00eda y estuve un poco ah\u00ed arriba en las nubes. La verdad es que me fue todo muy bien. La pasada la gente ya me empez\u00f3 a conocer y vinieron las lesiones. <strong>\u00bfSabes? Siempre va bien tocar un poco de suelo y yo lo hice\u00bb<\/strong>, explica con madurez.<\/p>\n<p class=\"ft-text\">\u00bfY qu\u00e9 hay de las comidas en casa de los Cikusa? \u00bfEs cierto lo que dijo Djordje? \u00abBueno, <strong>cuando llegamos de entrenar es verdad que me pongo yo con la comida<\/strong>, porque la hago rapidito y me gusta. Hablamos de todo un poco. No solo de balonmano, aunque s\u00ed que comentamos de c\u00f3mo han sido los partidos, claro\u00bb, admiti\u00f3.<\/p>\n","protected":false},"excerpt":{"rendered":"Petar Cikusa vivi\u00f3 un aut\u00e9ntico calvario la temporada pasada, que inici\u00f3 con 18 a\u00f1os hasta cumplir 19 el&hellip;\n","protected":false},"author":2,"featured_media":187351,"comment_status":"","ping_status":"","sticky":false,"template":"","format":"standard","meta":{"footnotes":""},"categories":[278],"tags":[376,2296,2645,10815,47047,168,25,24,375,52644,23,167],"class_list":{"0":"post-187350","1":"post","2":"type-post","3":"status-publish","4":"format-standard","5":"has-post-thumbnail","7":"category-balonmano","8":"tag-balonmano","9":"tag-barca","10":"tag-bidasoa","11":"tag-carlos-ortega","12":"tag-cikusa","13":"tag-deportes","14":"tag-es","15":"tag-espana","16":"tag-handball","17":"tag-petar-cikusa","18":"tag-spain","19":"tag-sports"},"share_on_mastodon":{"url":"","error":""},"_links":{"self":[{"href":"https:\/\/www.europesays.com\/es\/wp-json\/wp\/v2\/posts\/187350","targetHints":{"allow":["GET"]}}],"collection":[{"href":"https:\/\/www.europesays.com\/es\/wp-json\/wp\/v2\/posts"}],"about":[{"href":"https:\/\/www.europesays.com\/es\/wp-json\/wp\/v2\/types\/post"}],"author":[{"embeddable":true,"href":"https:\/\/www.europesays.com\/es\/wp-json\/wp\/v2\/users\/2"}],"replies":[{"embeddable":true,"href":"https:\/\/www.europesays.com\/es\/wp-json\/wp\/v2\/comments?post=187350"}],"version-history":[{"count":0,"href":"https:\/\/www.europesays.com\/es\/wp-json\/wp\/v2\/posts\/187350\/revisions"}],"wp:featuredmedia":[{"embeddable":true,"href":"https:\/\/www.europesays.com\/es\/wp-json\/wp\/v2\/media\/187351"}],"wp:attachment":[{"href":"https:\/\/www.europesays.com\/es\/wp-json\/wp\/v2\/media?parent=187350"}],"wp:term":[{"taxonomy":"category","embeddable":true,"href":"https:\/\/www.europesays.com\/es\/wp-json\/wp\/v2\/categories?post=187350"},{"taxonomy":"post_tag","embeddable":true,"href":"https:\/\/www.europesays.com\/es\/wp-json\/wp\/v2\/tags?post=187350"}],"curies":[{"name":"wp","href":"https:\/\/api.w.org\/{rel}","templated":true}]}}