{"id":187363,"date":"2025-10-19T15:13:11","date_gmt":"2025-10-19T15:13:11","guid":{"rendered":"https:\/\/www.europesays.com\/es\/187363\/"},"modified":"2025-10-19T15:13:11","modified_gmt":"2025-10-19T15:13:11","slug":"euskorativos-ejemplo-de-fusion-artistica-entre-la-cultura-peruana-y-euskaldun","status":"publish","type":"post","link":"https:\/\/www.europesays.com\/es\/187363\/","title":{"rendered":"Euskorativos, ejemplo de fusi\u00f3n art\u00edstica entre la cultura peruana y euskaldun"},"content":{"rendered":"<p>\n        Si hay algo que define a <a href=\"https:\/\/www.deia.eus\/tags\/euskal-herria\/\" title=\"Euskal Herria\" class=\"link copy\" rel=\"nofollow noopener\" target=\"_blank\">Euskal Herria<\/a>, es la capacidad de su gente para<strong> convivir en una sociedad en la que confluyen diferentes culturas<\/strong>. Un ejemplo de carne y hueso es <strong>Sandy Ordinola Vargas<\/strong>. La joven nacida en Paita, Piura (Per\u00fa) el 27 de enero de 1997 estudi\u00f3 Administraci\u00f3n de Empresas en la UPV\/EHU y se dedica a pintar<strong> bolsas de tela <\/strong>a mano, que muestra en sus redes sociales: <strong>@euskorativos<\/strong>.\n<\/p>\n<p class=\"article-body__text \">\n        Desde que era peque\u00f1a en su pa\u00eds natal, a Ordinola siempre le han gustado mucho <strong>las manualidades<\/strong>. De hecho, en sus clases de arte le ense\u00f1aron a pintar en tela. \u201cCuando llegu\u00e9 a <a href=\"https:\/\/www.deia.eus\/tags\/euskadi\/\" title=\"Euskadi\" class=\"link copy\" rel=\"nofollow noopener\" target=\"_blank\">Euskadi<\/a>, me di cuenta de que mucha gente usaba bolsas de tela, as\u00ed que <strong>opt\u00e9 por combinar lo que aprend\u00ed en Per\u00fa y lo que os gusta aqu\u00ed<\/strong>\u201d, sonr\u00ede la joven creadora.\n<\/p>\n<p>  \u00a0Proceso creativo<\/p>\n<p class=\"article-body__text \">\n        Su proceso creativo de aprendizaje se remonta a su etapa en la escuela y en la ESO, donde <strong>aprendi\u00f3 a utilizar las pinturas en tela<\/strong>. Posteriormente, se instruy\u00f3 a la hora de realizar las plantillas y el sellado de la pintura en la tela. En cuanto al tiempo que invierte en llevar a cabo cada creaci\u00f3n, la joven declara que <strong>\u201cdepende del modelo\u201d<\/strong>, ya que puede tardar \u201ctreinta minutos o varias horas\u201d.\n<\/p>\n<p class=\"article-body__text \">\n        Por eso, cuando son <strong>dise\u00f1os complejos<\/strong>, lo divide en varios d\u00edas. Por otro lado, confiesa que los materiales son f\u00e1ciles de conseguir, pues utiliza unas pinturas fabricadas en el Estado de <strong>muy buena calidad<\/strong>. Lo mismo le ocurre con las bolsas, pues tiene un buen proveedor.\n<\/p>\n<p class=\"article-photo__footer\">\n            La joven tambi\u00e9n realiza monederos en su proyecto de Euskorativos.            Cedida        <\/p>\n<p>  Flores andinas y colibr\u00edes<\/p>\n<p class=\"article-body__text \">\n        \u00a0Si Sandy Ordinola tuviera que elegir la creaci\u00f3n m\u00e1s peculiar que ha hecho, de la que m\u00e1s orgullosa se siente y que m\u00e1s le ha costado, se decantar\u00eda por <strong>un bolso en espec\u00edfico<\/strong>. Se lo hizo a una amiga suya, que ahora es su socia, y tard\u00f3 una semana en hacerlo por <strong>los detalles<\/strong>. Est\u00e1 inspirado en <strong>el bordado de la cultura Huanca (Per\u00fa), donde se destacan las flores andinas y los colibr\u00edes<\/strong>.\n<\/p>\n<p class=\"article-photo__footer\">\n            Los colibr\u00edes y las flores andinas destacan en sus creaciones.            Cedida        <\/p>\n<p class=\"article-body__text \">\n        Como <strong>an\u00e9cdota<\/strong>, la joven nos cuenta que al participar en <strong>su primera feria en la plaza de <\/strong><a href=\"https:\/\/www.deia.eus\/kostaldea\/ondarroa\/\" title=\"Ondarroa\" class=\"link copy\" rel=\"nofollow noopener\" target=\"_blank\"><strong>Ondarroa<\/strong><\/a>, llev\u00f3 una colecci\u00f3n inspirada en su pa\u00eds. Pens\u00f3 que las bolsas que ten\u00edan un poco m\u00e1s de dificultad en el dise\u00f1o ser\u00edan las primeras en venderse, pero no fue as\u00ed. \u201cLas primeras bolsas que se vendieron fueron las que ten\u00edan alguna frase o <strong>simplemente en las que pon\u00eda \u2018Per\u00fa<\/strong>\u201d, explica. Aparte de quedarse para ella como una an\u00e9cdota curiosa, le ayud\u00f3 a poder realizar la segunda colecci\u00f3n, tambi\u00e9n<strong> inspirada en su pa\u00eds<\/strong>.\u00a0\n<\/p>\n<p class=\"article-photo__footer\">\n            La joven ha montado una asesor\u00eda para ayudar a personas migrantes.            Cedida        <\/p>\n<p>  Su propia tienda<\/p>\n<p class=\"article-body__text \">\n        \u00a0La joven artesana les aconseja a todas aquellas personas que quieran empezar a realizar este tipo de creaciones: \u201cHay que lanzarse y probar, porque<strong> en el camino te van surgiendo oportunidades<\/strong>\u201d. Ella empez\u00f3 con sus bolsas de tela mientras estudiaba en la universidad. Luego, <strong>mont\u00f3 su asesor\u00eda para personas migrantes<\/strong> junto con su socia y ahora est\u00e1 a punto de inaugurar <strong>una tienda de perfumer\u00eda y cosm\u00e9tica<\/strong>. All\u00ed, exhibir\u00e1 sus creaciones, <strong>\u201cya en un ambiente a pie de calle\u201d<\/strong>. Situada en Ondarroa, el nombre de la tienda es Lil\u00ede.\n<\/p>\n<p><strong>Lil\u00ede<\/strong><\/p>\n<p>La<strong> tienda<\/strong> de Sandy Ordinola est\u00e1 ubicada en la calle San Ignacio, n\u00famero 6-bajo de <strong>Ondarroa<\/strong>. Dedicada a <strong>la belleza, las fragancias, la cosm\u00e9tica y el cuidado personal<\/strong>, su nombre es<strong> Lil\u00ede<\/strong>. Entre sus productos, encontramos <strong>perfumes, velas arom\u00e1ticas y de miel, mikados e inciensos naturales<\/strong>. <\/p>\n<p>De ellos, destaca <strong>la colonia ancestral<\/strong>. Con base alcoh\u00f3lica y aceites esenciales, como lavanda, c\u00edtricos y clavo, es utilizada desde hace siglos en <strong>pr\u00e1cticas espirituales y de sanaci\u00f3n<\/strong>.<\/p>\n<p>  \u201cTodo llega a su tiempo\u201d<\/p>\n<p class=\"article-body__text \">\n        Para Ordinola, es muy gratificante ver el avance,<strong> \u201cpero todo llega a su tiempo\u201d<\/strong>. De hecho, confiesa que su carrera universitaria\u00a0le ha ense\u00f1ado mucho y ha ido implementando este<strong> aprendizaje<\/strong> en su emprendimiento: desde el nombre <strong>Euskorativos<\/strong> hasta los colores, l\u00ednea gr\u00e1fica y costes, algo \u201cesencial\u201d. Incide tambi\u00e9n en que es muy importante tener <strong>asesoramiento con profesionales<\/strong>, en caso de no tener conocimiento sobre negocios, c\u00f3mo funciona Hacienda, etc.\u00a0\n<\/p>\n<p class=\"article-body__text \">\n        \u201cEl hecho de poder vender mis bolsas en un local a pie de calle, <strong>y que el local sea una tienda m\u00eda<\/strong>, tambi\u00e9n es algo que no pens\u00e9 que pasar\u00eda. <strong>Ha sido muy sacrificado, pero se ha vuelto realidad<\/strong>\u201d, concluye la joven.\u00a0\n<\/p>\n<p>  Del lienzo en tela a una vitrina digital\u00a0<\/p>\n<p class=\"article-body__text \">\n        La pintora de bolsas de tela Sandy Ordinola cree definitivamente que <strong>las redes sociales<\/strong> han sido<strong> una vitrina<\/strong> para sus productos. Y es que a trav\u00e9s de ellas, ha podido conseguir clientes y mostrar lo que hace.\n<\/p>\n<p class=\"article-photo__footer\">\n            Ordinola tambi\u00e9n pinta bolsas de merienda.            Cedida        <\/p>\n<p class=\"article-body__text \">\n        Por eso y, si tuviera que vivir un d\u00eda a d\u00eda sin redes, considera que<strong> \u201cser\u00eda complicado\u201d<\/strong> lanzarse al 100%, ya que los gastos de alquiler, los servicios y etc no le permitir\u00edan ser rentable. Actualmente cuenta con m\u00e1s de 200 seguidores en su cuenta de Instagram. \u201cEs un n\u00famero muy bajo, pero <strong>me ha permitido seguir en pie<\/strong>. Cada colecci\u00f3n que hago <strong>la hago con cari\u00f1o <\/strong>y pensando en las necesidades que puedan surgir. Adem\u00e1s de bolsas de tela, tambi\u00e9n hago <strong>monederos y bolsas de merienda para los peque\u00f1os<\/strong>. Todo es personalizado y no encontrar\u00e1s la misma bolsa dos veces\u201d, expresa la joven.<\/p>\n","protected":false},"excerpt":{"rendered":"Si hay algo que define a Euskal Herria, es la capacidad de su gente para convivir en una&hellip;\n","protected":false},"author":2,"featured_media":187364,"comment_status":"","ping_status":"","sticky":false,"template":"","format":"standard","meta":{"footnotes":""},"categories":[173],"tags":[229,233,52647,1840,231,230,31012,232,234,146,147,25,24,21700,52648,23],"class_list":{"0":"post-187363","1":"post","2":"type-post","3":"status-publish","4":"format-standard","5":"has-post-thumbnail","7":"category-arte-y-diseno","8":"tag-arte","9":"tag-arte-y-diseno","10":"tag-artesnal","11":"tag-artistica","12":"tag-arts","13":"tag-arts-and-design","14":"tag-complementos","15":"tag-design","16":"tag-diseno","17":"tag-entertainment","18":"tag-entretenimiento","19":"tag-es","20":"tag-espana","21":"tag-fusion","22":"tag-sandy-ordinola","23":"tag-spain"},"share_on_mastodon":{"url":"","error":""},"_links":{"self":[{"href":"https:\/\/www.europesays.com\/es\/wp-json\/wp\/v2\/posts\/187363","targetHints":{"allow":["GET"]}}],"collection":[{"href":"https:\/\/www.europesays.com\/es\/wp-json\/wp\/v2\/posts"}],"about":[{"href":"https:\/\/www.europesays.com\/es\/wp-json\/wp\/v2\/types\/post"}],"author":[{"embeddable":true,"href":"https:\/\/www.europesays.com\/es\/wp-json\/wp\/v2\/users\/2"}],"replies":[{"embeddable":true,"href":"https:\/\/www.europesays.com\/es\/wp-json\/wp\/v2\/comments?post=187363"}],"version-history":[{"count":0,"href":"https:\/\/www.europesays.com\/es\/wp-json\/wp\/v2\/posts\/187363\/revisions"}],"wp:featuredmedia":[{"embeddable":true,"href":"https:\/\/www.europesays.com\/es\/wp-json\/wp\/v2\/media\/187364"}],"wp:attachment":[{"href":"https:\/\/www.europesays.com\/es\/wp-json\/wp\/v2\/media?parent=187363"}],"wp:term":[{"taxonomy":"category","embeddable":true,"href":"https:\/\/www.europesays.com\/es\/wp-json\/wp\/v2\/categories?post=187363"},{"taxonomy":"post_tag","embeddable":true,"href":"https:\/\/www.europesays.com\/es\/wp-json\/wp\/v2\/tags?post=187363"}],"curies":[{"name":"wp","href":"https:\/\/api.w.org\/{rel}","templated":true}]}}