{"id":187365,"date":"2025-10-19T15:14:15","date_gmt":"2025-10-19T15:14:15","guid":{"rendered":"https:\/\/www.europesays.com\/es\/187365\/"},"modified":"2025-10-19T15:14:15","modified_gmt":"2025-10-19T15:14:15","slug":"la-historia-completa-del-cinturon-de-hierro","status":"publish","type":"post","link":"https:\/\/www.europesays.com\/es\/187365\/","title":{"rendered":"La historia completa del Cintur\u00f3n de Hierro"},"content":{"rendered":"<p>\n        Hay dos proyectos historiogr\u00e1ficos que han marcado la vida de <strong>Aitor Mi\u00f1ambres<\/strong>. Uno es el Museo Memorial del Cintur\u00f3n de Hierro, un espacio dedicado a la divulgaci\u00f3n hist\u00f3rica de la Guerra Civil en el coraz\u00f3n de Berango, y otro es la publicaci\u00f3n de <strong>un libro que recopila la historia completa <\/strong>del <a href=\"https:\/\/www.deia.eus\/tags\/cinturon-de-hierro\/\" title=\"Cintur\u00f3n de Hierro\" class=\"link copy\" rel=\"nofollow noopener\" target=\"_blank\">Cintur\u00f3n de Hierro<\/a> de Bilbao, el entramado defensivo de 80 kil\u00f3metros de longitud dise\u00f1ado para proteger Bilbao que se extend\u00eda desde Zierbena hasta Berango.\n<\/p>\n<p class=\"article-body__text \">\n        La obra, titulada <strong>El Cintur\u00f3n de Hierro, ayer y hoy<\/strong>. Historia completa de las defensas de Bilbao (Editorial Galland Books), se complementa con otras anteriormente publicadas por el autor sobre la misma tem\u00e1tica y que culmina muchos a\u00f1os de investigaci\u00f3n con un an\u00e1lisis pormenorizado que repasa d<strong>esde los inicios de la construcci\u00f3n de la l\u00ednea defensiva hasta su ca\u00edda durante la batalla final por Bilbao<\/strong>.\n<\/p>\n<p class=\"article-body__text \">\n        El inter\u00e9s de Mi\u00f1ambres por la contienda b\u00e9lica y el Cintur\u00f3n de Hierro se remonta a cuando ten\u00eda 13 a\u00f1os. Siendo un adolescente, empez\u00f3 a analizar documentos, fotograf\u00edas y testimonios que le han permitido construir un relato definitivo sobre el sistema de fortificaciones. A pesar de contar con una extensa trayectoria investigadora a sus espaldas, es \u201cla obra m\u00e1s ambiciosa\u201d a la que se ha enfrentado. Y es que, desde el principio, <strong>su objetivo ha sido constituir \u201cun relato riguroso, completo y concluyente\u201d que ofrece todas las claves y respuestas que rodean a este emblem\u00e1tico episodio<\/strong> de la Guerra Civil en Euskadi que, posiblemente, es el que despierta m\u00e1s inter\u00e9s junto al bombardeo de Gernika.\n<\/p>\n<p class=\"article-photo__footer\">\n            Portada del libro que recopila toda la historia del Cintur\u00f3n de Hierro.            A.M.        <\/p>\n<p class=\"article-body__text \">\n        El libro<strong> ofrece episodios llenos de dramatismo, heroicidad y espionaje<\/strong>. Precisamente, uno de los momentos m\u00e1s tr\u00e1gicos se produjo entre los d\u00edas 11 y 12 de junio de 1938, cuando las tropas sublevadas rompieron la l\u00ednea defensiva. \u201c<strong>La defensa de Bizkaia se llev\u00f3 a cabo de la manera m\u00e1s sensata posible, pero partiendo de cero<\/strong>. La falta de mandos profesionales, la escasez de armamento moderno, la ausencia de aviaci\u00f3n y la deslealtad de personas con responsabilidad en dicha defensa fueron claves en la p\u00e9rdida de <a href=\"https:\/\/www.deia.eus\/bilbao\/\" title=\"Bilbao\" class=\"link copy\" rel=\"nofollow noopener\" target=\"_blank\">Bilbao<\/a>. Aun as\u00ed, el avance del ej\u00e9rcito franquista, muy superior, fue muy lento debido a la gran resistencia de gudaris y milicianos\u201d, explica Mi\u00f1ambres.\n<\/p>\n<p class=\"article-body__text \">\n        Una tragedia humana que alcanz\u00f3 a toda la sociedad vasca, tanto a los combatientes como a los civiles. \u201cLa movilizaci\u00f3n de j\u00f3venes fue masiva, con un alto n\u00famero de bajas mortales en el frente de guerra, superior a lo esperado y tambi\u00e9n a lo conocido hasta la fecha en conflictos anteriores sufridos en Euskadi\u201d, relata. Como tambi\u00e9n fueron masivos \u201clos bombardeos a\u00e9reos sobre la poblaci\u00f3n civil, la escasez de alimentos, las evacuaciones de ni\u00f1os y ni\u00f1as y la represi\u00f3n sufrida tras la ca\u00edda de Bilbao\u201d, a\u00f1ade. Un drama humano que dej\u00f3 una profunda huella en la sociedad vasca.\n<\/p>\n<p class=\"article-body__text \">\n        Sobre esta l\u00ednea, <strong>este \u00faltimo libro forma parte de un conjunto de cinco publicaciones<\/strong>, pero que se pueden leer por separado. Las dos primeras conforman un amplio cap\u00edtulo dedicado al concepto y construcci\u00f3n del Cintur\u00f3n, mientras que la tercera aborda la tipolog\u00eda de sus fortificaciones y la cuarta la batalla hasta su rotura. Esta \u00faltima parte, que incluye un reportaje fotogr\u00e1fico de \u00d3scar Gonz\u00e1lez, permite conocer los vestigios del Cintur\u00f3n que se conservan hoy en d\u00eda a lo largo de todo su per\u00edmetro por una treintena de municipios. Lugares donde se pueden encontrar trincheras, nidos de ametralladora, conjuntos fortificados, refugios, muros aspillerados y otra suerte de fortines.<strong> Como broche final, se ofrecen las biograf\u00edas de las personas m\u00e1s relevantes en la construcci\u00f3n del Cintur\u00f3n<\/strong>, \u201calgunas de las cuales son descubiertas por primera vez para el lector, ya que hasta la fecha no formaban parte del relato por desconocerse su existencia\u201d, concluye.<\/p>\n","protected":false},"excerpt":{"rendered":"Hay dos proyectos historiogr\u00e1ficos que han marcado la vida de Aitor Mi\u00f1ambres. Uno es el Museo Memorial del&hellip;\n","protected":false},"author":2,"featured_media":187366,"comment_status":"","ping_status":"","sticky":false,"template":"","format":"standard","meta":{"footnotes":""},"categories":[172],"tags":[224,1425,2804,9781,3008,146,147,25,24,69,1854,448,225,23],"class_list":{"0":"post-187365","1":"post","2":"type-post","3":"status-publish","4":"format-standard","5":"has-post-thumbnail","7":"category-libros","8":"tag-books","9":"tag-cinturon","10":"tag-civil","11":"tag-completa","12":"tag-de","13":"tag-entertainment","14":"tag-entretenimiento","15":"tag-es","16":"tag-espana","17":"tag-guerra","18":"tag-hierro","19":"tag-historia","20":"tag-libros","21":"tag-spain"},"share_on_mastodon":{"url":"","error":""},"_links":{"self":[{"href":"https:\/\/www.europesays.com\/es\/wp-json\/wp\/v2\/posts\/187365","targetHints":{"allow":["GET"]}}],"collection":[{"href":"https:\/\/www.europesays.com\/es\/wp-json\/wp\/v2\/posts"}],"about":[{"href":"https:\/\/www.europesays.com\/es\/wp-json\/wp\/v2\/types\/post"}],"author":[{"embeddable":true,"href":"https:\/\/www.europesays.com\/es\/wp-json\/wp\/v2\/users\/2"}],"replies":[{"embeddable":true,"href":"https:\/\/www.europesays.com\/es\/wp-json\/wp\/v2\/comments?post=187365"}],"version-history":[{"count":0,"href":"https:\/\/www.europesays.com\/es\/wp-json\/wp\/v2\/posts\/187365\/revisions"}],"wp:featuredmedia":[{"embeddable":true,"href":"https:\/\/www.europesays.com\/es\/wp-json\/wp\/v2\/media\/187366"}],"wp:attachment":[{"href":"https:\/\/www.europesays.com\/es\/wp-json\/wp\/v2\/media?parent=187365"}],"wp:term":[{"taxonomy":"category","embeddable":true,"href":"https:\/\/www.europesays.com\/es\/wp-json\/wp\/v2\/categories?post=187365"},{"taxonomy":"post_tag","embeddable":true,"href":"https:\/\/www.europesays.com\/es\/wp-json\/wp\/v2\/tags?post=187365"}],"curies":[{"name":"wp","href":"https:\/\/api.w.org\/{rel}","templated":true}]}}